{"id":133222,"date":"2024-03-11T13:40:20","date_gmt":"2024-03-11T12:40:20","guid":{"rendered":"https:\/\/marieclaire.be\/fr\/?p=133222"},"modified":"2024-03-11T13:53:16","modified_gmt":"2024-03-11T12:53:16","slug":"film-anatomie-chute-justine-priet","status":"publish","type":"post","link":"https:\/\/marieclaire.be\/fr\/film-anatomie-chute-justine-priet\/","title":{"rendered":"&#8220;Anatomie d&#8217;une chute&#8221;, le film multi-r\u00e9compens\u00e9 de Justine Triet d\u00e9croche un Oscar"},"content":{"rendered":"","protected":false},"excerpt":{"rendered":"R\u00e9compens\u00e9 par la Palme d&#8217;or \u00e0 Cannes en mai 2023 et honor\u00e9 aux Golden Globes en tant que Meilleur film en langue \u00e9trang\u00e8re et Meilleur sc\u00e9nario, le quatri\u00e8me long m\u00e9trage de Justine Triet, \u00e9galement nomm\u00e9 cinq fois aux Oscars, r\u00e9invente le genre du film de proc\u00e8s.","protected":false},"author":30,"featured_media":133224,"comment_status":"closed","ping_status":"closed","sticky":false,"template":"","format":"standard","meta":{"_acf_changed":false,"footnotes":""},"categories":[26,67],"tags":[92,90],"class_list":["post-133222","post","type-post","status-publish","format-standard","has-post-thumbnail","hentry","category-culture","category-lifestyle","tag-cinema","tag-film"],"acf":[],"_yoast_wpseo_title":null,"_yoast_wpseo_metadesc":"Multi-r\u00e9compens\u00e9, \"Anatomie d'une chute\", le quatri\u00e8me long m\u00e9trage de Justine Triet, d\u00e9croche l'Oscar du meilleur sc\u00e9nario original.","image_verticale":"133223","yoast_head":"<!-- This site is optimized with the Yoast SEO plugin v27.3 - https:\/\/yoast.com\/product\/yoast-seo-wordpress\/ -->\n<title>&quot;Anatomie d&#039;une chute&quot;, le film multi-r\u00e9compens\u00e9 de Justine Triet d\u00e9croche un Oscar - Marie Claire Belgique<\/title>\n<meta name=\"description\" content=\"Multi-r\u00e9compens\u00e9, &quot;Anatomie d&#039;une chute&quot;, le quatri\u00e8me long m\u00e9trage de Justine Triet, d\u00e9croche l&#039;Oscar du meilleur sc\u00e9nario original.\" \/>\n<meta name=\"robots\" content=\"index, follow, max-snippet:-1, max-image-preview:large, max-video-preview:-1\" \/>\n<link rel=\"canonical\" href=\"https:\/\/www.marieclaire.fr\/anatomie-d-une-chute,1458351.asp\" \/>\n<link rel=\"next\" href=\"https:\/\/marieclaire.be\/fr\/film-anatomie-chute-justine-priet\/2\/\" \/>\n<meta property=\"og:locale\" content=\"fr_FR\" \/>\n<meta property=\"og:type\" content=\"article\" \/>\n<meta property=\"og:title\" content=\"&quot;Anatomie d&#039;une chute&quot;, le film multi-r\u00e9compens\u00e9 de Justine Triet d\u00e9croche un Oscar - Marie Claire Belgique\" \/>\n<meta property=\"og:description\" content=\"Multi-r\u00e9compens\u00e9, &quot;Anatomie d&#039;une chute&quot;, le quatri\u00e8me long m\u00e9trage de Justine Triet, d\u00e9croche l&#039;Oscar du meilleur sc\u00e9nario original.\" \/>\n<meta property=\"og:url\" content=\"https:\/\/www.marieclaire.fr\/anatomie-d-une-chute,1458351.asp\" \/>\n<meta property=\"og:site_name\" content=\"Marie Claire Belgique\" \/>\n<meta property=\"article:publisher\" content=\"https:\/\/www.facebook.com\/MarieClaire.Belgique\/\" \/>\n<meta property=\"article:published_time\" content=\"2024-03-11T12:40:20+00:00\" \/>\n<meta property=\"article:modified_time\" content=\"2024-03-11T12:53:16+00:00\" \/>\n<meta property=\"og:image\" content=\"https:\/\/marieclaire.be\/fr\/wp-content\/uploads\/2024\/01\/justine-priet.png\" \/>\n\t<meta property=\"og:image:width\" content=\"1200\" \/>\n\t<meta property=\"og:image:height\" content=\"628\" \/>\n\t<meta property=\"og:image:type\" content=\"image\/png\" \/>\n<meta name=\"author\" content=\"Malvine Sevrin\" \/>\n<meta name=\"twitter:label1\" content=\"\u00c9crit par\" \/>\n\t<meta name=\"twitter:data1\" content=\"Malvine Sevrin\" \/>\n\t<meta name=\"twitter:label2\" content=\"Dur\u00e9e de lecture estim\u00e9e\" \/>\n\t<meta name=\"twitter:data2\" content=\"3 minutes\" \/>\n<script type=\"application\/ld+json\" class=\"yoast-schema-graph\">{\"@context\":\"https:\\\/\\\/schema.org\",\"@graph\":[{\"@type\":\"NewsArticle\",\"@id\":\"https:\\\/\\\/www.marieclaire.fr\\\/anatomie-d-une-chute%2c1458351.asp#article\",\"isPartOf\":{\"@id\":\"https:\\\/\\\/marieclaire.be\\\/fr\\\/film-anatomie-chute-justine-priet\\\/\"},\"author\":{\"name\":\"Malvine Sevrin\",\"@id\":\"https:\\\/\\\/marieclaire.be\\\/fr\\\/#\\\/schema\\\/person\\\/c71bd7a8c3e622513c7531a39292a34e\"},\"headline\":\"&#8220;Anatomie d&#8217;une chute&#8221;, le film multi-r\u00e9compens\u00e9 de Justine Triet d\u00e9croche un Oscar\",\"datePublished\":\"2024-03-11T12:40:20+00:00\",\"dateModified\":\"2024-03-11T12:53:16+00:00\",\"mainEntityOfPage\":{\"@id\":\"https:\\\/\\\/marieclaire.be\\\/fr\\\/film-anatomie-chute-justine-priet\\\/\"},\"wordCount\":599,\"publisher\":{\"@id\":\"https:\\\/\\\/marieclaire.be\\\/fr\\\/#organization\"},\"image\":{\"@id\":\"https:\\\/\\\/www.marieclaire.fr\\\/anatomie-d-une-chute%2c1458351.asp#primaryimage\"},\"thumbnailUrl\":\"https:\\\/\\\/marieclaire.be\\\/fr\\\/wp-content\\\/uploads\\\/2024\\\/01\\\/justine-priet.png\",\"keywords\":[\"cin\u00e9ma\",\"film\"],\"articleSection\":[\"Culture\",\"Lifestyle\"],\"inLanguage\":\"fr-FR\"},{\"@type\":\"WebPage\",\"@id\":\"https:\\\/\\\/marieclaire.be\\\/fr\\\/film-anatomie-chute-justine-priet\\\/\",\"url\":\"https:\\\/\\\/www.marieclaire.fr\\\/anatomie-d-une-chute%2c1458351.asp\",\"name\":\"\\\"Anatomie d'une chute\\\", le film multi-r\u00e9compens\u00e9 de Justine Triet d\u00e9croche un Oscar - Marie Claire Belgique\",\"isPartOf\":{\"@id\":\"https:\\\/\\\/marieclaire.be\\\/fr\\\/#website\"},\"primaryImageOfPage\":{\"@id\":\"https:\\\/\\\/www.marieclaire.fr\\\/anatomie-d-une-chute%2c1458351.asp#primaryimage\"},\"image\":{\"@id\":\"https:\\\/\\\/www.marieclaire.fr\\\/anatomie-d-une-chute%2c1458351.asp#primaryimage\"},\"thumbnailUrl\":\"https:\\\/\\\/marieclaire.be\\\/fr\\\/wp-content\\\/uploads\\\/2024\\\/01\\\/justine-priet.png\",\"datePublished\":\"2024-03-11T12:40:20+00:00\",\"dateModified\":\"2024-03-11T12:53:16+00:00\",\"description\":\"Multi-r\u00e9compens\u00e9, \\\"Anatomie d'une chute\\\", le quatri\u00e8me long m\u00e9trage de Justine Triet, d\u00e9croche l'Oscar du meilleur sc\u00e9nario original.\",\"inLanguage\":\"fr-FR\",\"potentialAction\":[{\"@type\":\"ReadAction\",\"target\":[\"https:\\\/\\\/www.marieclaire.fr\\\/anatomie-d-une-chute%2c1458351.asp\"]}]},{\"@type\":\"ImageObject\",\"inLanguage\":\"fr-FR\",\"@id\":\"https:\\\/\\\/www.marieclaire.fr\\\/anatomie-d-une-chute%2c1458351.asp#primaryimage\",\"url\":\"https:\\\/\\\/marieclaire.be\\\/fr\\\/wp-content\\\/uploads\\\/2024\\\/01\\\/justine-priet.png\",\"contentUrl\":\"https:\\\/\\\/marieclaire.be\\\/fr\\\/wp-content\\\/uploads\\\/2024\\\/01\\\/justine-priet.png\",\"width\":1200,\"height\":628,\"caption\":\"Les Films Pell\u00e9as\"},{\"@type\":\"WebSite\",\"@id\":\"https:\\\/\\\/marieclaire.be\\\/fr\\\/#website\",\"url\":\"https:\\\/\\\/marieclaire.be\\\/fr\\\/\",\"name\":\"Marie Claire Belgique\",\"description\":\"Marie Claire Belgique, le magazine du style et de l\u2019intelligence qui parle de mode, des tendances, de la beaut\u00e9, de l\u2019actualit\u00e9 et de la culture\",\"publisher\":{\"@id\":\"https:\\\/\\\/marieclaire.be\\\/fr\\\/#organization\"},\"potentialAction\":[{\"@type\":\"SearchAction\",\"target\":{\"@type\":\"EntryPoint\",\"urlTemplate\":\"https:\\\/\\\/marieclaire.be\\\/fr\\\/?s={search_term_string}\"},\"query-input\":{\"@type\":\"PropertyValueSpecification\",\"valueRequired\":true,\"valueName\":\"search_term_string\"}}],\"inLanguage\":\"fr-FR\"},{\"@type\":\"Organization\",\"@id\":\"https:\\\/\\\/marieclaire.be\\\/fr\\\/#organization\",\"name\":\"Marie Claire\",\"url\":\"https:\\\/\\\/marieclaire.be\\\/fr\\\/\",\"logo\":{\"@type\":\"ImageObject\",\"inLanguage\":\"fr-FR\",\"@id\":\"https:\\\/\\\/marieclaire.be\\\/fr\\\/#\\\/schema\\\/logo\\\/image\\\/\",\"url\":\"https:\\\/\\\/marieclaire.be\\\/fr\\\/wp-content\\\/uploads\\\/2018\\\/05\\\/mc-logo2.png\",\"contentUrl\":\"https:\\\/\\\/marieclaire.be\\\/fr\\\/wp-content\\\/uploads\\\/2018\\\/05\\\/mc-logo2.png\",\"width\":1001,\"height\":189,\"caption\":\"Marie Claire\"},\"image\":{\"@id\":\"https:\\\/\\\/marieclaire.be\\\/fr\\\/#\\\/schema\\\/logo\\\/image\\\/\"},\"sameAs\":[\"https:\\\/\\\/www.facebook.com\\\/MarieClaire.Belgique\\\/\",\"https:\\\/\\\/www.instagram.com\\\/marieclaire_belgique\\\/\",\"https:\\\/\\\/fr.pinterest.com\\\/marieclairebe\\\/\",\"https:\\\/\\\/www.youtube.com\\\/user\\\/BelgiumMarieClaire\"]},{\"@type\":\"Person\",\"@id\":\"https:\\\/\\\/marieclaire.be\\\/fr\\\/#\\\/schema\\\/person\\\/c71bd7a8c3e622513c7531a39292a34e\",\"name\":\"Malvine Sevrin\",\"image\":{\"@type\":\"ImageObject\",\"inLanguage\":\"fr-FR\",\"@id\":\"https:\\\/\\\/marieclaire.be\\\/fr\\\/wp-content\\\/uploads\\\/2017\\\/05\\\/capture-decran-2024-02-13-a-145920-96x96.png\",\"url\":\"https:\\\/\\\/marieclaire.be\\\/fr\\\/wp-content\\\/uploads\\\/2017\\\/05\\\/capture-decran-2024-02-13-a-145920-96x96.png\",\"contentUrl\":\"https:\\\/\\\/marieclaire.be\\\/fr\\\/wp-content\\\/uploads\\\/2017\\\/05\\\/capture-decran-2024-02-13-a-145920-96x96.png\",\"caption\":\"Malvine Sevrin\"},\"description\":\"Des podiums parisiens aux derni\u00e8res nouveaut\u00e9s skincare qui enflamment TikTok, je d\u00e9crypte les tendances pour Marie Claire Belgique. Passionn\u00e9e de voyage, de mode et de beaut\u00e9, je partage mes coups de coeur d\u00e9nich\u00e9s aux quatre coins du globe. En tant que r\u00e9dactrice en chef digital, j'ai \u00e9galement \u00e0 coeur de mettre en lumi\u00e8re les histoires inspirantes de femmes \u00e0 travers notre site et sur nos r\u00e9seaux sociaux.\",\"sameAs\":[\"https:\\\/\\\/www.instagram.com\\\/malvinesev\\\/\"],\"url\":\"https:\\\/\\\/marieclaire.be\\\/fr\\\/author\\\/malvine\\\/\"}]}<\/script>\n<!-- \/ Yoast SEO plugin. -->","yoast_head_json":{"title":"\"Anatomie d'une chute\", le film multi-r\u00e9compens\u00e9 de Justine Triet d\u00e9croche un Oscar - Marie Claire Belgique","description":"Multi-r\u00e9compens\u00e9, \"Anatomie d'une chute\", le quatri\u00e8me long m\u00e9trage de Justine Triet, d\u00e9croche l'Oscar du meilleur sc\u00e9nario original.","robots":{"index":"index","follow":"follow","max-snippet":"max-snippet:-1","max-image-preview":"max-image-preview:large","max-video-preview":"max-video-preview:-1"},"canonical":"https:\/\/www.marieclaire.fr\/anatomie-d-une-chute,1458351.asp","next":"https:\/\/marieclaire.be\/fr\/film-anatomie-chute-justine-priet\/2\/","og_locale":"fr_FR","og_type":"article","og_title":"\"Anatomie d'une chute\", le film multi-r\u00e9compens\u00e9 de Justine Triet d\u00e9croche un Oscar - Marie Claire Belgique","og_description":"Multi-r\u00e9compens\u00e9, \"Anatomie d'une chute\", le quatri\u00e8me long m\u00e9trage de Justine Triet, d\u00e9croche l'Oscar du meilleur sc\u00e9nario original.","og_url":"https:\/\/www.marieclaire.fr\/anatomie-d-une-chute,1458351.asp","og_site_name":"Marie Claire Belgique","article_publisher":"https:\/\/www.facebook.com\/MarieClaire.Belgique\/","article_published_time":"2024-03-11T12:40:20+00:00","article_modified_time":"2024-03-11T12:53:16+00:00","og_image":[{"width":1200,"height":628,"url":"https:\/\/marieclaire.be\/fr\/wp-content\/uploads\/2024\/01\/justine-priet.png","type":"image\/png"}],"author":"Malvine Sevrin","twitter_misc":{"\u00c9crit par":"Malvine Sevrin","Dur\u00e9e de lecture estim\u00e9e":"3 minutes"},"schema":{"@context":"https:\/\/schema.org","@graph":[{"@type":"NewsArticle","@id":"https:\/\/www.marieclaire.fr\/anatomie-d-une-chute%2c1458351.asp#article","isPartOf":{"@id":"https:\/\/marieclaire.be\/fr\/film-anatomie-chute-justine-priet\/"},"author":{"name":"Malvine Sevrin","@id":"https:\/\/marieclaire.be\/fr\/#\/schema\/person\/c71bd7a8c3e622513c7531a39292a34e"},"headline":"&#8220;Anatomie d&#8217;une chute&#8221;, le film multi-r\u00e9compens\u00e9 de Justine Triet d\u00e9croche un Oscar","datePublished":"2024-03-11T12:40:20+00:00","dateModified":"2024-03-11T12:53:16+00:00","mainEntityOfPage":{"@id":"https:\/\/marieclaire.be\/fr\/film-anatomie-chute-justine-priet\/"},"wordCount":599,"publisher":{"@id":"https:\/\/marieclaire.be\/fr\/#organization"},"image":{"@id":"https:\/\/www.marieclaire.fr\/anatomie-d-une-chute%2c1458351.asp#primaryimage"},"thumbnailUrl":"https:\/\/marieclaire.be\/fr\/wp-content\/uploads\/2024\/01\/justine-priet.png","keywords":["cin\u00e9ma","film"],"articleSection":["Culture","Lifestyle"],"inLanguage":"fr-FR"},{"@type":"WebPage","@id":"https:\/\/marieclaire.be\/fr\/film-anatomie-chute-justine-priet\/","url":"https:\/\/www.marieclaire.fr\/anatomie-d-une-chute%2c1458351.asp","name":"\"Anatomie d'une chute\", le film multi-r\u00e9compens\u00e9 de Justine Triet d\u00e9croche un Oscar - Marie Claire Belgique","isPartOf":{"@id":"https:\/\/marieclaire.be\/fr\/#website"},"primaryImageOfPage":{"@id":"https:\/\/www.marieclaire.fr\/anatomie-d-une-chute%2c1458351.asp#primaryimage"},"image":{"@id":"https:\/\/www.marieclaire.fr\/anatomie-d-une-chute%2c1458351.asp#primaryimage"},"thumbnailUrl":"https:\/\/marieclaire.be\/fr\/wp-content\/uploads\/2024\/01\/justine-priet.png","datePublished":"2024-03-11T12:40:20+00:00","dateModified":"2024-03-11T12:53:16+00:00","description":"Multi-r\u00e9compens\u00e9, \"Anatomie d'une chute\", le quatri\u00e8me long m\u00e9trage de Justine Triet, d\u00e9croche l'Oscar du meilleur sc\u00e9nario original.","inLanguage":"fr-FR","potentialAction":[{"@type":"ReadAction","target":["https:\/\/www.marieclaire.fr\/anatomie-d-une-chute%2c1458351.asp"]}]},{"@type":"ImageObject","inLanguage":"fr-FR","@id":"https:\/\/www.marieclaire.fr\/anatomie-d-une-chute%2c1458351.asp#primaryimage","url":"https:\/\/marieclaire.be\/fr\/wp-content\/uploads\/2024\/01\/justine-priet.png","contentUrl":"https:\/\/marieclaire.be\/fr\/wp-content\/uploads\/2024\/01\/justine-priet.png","width":1200,"height":628,"caption":"Les Films Pell\u00e9as"},{"@type":"WebSite","@id":"https:\/\/marieclaire.be\/fr\/#website","url":"https:\/\/marieclaire.be\/fr\/","name":"Marie Claire Belgique","description":"Marie Claire Belgique, le magazine du style et de l\u2019intelligence qui parle de mode, des tendances, de la beaut\u00e9, de l\u2019actualit\u00e9 et de la culture","publisher":{"@id":"https:\/\/marieclaire.be\/fr\/#organization"},"potentialAction":[{"@type":"SearchAction","target":{"@type":"EntryPoint","urlTemplate":"https:\/\/marieclaire.be\/fr\/?s={search_term_string}"},"query-input":{"@type":"PropertyValueSpecification","valueRequired":true,"valueName":"search_term_string"}}],"inLanguage":"fr-FR"},{"@type":"Organization","@id":"https:\/\/marieclaire.be\/fr\/#organization","name":"Marie Claire","url":"https:\/\/marieclaire.be\/fr\/","logo":{"@type":"ImageObject","inLanguage":"fr-FR","@id":"https:\/\/marieclaire.be\/fr\/#\/schema\/logo\/image\/","url":"https:\/\/marieclaire.be\/fr\/wp-content\/uploads\/2018\/05\/mc-logo2.png","contentUrl":"https:\/\/marieclaire.be\/fr\/wp-content\/uploads\/2018\/05\/mc-logo2.png","width":1001,"height":189,"caption":"Marie Claire"},"image":{"@id":"https:\/\/marieclaire.be\/fr\/#\/schema\/logo\/image\/"},"sameAs":["https:\/\/www.facebook.com\/MarieClaire.Belgique\/","https:\/\/www.instagram.com\/marieclaire_belgique\/","https:\/\/fr.pinterest.com\/marieclairebe\/","https:\/\/www.youtube.com\/user\/BelgiumMarieClaire"]},{"@type":"Person","@id":"https:\/\/marieclaire.be\/fr\/#\/schema\/person\/c71bd7a8c3e622513c7531a39292a34e","name":"Malvine Sevrin","image":{"@type":"ImageObject","inLanguage":"fr-FR","@id":"https:\/\/marieclaire.be\/fr\/wp-content\/uploads\/2017\/05\/capture-decran-2024-02-13-a-145920-96x96.png","url":"https:\/\/marieclaire.be\/fr\/wp-content\/uploads\/2017\/05\/capture-decran-2024-02-13-a-145920-96x96.png","contentUrl":"https:\/\/marieclaire.be\/fr\/wp-content\/uploads\/2017\/05\/capture-decran-2024-02-13-a-145920-96x96.png","caption":"Malvine Sevrin"},"description":"Des podiums parisiens aux derni\u00e8res nouveaut\u00e9s skincare qui enflamment TikTok, je d\u00e9crypte les tendances pour Marie Claire Belgique. Passionn\u00e9e de voyage, de mode et de beaut\u00e9, je partage mes coups de coeur d\u00e9nich\u00e9s aux quatre coins du globe. En tant que r\u00e9dactrice en chef digital, j'ai \u00e9galement \u00e0 coeur de mettre en lumi\u00e8re les histoires inspirantes de femmes \u00e0 travers notre site et sur nos r\u00e9seaux sociaux.","sameAs":["https:\/\/www.instagram.com\/malvinesev\/"],"url":"https:\/\/marieclaire.be\/fr\/author\/malvine\/"}]}},"_links":{"self":[{"href":"https:\/\/marieclaire.be\/fr\/wp-json\/wp\/v2\/posts\/133222","targetHints":{"allow":["GET"]}}],"collection":[{"href":"https:\/\/marieclaire.be\/fr\/wp-json\/wp\/v2\/posts"}],"about":[{"href":"https:\/\/marieclaire.be\/fr\/wp-json\/wp\/v2\/types\/post"}],"author":[{"embeddable":true,"href":"https:\/\/marieclaire.be\/fr\/wp-json\/wp\/v2\/users\/30"}],"replies":[{"embeddable":true,"href":"https:\/\/marieclaire.be\/fr\/wp-json\/wp\/v2\/comments?post=133222"}],"version-history":[{"count":5,"href":"https:\/\/marieclaire.be\/fr\/wp-json\/wp\/v2\/posts\/133222\/revisions"}],"predecessor-version":[{"id":134494,"href":"https:\/\/marieclaire.be\/fr\/wp-json\/wp\/v2\/posts\/133222\/revisions\/134494"}],"wp:featuredmedia":[{"embeddable":true,"href":"https:\/\/marieclaire.be\/fr\/wp-json\/wp\/v2\/media\/133224"}],"wp:attachment":[{"href":"https:\/\/marieclaire.be\/fr\/wp-json\/wp\/v2\/media?parent=133222"}],"wp:term":[{"taxonomy":"category","embeddable":true,"href":"https:\/\/marieclaire.be\/fr\/wp-json\/wp\/v2\/categories?post=133222"},{"taxonomy":"post_tag","embeddable":true,"href":"https:\/\/marieclaire.be\/fr\/wp-json\/wp\/v2\/tags?post=133222"}],"curies":[{"name":"wp","href":"https:\/\/api.w.org\/{rel}","templated":true}]}}