{"id":13281,"date":"2026-04-24T08:34:03","date_gmt":"2026-04-24T06:34:03","guid":{"rendered":"http:\/\/marieclaire.be\/fr\/?p=13281"},"modified":"2026-04-24T10:14:58","modified_gmt":"2026-04-24T08:14:58","slug":"sorties-fleuries-printemps-floralia","status":"publish","type":"post","link":"https:\/\/marieclaire.be\/fr\/sorties-fleuries-printemps-floralia\/","title":{"rendered":"Les plus belles balades fleuries \u00e0 ne pas manquer ce printemps"},"content":{"rendered":"","protected":false},"excerpt":{"rendered":"C&#8217;est le printemps, et qui dit printemps dit longs week-ends, fleurs et soleil ! Pour profiter au maximum de ce que cette saison a \u00e0 offrir, nous avons list\u00e9 pour vous quelques activit\u00e9s fleuries \u00e0 faire en Belgique et en Hollande.","protected":false},"author":30,"featured_media":125473,"comment_status":"closed","ping_status":"open","sticky":false,"template":"","format":"standard","meta":{"_acf_changed":false,"footnotes":""},"categories":[30],"tags":[156,72,916],"class_list":["post-13281","post","type-post","status-publish","format-standard","has-post-thumbnail","hentry","category-hotspots","tag-bruxelles","tag-ete","tag-printemps"],"acf":[],"_yoast_wpseo_title":null,"_yoast_wpseo_metadesc":"C'est le printemps, et qui dit printemps dit longs week-ends, fleurs et soleil! Nous avons list\u00e9 quelques activit\u00e9s fleuries \u00e0 faire en Belgique & Hollande.","image_verticale":"125472","yoast_head":"<!-- This site is optimized with the Yoast SEO plugin v27.3 - https:\/\/yoast.com\/product\/yoast-seo-wordpress\/ -->\n<title>Les plus belles balades fleuries \u00e0 ne pas manquer ce printemps - Marie Claire Belgique<\/title>\n<meta name=\"description\" content=\"C&#039;est le printemps, et qui dit printemps dit longs week-ends, fleurs et soleil! Nous avons list\u00e9 quelques activit\u00e9s fleuries \u00e0 faire en Belgique &amp; Hollande.\" \/>\n<meta name=\"robots\" content=\"index, follow, max-snippet:-1, max-image-preview:large, max-video-preview:-1\" \/>\n<link rel=\"canonical\" href=\"https:\/\/marieclaire.be\/fr\/sorties-fleuries-printemps-floralia\/\" \/>\n<link rel=\"next\" href=\"https:\/\/marieclaire.be\/fr\/sorties-fleuries-printemps-floralia\/2\/\" \/>\n<meta property=\"og:locale\" content=\"fr_FR\" \/>\n<meta property=\"og:type\" content=\"article\" \/>\n<meta property=\"og:title\" content=\"Les plus belles balades fleuries \u00e0 ne pas manquer ce printemps - Marie Claire Belgique\" \/>\n<meta property=\"og:description\" content=\"C&#039;est le printemps, et qui dit printemps dit longs week-ends, fleurs et soleil! Nous avons list\u00e9 quelques activit\u00e9s fleuries \u00e0 faire en Belgique &amp; Hollande.\" \/>\n<meta property=\"og:url\" content=\"https:\/\/marieclaire.be\/fr\/sorties-fleuries-printemps-floralia\/\" \/>\n<meta property=\"og:site_name\" content=\"Marie Claire Belgique\" \/>\n<meta property=\"article:publisher\" content=\"https:\/\/www.facebook.com\/MarieClaire.Belgique\/\" \/>\n<meta property=\"article:published_time\" content=\"2026-04-24T06:34:03+00:00\" \/>\n<meta property=\"article:modified_time\" content=\"2026-04-24T08:14:58+00:00\" \/>\n<meta property=\"og:image\" content=\"https:\/\/marieclaire.be\/fr\/wp-content\/uploads\/2019\/03\/balades-fleuries.png\" \/>\n\t<meta property=\"og:image:width\" content=\"1200\" \/>\n\t<meta property=\"og:image:height\" content=\"628\" \/>\n\t<meta property=\"og:image:type\" content=\"image\/png\" \/>\n<meta name=\"author\" content=\"Malvine Sevrin\" \/>\n<meta name=\"twitter:label1\" content=\"\u00c9crit par\" \/>\n\t<meta name=\"twitter:data1\" content=\"Malvine Sevrin\" \/>\n\t<meta name=\"twitter:label2\" content=\"Dur\u00e9e de lecture estim\u00e9e\" \/>\n\t<meta name=\"twitter:data2\" content=\"3 minutes\" \/>\n<script type=\"application\/ld+json\" class=\"yoast-schema-graph\">{\"@context\":\"https:\\\/\\\/schema.org\",\"@graph\":[{\"@type\":\"NewsArticle\",\"@id\":\"https:\\\/\\\/marieclaire.be\\\/fr\\\/sorties-fleuries-printemps-floralia\\\/#article\",\"isPartOf\":{\"@id\":\"https:\\\/\\\/marieclaire.be\\\/fr\\\/sorties-fleuries-printemps-floralia\\\/\"},\"author\":{\"name\":\"Malvine Sevrin\",\"@id\":\"https:\\\/\\\/marieclaire.be\\\/fr\\\/#\\\/schema\\\/person\\\/c71bd7a8c3e622513c7531a39292a34e\"},\"headline\":\"Les plus belles balades fleuries \u00e0 ne pas manquer ce printemps\",\"datePublished\":\"2026-04-24T06:34:03+00:00\",\"dateModified\":\"2026-04-24T08:14:58+00:00\",\"mainEntityOfPage\":{\"@id\":\"https:\\\/\\\/marieclaire.be\\\/fr\\\/sorties-fleuries-printemps-floralia\\\/\"},\"wordCount\":617,\"publisher\":{\"@id\":\"https:\\\/\\\/marieclaire.be\\\/fr\\\/#organization\"},\"image\":{\"@id\":\"https:\\\/\\\/marieclaire.be\\\/fr\\\/sorties-fleuries-printemps-floralia\\\/#primaryimage\"},\"thumbnailUrl\":\"https:\\\/\\\/marieclaire.be\\\/fr\\\/wp-content\\\/uploads\\\/2019\\\/03\\\/balades-fleuries.png\",\"keywords\":[\"Bruxelles\",\"\u00e9t\u00e9\",\"printemps\"],\"articleSection\":[\"Hotspots\"],\"inLanguage\":\"fr-FR\"},{\"@type\":\"WebPage\",\"@id\":\"https:\\\/\\\/marieclaire.be\\\/fr\\\/sorties-fleuries-printemps-floralia\\\/\",\"url\":\"https:\\\/\\\/marieclaire.be\\\/fr\\\/sorties-fleuries-printemps-floralia\\\/\",\"name\":\"Les plus belles balades fleuries \u00e0 ne pas manquer ce printemps - Marie Claire Belgique\",\"isPartOf\":{\"@id\":\"https:\\\/\\\/marieclaire.be\\\/fr\\\/#website\"},\"primaryImageOfPage\":{\"@id\":\"https:\\\/\\\/marieclaire.be\\\/fr\\\/sorties-fleuries-printemps-floralia\\\/#primaryimage\"},\"image\":{\"@id\":\"https:\\\/\\\/marieclaire.be\\\/fr\\\/sorties-fleuries-printemps-floralia\\\/#primaryimage\"},\"thumbnailUrl\":\"https:\\\/\\\/marieclaire.be\\\/fr\\\/wp-content\\\/uploads\\\/2019\\\/03\\\/balades-fleuries.png\",\"datePublished\":\"2026-04-24T06:34:03+00:00\",\"dateModified\":\"2026-04-24T08:14:58+00:00\",\"description\":\"C'est le printemps, et qui dit printemps dit longs week-ends, fleurs et soleil! Nous avons list\u00e9 quelques activit\u00e9s fleuries \u00e0 faire en Belgique & Hollande.\",\"inLanguage\":\"fr-FR\",\"potentialAction\":[{\"@type\":\"ReadAction\",\"target\":[\"https:\\\/\\\/marieclaire.be\\\/fr\\\/sorties-fleuries-printemps-floralia\\\/\"]}]},{\"@type\":\"ImageObject\",\"inLanguage\":\"fr-FR\",\"@id\":\"https:\\\/\\\/marieclaire.be\\\/fr\\\/sorties-fleuries-printemps-floralia\\\/#primaryimage\",\"url\":\"https:\\\/\\\/marieclaire.be\\\/fr\\\/wp-content\\\/uploads\\\/2019\\\/03\\\/balades-fleuries.png\",\"contentUrl\":\"https:\\\/\\\/marieclaire.be\\\/fr\\\/wp-content\\\/uploads\\\/2019\\\/03\\\/balades-fleuries.png\",\"width\":1200,\"height\":628,\"caption\":\"Unsplash\"},{\"@type\":\"WebSite\",\"@id\":\"https:\\\/\\\/marieclaire.be\\\/fr\\\/#website\",\"url\":\"https:\\\/\\\/marieclaire.be\\\/fr\\\/\",\"name\":\"Marie Claire Belgique\",\"description\":\"Marie Claire Belgique, le magazine du style et de l\u2019intelligence qui parle de mode, des tendances, de la beaut\u00e9, de l\u2019actualit\u00e9 et de la culture\",\"publisher\":{\"@id\":\"https:\\\/\\\/marieclaire.be\\\/fr\\\/#organization\"},\"potentialAction\":[{\"@type\":\"SearchAction\",\"target\":{\"@type\":\"EntryPoint\",\"urlTemplate\":\"https:\\\/\\\/marieclaire.be\\\/fr\\\/?s={search_term_string}\"},\"query-input\":{\"@type\":\"PropertyValueSpecification\",\"valueRequired\":true,\"valueName\":\"search_term_string\"}}],\"inLanguage\":\"fr-FR\"},{\"@type\":\"Organization\",\"@id\":\"https:\\\/\\\/marieclaire.be\\\/fr\\\/#organization\",\"name\":\"Marie Claire\",\"url\":\"https:\\\/\\\/marieclaire.be\\\/fr\\\/\",\"logo\":{\"@type\":\"ImageObject\",\"inLanguage\":\"fr-FR\",\"@id\":\"https:\\\/\\\/marieclaire.be\\\/fr\\\/#\\\/schema\\\/logo\\\/image\\\/\",\"url\":\"https:\\\/\\\/marieclaire.be\\\/fr\\\/wp-content\\\/uploads\\\/2018\\\/05\\\/mc-logo2.png\",\"contentUrl\":\"https:\\\/\\\/marieclaire.be\\\/fr\\\/wp-content\\\/uploads\\\/2018\\\/05\\\/mc-logo2.png\",\"width\":1001,\"height\":189,\"caption\":\"Marie Claire\"},\"image\":{\"@id\":\"https:\\\/\\\/marieclaire.be\\\/fr\\\/#\\\/schema\\\/logo\\\/image\\\/\"},\"sameAs\":[\"https:\\\/\\\/www.facebook.com\\\/MarieClaire.Belgique\\\/\",\"https:\\\/\\\/www.instagram.com\\\/marieclaire_belgique\\\/\",\"https:\\\/\\\/fr.pinterest.com\\\/marieclairebe\\\/\",\"https:\\\/\\\/www.youtube.com\\\/user\\\/BelgiumMarieClaire\"]},{\"@type\":\"Person\",\"@id\":\"https:\\\/\\\/marieclaire.be\\\/fr\\\/#\\\/schema\\\/person\\\/c71bd7a8c3e622513c7531a39292a34e\",\"name\":\"Malvine Sevrin\",\"image\":{\"@type\":\"ImageObject\",\"inLanguage\":\"fr-FR\",\"@id\":\"https:\\\/\\\/marieclaire.be\\\/fr\\\/wp-content\\\/uploads\\\/2017\\\/05\\\/capture-decran-2024-02-13-a-145920-96x96.png\",\"url\":\"https:\\\/\\\/marieclaire.be\\\/fr\\\/wp-content\\\/uploads\\\/2017\\\/05\\\/capture-decran-2024-02-13-a-145920-96x96.png\",\"contentUrl\":\"https:\\\/\\\/marieclaire.be\\\/fr\\\/wp-content\\\/uploads\\\/2017\\\/05\\\/capture-decran-2024-02-13-a-145920-96x96.png\",\"caption\":\"Malvine Sevrin\"},\"description\":\"Des podiums parisiens aux derni\u00e8res nouveaut\u00e9s skincare qui enflamment TikTok, je d\u00e9crypte les tendances pour Marie Claire Belgique. Passionn\u00e9e de voyage, de mode et de beaut\u00e9, je partage mes coups de coeur d\u00e9nich\u00e9s aux quatre coins du globe. En tant que r\u00e9dactrice en chef digital, j'ai \u00e9galement \u00e0 coeur de mettre en lumi\u00e8re les histoires inspirantes de femmes \u00e0 travers notre site et sur nos r\u00e9seaux sociaux.\",\"sameAs\":[\"https:\\\/\\\/www.instagram.com\\\/malvinesev\\\/\"],\"url\":\"https:\\\/\\\/marieclaire.be\\\/fr\\\/author\\\/malvine\\\/\"}]}<\/script>\n<!-- \/ Yoast SEO plugin. -->","yoast_head_json":{"title":"Les plus belles balades fleuries \u00e0 ne pas manquer ce printemps - Marie Claire Belgique","description":"C'est le printemps, et qui dit printemps dit longs week-ends, fleurs et soleil! Nous avons list\u00e9 quelques activit\u00e9s fleuries \u00e0 faire en Belgique & Hollande.","robots":{"index":"index","follow":"follow","max-snippet":"max-snippet:-1","max-image-preview":"max-image-preview:large","max-video-preview":"max-video-preview:-1"},"canonical":"https:\/\/marieclaire.be\/fr\/sorties-fleuries-printemps-floralia\/","next":"https:\/\/marieclaire.be\/fr\/sorties-fleuries-printemps-floralia\/2\/","og_locale":"fr_FR","og_type":"article","og_title":"Les plus belles balades fleuries \u00e0 ne pas manquer ce printemps - Marie Claire Belgique","og_description":"C'est le printemps, et qui dit printemps dit longs week-ends, fleurs et soleil! Nous avons list\u00e9 quelques activit\u00e9s fleuries \u00e0 faire en Belgique & Hollande.","og_url":"https:\/\/marieclaire.be\/fr\/sorties-fleuries-printemps-floralia\/","og_site_name":"Marie Claire Belgique","article_publisher":"https:\/\/www.facebook.com\/MarieClaire.Belgique\/","article_published_time":"2026-04-24T06:34:03+00:00","article_modified_time":"2026-04-24T08:14:58+00:00","og_image":[{"width":1200,"height":628,"url":"https:\/\/marieclaire.be\/fr\/wp-content\/uploads\/2019\/03\/balades-fleuries.png","type":"image\/png"}],"author":"Malvine Sevrin","twitter_misc":{"\u00c9crit par":"Malvine Sevrin","Dur\u00e9e de lecture estim\u00e9e":"3 minutes"},"schema":{"@context":"https:\/\/schema.org","@graph":[{"@type":"NewsArticle","@id":"https:\/\/marieclaire.be\/fr\/sorties-fleuries-printemps-floralia\/#article","isPartOf":{"@id":"https:\/\/marieclaire.be\/fr\/sorties-fleuries-printemps-floralia\/"},"author":{"name":"Malvine Sevrin","@id":"https:\/\/marieclaire.be\/fr\/#\/schema\/person\/c71bd7a8c3e622513c7531a39292a34e"},"headline":"Les plus belles balades fleuries \u00e0 ne pas manquer ce printemps","datePublished":"2026-04-24T06:34:03+00:00","dateModified":"2026-04-24T08:14:58+00:00","mainEntityOfPage":{"@id":"https:\/\/marieclaire.be\/fr\/sorties-fleuries-printemps-floralia\/"},"wordCount":617,"publisher":{"@id":"https:\/\/marieclaire.be\/fr\/#organization"},"image":{"@id":"https:\/\/marieclaire.be\/fr\/sorties-fleuries-printemps-floralia\/#primaryimage"},"thumbnailUrl":"https:\/\/marieclaire.be\/fr\/wp-content\/uploads\/2019\/03\/balades-fleuries.png","keywords":["Bruxelles","\u00e9t\u00e9","printemps"],"articleSection":["Hotspots"],"inLanguage":"fr-FR"},{"@type":"WebPage","@id":"https:\/\/marieclaire.be\/fr\/sorties-fleuries-printemps-floralia\/","url":"https:\/\/marieclaire.be\/fr\/sorties-fleuries-printemps-floralia\/","name":"Les plus belles balades fleuries \u00e0 ne pas manquer ce printemps - Marie Claire Belgique","isPartOf":{"@id":"https:\/\/marieclaire.be\/fr\/#website"},"primaryImageOfPage":{"@id":"https:\/\/marieclaire.be\/fr\/sorties-fleuries-printemps-floralia\/#primaryimage"},"image":{"@id":"https:\/\/marieclaire.be\/fr\/sorties-fleuries-printemps-floralia\/#primaryimage"},"thumbnailUrl":"https:\/\/marieclaire.be\/fr\/wp-content\/uploads\/2019\/03\/balades-fleuries.png","datePublished":"2026-04-24T06:34:03+00:00","dateModified":"2026-04-24T08:14:58+00:00","description":"C'est le printemps, et qui dit printemps dit longs week-ends, fleurs et soleil! Nous avons list\u00e9 quelques activit\u00e9s fleuries \u00e0 faire en Belgique & Hollande.","inLanguage":"fr-FR","potentialAction":[{"@type":"ReadAction","target":["https:\/\/marieclaire.be\/fr\/sorties-fleuries-printemps-floralia\/"]}]},{"@type":"ImageObject","inLanguage":"fr-FR","@id":"https:\/\/marieclaire.be\/fr\/sorties-fleuries-printemps-floralia\/#primaryimage","url":"https:\/\/marieclaire.be\/fr\/wp-content\/uploads\/2019\/03\/balades-fleuries.png","contentUrl":"https:\/\/marieclaire.be\/fr\/wp-content\/uploads\/2019\/03\/balades-fleuries.png","width":1200,"height":628,"caption":"Unsplash"},{"@type":"WebSite","@id":"https:\/\/marieclaire.be\/fr\/#website","url":"https:\/\/marieclaire.be\/fr\/","name":"Marie Claire Belgique","description":"Marie Claire Belgique, le magazine du style et de l\u2019intelligence qui parle de mode, des tendances, de la beaut\u00e9, de l\u2019actualit\u00e9 et de la culture","publisher":{"@id":"https:\/\/marieclaire.be\/fr\/#organization"},"potentialAction":[{"@type":"SearchAction","target":{"@type":"EntryPoint","urlTemplate":"https:\/\/marieclaire.be\/fr\/?s={search_term_string}"},"query-input":{"@type":"PropertyValueSpecification","valueRequired":true,"valueName":"search_term_string"}}],"inLanguage":"fr-FR"},{"@type":"Organization","@id":"https:\/\/marieclaire.be\/fr\/#organization","name":"Marie Claire","url":"https:\/\/marieclaire.be\/fr\/","logo":{"@type":"ImageObject","inLanguage":"fr-FR","@id":"https:\/\/marieclaire.be\/fr\/#\/schema\/logo\/image\/","url":"https:\/\/marieclaire.be\/fr\/wp-content\/uploads\/2018\/05\/mc-logo2.png","contentUrl":"https:\/\/marieclaire.be\/fr\/wp-content\/uploads\/2018\/05\/mc-logo2.png","width":1001,"height":189,"caption":"Marie Claire"},"image":{"@id":"https:\/\/marieclaire.be\/fr\/#\/schema\/logo\/image\/"},"sameAs":["https:\/\/www.facebook.com\/MarieClaire.Belgique\/","https:\/\/www.instagram.com\/marieclaire_belgique\/","https:\/\/fr.pinterest.com\/marieclairebe\/","https:\/\/www.youtube.com\/user\/BelgiumMarieClaire"]},{"@type":"Person","@id":"https:\/\/marieclaire.be\/fr\/#\/schema\/person\/c71bd7a8c3e622513c7531a39292a34e","name":"Malvine Sevrin","image":{"@type":"ImageObject","inLanguage":"fr-FR","@id":"https:\/\/marieclaire.be\/fr\/wp-content\/uploads\/2017\/05\/capture-decran-2024-02-13-a-145920-96x96.png","url":"https:\/\/marieclaire.be\/fr\/wp-content\/uploads\/2017\/05\/capture-decran-2024-02-13-a-145920-96x96.png","contentUrl":"https:\/\/marieclaire.be\/fr\/wp-content\/uploads\/2017\/05\/capture-decran-2024-02-13-a-145920-96x96.png","caption":"Malvine Sevrin"},"description":"Des podiums parisiens aux derni\u00e8res nouveaut\u00e9s skincare qui enflamment TikTok, je d\u00e9crypte les tendances pour Marie Claire Belgique. Passionn\u00e9e de voyage, de mode et de beaut\u00e9, je partage mes coups de coeur d\u00e9nich\u00e9s aux quatre coins du globe. En tant que r\u00e9dactrice en chef digital, j'ai \u00e9galement \u00e0 coeur de mettre en lumi\u00e8re les histoires inspirantes de femmes \u00e0 travers notre site et sur nos r\u00e9seaux sociaux.","sameAs":["https:\/\/www.instagram.com\/malvinesev\/"],"url":"https:\/\/marieclaire.be\/fr\/author\/malvine\/"}]}},"_links":{"self":[{"href":"https:\/\/marieclaire.be\/fr\/wp-json\/wp\/v2\/posts\/13281","targetHints":{"allow":["GET"]}}],"collection":[{"href":"https:\/\/marieclaire.be\/fr\/wp-json\/wp\/v2\/posts"}],"about":[{"href":"https:\/\/marieclaire.be\/fr\/wp-json\/wp\/v2\/types\/post"}],"author":[{"embeddable":true,"href":"https:\/\/marieclaire.be\/fr\/wp-json\/wp\/v2\/users\/30"}],"replies":[{"embeddable":true,"href":"https:\/\/marieclaire.be\/fr\/wp-json\/wp\/v2\/comments?post=13281"}],"version-history":[{"count":6,"href":"https:\/\/marieclaire.be\/fr\/wp-json\/wp\/v2\/posts\/13281\/revisions"}],"predecessor-version":[{"id":148496,"href":"https:\/\/marieclaire.be\/fr\/wp-json\/wp\/v2\/posts\/13281\/revisions\/148496"}],"wp:featuredmedia":[{"embeddable":true,"href":"https:\/\/marieclaire.be\/fr\/wp-json\/wp\/v2\/media\/125473"}],"wp:attachment":[{"href":"https:\/\/marieclaire.be\/fr\/wp-json\/wp\/v2\/media?parent=13281"}],"wp:term":[{"taxonomy":"category","embeddable":true,"href":"https:\/\/marieclaire.be\/fr\/wp-json\/wp\/v2\/categories?post=13281"},{"taxonomy":"post_tag","embeddable":true,"href":"https:\/\/marieclaire.be\/fr\/wp-json\/wp\/v2\/tags?post=13281"}],"curies":[{"name":"wp","href":"https:\/\/api.w.org\/{rel}","templated":true}]}}