{"id":131978,"date":"2023-12-10T11:32:24","date_gmt":"2023-12-10T10:32:24","guid":{"rendered":"https:\/\/marieclaire.be\/fr\/?p=131978"},"modified":"2023-12-13T14:42:38","modified_gmt":"2023-12-13T13:42:38","slug":"destinations-luxe-fete-fin-annee","status":"publish","type":"post","link":"https:\/\/marieclaire.be\/fr\/destinations-luxe-fete-fin-annee\/","title":{"rendered":"5 destinations de luxe o\u00f9 passer des f\u00eates de fin d&#8217;ann\u00e9e grandioses"},"content":{"rendered":"","protected":false},"excerpt":{"rendered":"Comment mieux profiter des f\u00eates qu\u2019en s&#8217;octroyant du temps pour soi ? D\u00eeners d\u2019exception, moment de d\u00e9tente au spa, cocktails exquis et ambiance festive omnipr\u00e9sente\u2026 Zoom sur 5 destinations privil\u00e9gi\u00e9es o\u00f9 c\u00e9l\u00e9brer les f\u00eates de fin d\u2019ann\u00e9e en grande pompe.","protected":false},"author":30,"featured_media":132033,"comment_status":"closed","ping_status":"closed","sticky":false,"template":"","format":"standard","meta":{"_acf_changed":false,"footnotes":""},"categories":[29,67],"tags":[1045,2749,553,118,838,266],"class_list":["post-131978","post","type-post","status-publish","format-standard","has-post-thumbnail","hentry","category-voyages","category-lifestyle","tag-londres","tag-madrid","tag-noel","tag-paris","tag-restaurant","tag-voyage"],"acf":[],"_yoast_wpseo_title":null,"_yoast_wpseo_metadesc":"Envie de passer des f\u00eates 5 \u00e9toiles ? Londres, Madrid, Paris... D\u00e9couvrez cinq destinations privil\u00e9gi\u00e9es o\u00f9 passer des f\u00eates flamboyantes.","image_verticale":"132032","yoast_head":"<!-- This site is optimized with the Yoast SEO plugin v27.3 - https:\/\/yoast.com\/product\/yoast-seo-wordpress\/ -->\n<title>5 destinations de luxe o\u00f9 passer des f\u00eates de fin d&#039;ann\u00e9e grandioses - Marie Claire Belgique<\/title>\n<meta name=\"description\" content=\"Envie de passer des f\u00eates 5 \u00e9toiles ? Londres, Madrid, Paris... D\u00e9couvrez cinq destinations privil\u00e9gi\u00e9es o\u00f9 passer des f\u00eates flamboyantes.\" \/>\n<meta name=\"robots\" content=\"index, follow, max-snippet:-1, max-image-preview:large, max-video-preview:-1\" \/>\n<link rel=\"canonical\" href=\"https:\/\/marieclaire.be\/fr\/destinations-luxe-fete-fin-annee\/\" \/>\n<link rel=\"next\" href=\"https:\/\/marieclaire.be\/fr\/destinations-luxe-fete-fin-annee\/2\/\" \/>\n<meta property=\"og:locale\" content=\"fr_FR\" \/>\n<meta property=\"og:type\" content=\"article\" \/>\n<meta property=\"og:title\" content=\"5 destinations de luxe o\u00f9 passer des f\u00eates de fin d&#039;ann\u00e9e grandioses - Marie Claire Belgique\" \/>\n<meta property=\"og:description\" content=\"Envie de passer des f\u00eates 5 \u00e9toiles ? Londres, Madrid, Paris... D\u00e9couvrez cinq destinations privil\u00e9gi\u00e9es o\u00f9 passer des f\u00eates flamboyantes.\" \/>\n<meta property=\"og:url\" content=\"https:\/\/marieclaire.be\/fr\/destinations-luxe-fete-fin-annee\/\" \/>\n<meta property=\"og:site_name\" content=\"Marie Claire Belgique\" \/>\n<meta property=\"article:publisher\" content=\"https:\/\/www.facebook.com\/MarieClaire.Belgique\/\" \/>\n<meta property=\"article:published_time\" content=\"2023-12-10T10:32:24+00:00\" \/>\n<meta property=\"article:modified_time\" content=\"2023-12-13T13:42:38+00:00\" \/>\n<meta property=\"og:image\" content=\"https:\/\/marieclaire.be\/fr\/wp-content\/uploads\/2023\/12\/hotel-noel.png\" \/>\n\t<meta property=\"og:image:width\" content=\"1200\" \/>\n\t<meta property=\"og:image:height\" content=\"628\" \/>\n\t<meta property=\"og:image:type\" content=\"image\/png\" \/>\n<meta name=\"author\" content=\"Malvine Sevrin\" \/>\n<meta name=\"twitter:label1\" content=\"\u00c9crit par\" \/>\n\t<meta name=\"twitter:data1\" content=\"Malvine Sevrin\" \/>\n\t<meta name=\"twitter:label2\" content=\"Dur\u00e9e de lecture estim\u00e9e\" \/>\n\t<meta name=\"twitter:data2\" content=\"7 minutes\" \/>\n<script type=\"application\/ld+json\" class=\"yoast-schema-graph\">{\"@context\":\"https:\\\/\\\/schema.org\",\"@graph\":[{\"@type\":\"NewsArticle\",\"@id\":\"https:\\\/\\\/marieclaire.be\\\/fr\\\/destinations-luxe-fete-fin-annee\\\/#article\",\"isPartOf\":{\"@id\":\"https:\\\/\\\/marieclaire.be\\\/fr\\\/destinations-luxe-fete-fin-annee\\\/\"},\"author\":{\"name\":\"Malvine Sevrin\",\"@id\":\"https:\\\/\\\/marieclaire.be\\\/fr\\\/#\\\/schema\\\/person\\\/c71bd7a8c3e622513c7531a39292a34e\"},\"headline\":\"5 destinations de luxe o\u00f9 passer des f\u00eates de fin d&#8217;ann\u00e9e grandioses\",\"datePublished\":\"2023-12-10T10:32:24+00:00\",\"dateModified\":\"2023-12-13T13:42:38+00:00\",\"mainEntityOfPage\":{\"@id\":\"https:\\\/\\\/marieclaire.be\\\/fr\\\/destinations-luxe-fete-fin-annee\\\/\"},\"wordCount\":1661,\"publisher\":{\"@id\":\"https:\\\/\\\/marieclaire.be\\\/fr\\\/#organization\"},\"image\":{\"@id\":\"https:\\\/\\\/marieclaire.be\\\/fr\\\/destinations-luxe-fete-fin-annee\\\/#primaryimage\"},\"thumbnailUrl\":\"https:\\\/\\\/marieclaire.be\\\/fr\\\/wp-content\\\/uploads\\\/2023\\\/12\\\/hotel-noel.png\",\"keywords\":[\"londres\",\"madrid\",\"No\u00ebl\",\"Paris\",\"restaurant\",\"voyage\"],\"articleSection\":[\"Evasion\",\"Lifestyle\"],\"inLanguage\":\"fr-FR\"},{\"@type\":\"WebPage\",\"@id\":\"https:\\\/\\\/marieclaire.be\\\/fr\\\/destinations-luxe-fete-fin-annee\\\/\",\"url\":\"https:\\\/\\\/marieclaire.be\\\/fr\\\/destinations-luxe-fete-fin-annee\\\/\",\"name\":\"5 destinations de luxe o\u00f9 passer des f\u00eates de fin d'ann\u00e9e grandioses - Marie Claire Belgique\",\"isPartOf\":{\"@id\":\"https:\\\/\\\/marieclaire.be\\\/fr\\\/#website\"},\"primaryImageOfPage\":{\"@id\":\"https:\\\/\\\/marieclaire.be\\\/fr\\\/destinations-luxe-fete-fin-annee\\\/#primaryimage\"},\"image\":{\"@id\":\"https:\\\/\\\/marieclaire.be\\\/fr\\\/destinations-luxe-fete-fin-annee\\\/#primaryimage\"},\"thumbnailUrl\":\"https:\\\/\\\/marieclaire.be\\\/fr\\\/wp-content\\\/uploads\\\/2023\\\/12\\\/hotel-noel.png\",\"datePublished\":\"2023-12-10T10:32:24+00:00\",\"dateModified\":\"2023-12-13T13:42:38+00:00\",\"description\":\"Envie de passer des f\u00eates 5 \u00e9toiles ? Londres, Madrid, Paris... D\u00e9couvrez cinq destinations privil\u00e9gi\u00e9es o\u00f9 passer des f\u00eates flamboyantes.\",\"inLanguage\":\"fr-FR\",\"potentialAction\":[{\"@type\":\"ReadAction\",\"target\":[\"https:\\\/\\\/marieclaire.be\\\/fr\\\/destinations-luxe-fete-fin-annee\\\/\"]}]},{\"@type\":\"ImageObject\",\"inLanguage\":\"fr-FR\",\"@id\":\"https:\\\/\\\/marieclaire.be\\\/fr\\\/destinations-luxe-fete-fin-annee\\\/#primaryimage\",\"url\":\"https:\\\/\\\/marieclaire.be\\\/fr\\\/wp-content\\\/uploads\\\/2023\\\/12\\\/hotel-noel.png\",\"contentUrl\":\"https:\\\/\\\/marieclaire.be\\\/fr\\\/wp-content\\\/uploads\\\/2023\\\/12\\\/hotel-noel.png\",\"width\":1200,\"height\":628,\"caption\":\"Studio Phoenix\"},{\"@type\":\"WebSite\",\"@id\":\"https:\\\/\\\/marieclaire.be\\\/fr\\\/#website\",\"url\":\"https:\\\/\\\/marieclaire.be\\\/fr\\\/\",\"name\":\"Marie Claire Belgique\",\"description\":\"Marie Claire Belgique, le magazine du style et de l\u2019intelligence qui parle de mode, des tendances, de la beaut\u00e9, de l\u2019actualit\u00e9 et de la culture\",\"publisher\":{\"@id\":\"https:\\\/\\\/marieclaire.be\\\/fr\\\/#organization\"},\"potentialAction\":[{\"@type\":\"SearchAction\",\"target\":{\"@type\":\"EntryPoint\",\"urlTemplate\":\"https:\\\/\\\/marieclaire.be\\\/fr\\\/?s={search_term_string}\"},\"query-input\":{\"@type\":\"PropertyValueSpecification\",\"valueRequired\":true,\"valueName\":\"search_term_string\"}}],\"inLanguage\":\"fr-FR\"},{\"@type\":\"Organization\",\"@id\":\"https:\\\/\\\/marieclaire.be\\\/fr\\\/#organization\",\"name\":\"Marie Claire\",\"url\":\"https:\\\/\\\/marieclaire.be\\\/fr\\\/\",\"logo\":{\"@type\":\"ImageObject\",\"inLanguage\":\"fr-FR\",\"@id\":\"https:\\\/\\\/marieclaire.be\\\/fr\\\/#\\\/schema\\\/logo\\\/image\\\/\",\"url\":\"https:\\\/\\\/marieclaire.be\\\/fr\\\/wp-content\\\/uploads\\\/2018\\\/05\\\/mc-logo2.png\",\"contentUrl\":\"https:\\\/\\\/marieclaire.be\\\/fr\\\/wp-content\\\/uploads\\\/2018\\\/05\\\/mc-logo2.png\",\"width\":1001,\"height\":189,\"caption\":\"Marie Claire\"},\"image\":{\"@id\":\"https:\\\/\\\/marieclaire.be\\\/fr\\\/#\\\/schema\\\/logo\\\/image\\\/\"},\"sameAs\":[\"https:\\\/\\\/www.facebook.com\\\/MarieClaire.Belgique\\\/\",\"https:\\\/\\\/www.instagram.com\\\/marieclaire_belgique\\\/\",\"https:\\\/\\\/fr.pinterest.com\\\/marieclairebe\\\/\",\"https:\\\/\\\/www.youtube.com\\\/user\\\/BelgiumMarieClaire\"]},{\"@type\":\"Person\",\"@id\":\"https:\\\/\\\/marieclaire.be\\\/fr\\\/#\\\/schema\\\/person\\\/c71bd7a8c3e622513c7531a39292a34e\",\"name\":\"Malvine Sevrin\",\"image\":{\"@type\":\"ImageObject\",\"inLanguage\":\"fr-FR\",\"@id\":\"https:\\\/\\\/marieclaire.be\\\/fr\\\/wp-content\\\/uploads\\\/2017\\\/05\\\/capture-decran-2024-02-13-a-145920-96x96.png\",\"url\":\"https:\\\/\\\/marieclaire.be\\\/fr\\\/wp-content\\\/uploads\\\/2017\\\/05\\\/capture-decran-2024-02-13-a-145920-96x96.png\",\"contentUrl\":\"https:\\\/\\\/marieclaire.be\\\/fr\\\/wp-content\\\/uploads\\\/2017\\\/05\\\/capture-decran-2024-02-13-a-145920-96x96.png\",\"caption\":\"Malvine Sevrin\"},\"description\":\"Des podiums parisiens aux derni\u00e8res nouveaut\u00e9s skincare qui enflamment TikTok, je d\u00e9crypte les tendances pour Marie Claire Belgique. Passionn\u00e9e de voyage, de mode et de beaut\u00e9, je partage mes coups de coeur d\u00e9nich\u00e9s aux quatre coins du globe. En tant que r\u00e9dactrice en chef digital, j'ai \u00e9galement \u00e0 coeur de mettre en lumi\u00e8re les histoires inspirantes de femmes \u00e0 travers notre site et sur nos r\u00e9seaux sociaux.\",\"sameAs\":[\"https:\\\/\\\/www.instagram.com\\\/malvinesev\\\/\"],\"url\":\"https:\\\/\\\/marieclaire.be\\\/fr\\\/author\\\/malvine\\\/\"}]}<\/script>\n<!-- \/ Yoast SEO plugin. -->","yoast_head_json":{"title":"5 destinations de luxe o\u00f9 passer des f\u00eates de fin d'ann\u00e9e grandioses - Marie Claire Belgique","description":"Envie de passer des f\u00eates 5 \u00e9toiles ? Londres, Madrid, Paris... D\u00e9couvrez cinq destinations privil\u00e9gi\u00e9es o\u00f9 passer des f\u00eates flamboyantes.","robots":{"index":"index","follow":"follow","max-snippet":"max-snippet:-1","max-image-preview":"max-image-preview:large","max-video-preview":"max-video-preview:-1"},"canonical":"https:\/\/marieclaire.be\/fr\/destinations-luxe-fete-fin-annee\/","next":"https:\/\/marieclaire.be\/fr\/destinations-luxe-fete-fin-annee\/2\/","og_locale":"fr_FR","og_type":"article","og_title":"5 destinations de luxe o\u00f9 passer des f\u00eates de fin d'ann\u00e9e grandioses - Marie Claire Belgique","og_description":"Envie de passer des f\u00eates 5 \u00e9toiles ? Londres, Madrid, Paris... D\u00e9couvrez cinq destinations privil\u00e9gi\u00e9es o\u00f9 passer des f\u00eates flamboyantes.","og_url":"https:\/\/marieclaire.be\/fr\/destinations-luxe-fete-fin-annee\/","og_site_name":"Marie Claire Belgique","article_publisher":"https:\/\/www.facebook.com\/MarieClaire.Belgique\/","article_published_time":"2023-12-10T10:32:24+00:00","article_modified_time":"2023-12-13T13:42:38+00:00","og_image":[{"width":1200,"height":628,"url":"https:\/\/marieclaire.be\/fr\/wp-content\/uploads\/2023\/12\/hotel-noel.png","type":"image\/png"}],"author":"Malvine Sevrin","twitter_misc":{"\u00c9crit par":"Malvine Sevrin","Dur\u00e9e de lecture estim\u00e9e":"7 minutes"},"schema":{"@context":"https:\/\/schema.org","@graph":[{"@type":"NewsArticle","@id":"https:\/\/marieclaire.be\/fr\/destinations-luxe-fete-fin-annee\/#article","isPartOf":{"@id":"https:\/\/marieclaire.be\/fr\/destinations-luxe-fete-fin-annee\/"},"author":{"name":"Malvine Sevrin","@id":"https:\/\/marieclaire.be\/fr\/#\/schema\/person\/c71bd7a8c3e622513c7531a39292a34e"},"headline":"5 destinations de luxe o\u00f9 passer des f\u00eates de fin d&#8217;ann\u00e9e grandioses","datePublished":"2023-12-10T10:32:24+00:00","dateModified":"2023-12-13T13:42:38+00:00","mainEntityOfPage":{"@id":"https:\/\/marieclaire.be\/fr\/destinations-luxe-fete-fin-annee\/"},"wordCount":1661,"publisher":{"@id":"https:\/\/marieclaire.be\/fr\/#organization"},"image":{"@id":"https:\/\/marieclaire.be\/fr\/destinations-luxe-fete-fin-annee\/#primaryimage"},"thumbnailUrl":"https:\/\/marieclaire.be\/fr\/wp-content\/uploads\/2023\/12\/hotel-noel.png","keywords":["londres","madrid","No\u00ebl","Paris","restaurant","voyage"],"articleSection":["Evasion","Lifestyle"],"inLanguage":"fr-FR"},{"@type":"WebPage","@id":"https:\/\/marieclaire.be\/fr\/destinations-luxe-fete-fin-annee\/","url":"https:\/\/marieclaire.be\/fr\/destinations-luxe-fete-fin-annee\/","name":"5 destinations de luxe o\u00f9 passer des f\u00eates de fin d'ann\u00e9e grandioses - Marie Claire Belgique","isPartOf":{"@id":"https:\/\/marieclaire.be\/fr\/#website"},"primaryImageOfPage":{"@id":"https:\/\/marieclaire.be\/fr\/destinations-luxe-fete-fin-annee\/#primaryimage"},"image":{"@id":"https:\/\/marieclaire.be\/fr\/destinations-luxe-fete-fin-annee\/#primaryimage"},"thumbnailUrl":"https:\/\/marieclaire.be\/fr\/wp-content\/uploads\/2023\/12\/hotel-noel.png","datePublished":"2023-12-10T10:32:24+00:00","dateModified":"2023-12-13T13:42:38+00:00","description":"Envie de passer des f\u00eates 5 \u00e9toiles ? Londres, Madrid, Paris... D\u00e9couvrez cinq destinations privil\u00e9gi\u00e9es o\u00f9 passer des f\u00eates flamboyantes.","inLanguage":"fr-FR","potentialAction":[{"@type":"ReadAction","target":["https:\/\/marieclaire.be\/fr\/destinations-luxe-fete-fin-annee\/"]}]},{"@type":"ImageObject","inLanguage":"fr-FR","@id":"https:\/\/marieclaire.be\/fr\/destinations-luxe-fete-fin-annee\/#primaryimage","url":"https:\/\/marieclaire.be\/fr\/wp-content\/uploads\/2023\/12\/hotel-noel.png","contentUrl":"https:\/\/marieclaire.be\/fr\/wp-content\/uploads\/2023\/12\/hotel-noel.png","width":1200,"height":628,"caption":"Studio Phoenix"},{"@type":"WebSite","@id":"https:\/\/marieclaire.be\/fr\/#website","url":"https:\/\/marieclaire.be\/fr\/","name":"Marie Claire Belgique","description":"Marie Claire Belgique, le magazine du style et de l\u2019intelligence qui parle de mode, des tendances, de la beaut\u00e9, de l\u2019actualit\u00e9 et de la culture","publisher":{"@id":"https:\/\/marieclaire.be\/fr\/#organization"},"potentialAction":[{"@type":"SearchAction","target":{"@type":"EntryPoint","urlTemplate":"https:\/\/marieclaire.be\/fr\/?s={search_term_string}"},"query-input":{"@type":"PropertyValueSpecification","valueRequired":true,"valueName":"search_term_string"}}],"inLanguage":"fr-FR"},{"@type":"Organization","@id":"https:\/\/marieclaire.be\/fr\/#organization","name":"Marie Claire","url":"https:\/\/marieclaire.be\/fr\/","logo":{"@type":"ImageObject","inLanguage":"fr-FR","@id":"https:\/\/marieclaire.be\/fr\/#\/schema\/logo\/image\/","url":"https:\/\/marieclaire.be\/fr\/wp-content\/uploads\/2018\/05\/mc-logo2.png","contentUrl":"https:\/\/marieclaire.be\/fr\/wp-content\/uploads\/2018\/05\/mc-logo2.png","width":1001,"height":189,"caption":"Marie Claire"},"image":{"@id":"https:\/\/marieclaire.be\/fr\/#\/schema\/logo\/image\/"},"sameAs":["https:\/\/www.facebook.com\/MarieClaire.Belgique\/","https:\/\/www.instagram.com\/marieclaire_belgique\/","https:\/\/fr.pinterest.com\/marieclairebe\/","https:\/\/www.youtube.com\/user\/BelgiumMarieClaire"]},{"@type":"Person","@id":"https:\/\/marieclaire.be\/fr\/#\/schema\/person\/c71bd7a8c3e622513c7531a39292a34e","name":"Malvine Sevrin","image":{"@type":"ImageObject","inLanguage":"fr-FR","@id":"https:\/\/marieclaire.be\/fr\/wp-content\/uploads\/2017\/05\/capture-decran-2024-02-13-a-145920-96x96.png","url":"https:\/\/marieclaire.be\/fr\/wp-content\/uploads\/2017\/05\/capture-decran-2024-02-13-a-145920-96x96.png","contentUrl":"https:\/\/marieclaire.be\/fr\/wp-content\/uploads\/2017\/05\/capture-decran-2024-02-13-a-145920-96x96.png","caption":"Malvine Sevrin"},"description":"Des podiums parisiens aux derni\u00e8res nouveaut\u00e9s skincare qui enflamment TikTok, je d\u00e9crypte les tendances pour Marie Claire Belgique. Passionn\u00e9e de voyage, de mode et de beaut\u00e9, je partage mes coups de coeur d\u00e9nich\u00e9s aux quatre coins du globe. En tant que r\u00e9dactrice en chef digital, j'ai \u00e9galement \u00e0 coeur de mettre en lumi\u00e8re les histoires inspirantes de femmes \u00e0 travers notre site et sur nos r\u00e9seaux sociaux.","sameAs":["https:\/\/www.instagram.com\/malvinesev\/"],"url":"https:\/\/marieclaire.be\/fr\/author\/malvine\/"}]}},"_links":{"self":[{"href":"https:\/\/marieclaire.be\/fr\/wp-json\/wp\/v2\/posts\/131978","targetHints":{"allow":["GET"]}}],"collection":[{"href":"https:\/\/marieclaire.be\/fr\/wp-json\/wp\/v2\/posts"}],"about":[{"href":"https:\/\/marieclaire.be\/fr\/wp-json\/wp\/v2\/types\/post"}],"author":[{"embeddable":true,"href":"https:\/\/marieclaire.be\/fr\/wp-json\/wp\/v2\/users\/30"}],"replies":[{"embeddable":true,"href":"https:\/\/marieclaire.be\/fr\/wp-json\/wp\/v2\/comments?post=131978"}],"version-history":[{"count":18,"href":"https:\/\/marieclaire.be\/fr\/wp-json\/wp\/v2\/posts\/131978\/revisions"}],"predecessor-version":[{"id":132030,"href":"https:\/\/marieclaire.be\/fr\/wp-json\/wp\/v2\/posts\/131978\/revisions\/132030"}],"wp:featuredmedia":[{"embeddable":true,"href":"https:\/\/marieclaire.be\/fr\/wp-json\/wp\/v2\/media\/132033"}],"wp:attachment":[{"href":"https:\/\/marieclaire.be\/fr\/wp-json\/wp\/v2\/media?parent=131978"}],"wp:term":[{"taxonomy":"category","embeddable":true,"href":"https:\/\/marieclaire.be\/fr\/wp-json\/wp\/v2\/categories?post=131978"},{"taxonomy":"post_tag","embeddable":true,"href":"https:\/\/marieclaire.be\/fr\/wp-json\/wp\/v2\/tags?post=131978"}],"curies":[{"name":"wp","href":"https:\/\/api.w.org\/{rel}","templated":true}]}}