{"id":131648,"date":"2025-01-09T07:32:40","date_gmt":"2025-01-09T06:32:40","guid":{"rendered":"https:\/\/marieclaire.be\/fr\/?p=131648"},"modified":"2025-01-09T10:00:25","modified_gmt":"2025-01-09T09:00:25","slug":"conseils-plantes-hivernage","status":"publish","type":"post","link":"https:\/\/marieclaire.be\/fr\/conseils-plantes-hivernage\/","title":{"rendered":"Quels sont les bons gestes pour prot\u00e9ger vos plantes en hiver ?"},"content":{"rendered":"","protected":false},"excerpt":{"rendered":"L&#8217;hiver s&#8217;installe, et vos plantes de jardin ou de balcon ne sont pas toutes fans du froid et du gel. ...","protected":false},"author":30,"featured_media":131650,"comment_status":"closed","ping_status":"closed","sticky":false,"template":"","format":"standard","meta":{"_acf_changed":false,"footnotes":""},"categories":[67,1725],"tags":[],"class_list":["post-131648","post","type-post","status-publish","format-standard","has-post-thumbnail","hentry","category-lifestyle","category-vie-pratique"],"acf":[],"_yoast_wpseo_title":null,"_yoast_wpseo_metadesc":"Avec l'hiver qui arrive, comment prendre soin de vos plantes de jardin ou de balcon pour qu'elles passent la saison sans encombre ?","image_verticale":"131649","yoast_head":"<!-- This site is optimized with the Yoast SEO plugin v27.3 - https:\/\/yoast.com\/product\/yoast-seo-wordpress\/ -->\n<title>Quels sont les bons gestes pour prot\u00e9ger vos plantes en hiver ? - Marie Claire Belgique<\/title>\n<meta name=\"description\" content=\"Avec l&#039;hiver qui arrive, comment prendre soin de vos plantes de jardin ou de balcon pour qu&#039;elles passent la saison sans encombre ?\" \/>\n<meta name=\"robots\" content=\"index, follow, max-snippet:-1, max-image-preview:large, max-video-preview:-1\" \/>\n<link rel=\"canonical\" href=\"https:\/\/www.marieclaire.fr\/maison\/hivernage-des-plantes-comment-proteger-ses-plantes-cet-hiver,1464116.asp\" \/>\n<link rel=\"next\" href=\"https:\/\/marieclaire.be\/fr\/conseils-plantes-hivernage\/2\/\" \/>\n<meta property=\"og:locale\" content=\"fr_FR\" \/>\n<meta property=\"og:type\" content=\"article\" \/>\n<meta property=\"og:title\" content=\"Quels sont les bons gestes pour prot\u00e9ger vos plantes en hiver ? - Marie Claire Belgique\" \/>\n<meta property=\"og:description\" content=\"Avec l&#039;hiver qui arrive, comment prendre soin de vos plantes de jardin ou de balcon pour qu&#039;elles passent la saison sans encombre ?\" \/>\n<meta property=\"og:url\" content=\"https:\/\/www.marieclaire.fr\/maison\/hivernage-des-plantes-comment-proteger-ses-plantes-cet-hiver,1464116.asp\" \/>\n<meta property=\"og:site_name\" content=\"Marie Claire Belgique\" \/>\n<meta property=\"article:publisher\" content=\"https:\/\/www.facebook.com\/MarieClaire.Belgique\/\" \/>\n<meta property=\"article:published_time\" content=\"2025-01-09T06:32:40+00:00\" \/>\n<meta property=\"article:modified_time\" content=\"2025-01-09T09:00:25+00:00\" \/>\n<meta property=\"og:image\" content=\"https:\/\/marieclaire.be\/fr\/wp-content\/uploads\/2023\/11\/plantes-hivernage.png\" \/>\n\t<meta property=\"og:image:width\" content=\"1200\" \/>\n\t<meta property=\"og:image:height\" content=\"628\" \/>\n\t<meta property=\"og:image:type\" content=\"image\/png\" \/>\n<meta name=\"author\" content=\"Malvine Sevrin\" \/>\n<meta name=\"twitter:label1\" content=\"\u00c9crit par\" \/>\n\t<meta name=\"twitter:data1\" content=\"Malvine Sevrin\" \/>\n\t<meta name=\"twitter:label2\" content=\"Dur\u00e9e de lecture estim\u00e9e\" \/>\n\t<meta name=\"twitter:data2\" content=\"4 minutes\" \/>\n<script type=\"application\/ld+json\" class=\"yoast-schema-graph\">{\"@context\":\"https:\\\/\\\/schema.org\",\"@graph\":[{\"@type\":\"NewsArticle\",\"@id\":\"https:\\\/\\\/www.marieclaire.fr\\\/maison\\\/hivernage-des-plantes-comment-proteger-ses-plantes-cet-hiver%2c1464116.asp#article\",\"isPartOf\":{\"@id\":\"https:\\\/\\\/marieclaire.be\\\/fr\\\/conseils-plantes-hivernage\\\/\"},\"author\":{\"name\":\"Malvine Sevrin\",\"@id\":\"https:\\\/\\\/marieclaire.be\\\/fr\\\/#\\\/schema\\\/person\\\/c71bd7a8c3e622513c7531a39292a34e\"},\"headline\":\"Quels sont les bons gestes pour prot\u00e9ger vos plantes en hiver ?\",\"datePublished\":\"2025-01-09T06:32:40+00:00\",\"dateModified\":\"2025-01-09T09:00:25+00:00\",\"mainEntityOfPage\":{\"@id\":\"https:\\\/\\\/marieclaire.be\\\/fr\\\/conseils-plantes-hivernage\\\/\"},\"wordCount\":707,\"publisher\":{\"@id\":\"https:\\\/\\\/marieclaire.be\\\/fr\\\/#organization\"},\"image\":{\"@id\":\"https:\\\/\\\/www.marieclaire.fr\\\/maison\\\/hivernage-des-plantes-comment-proteger-ses-plantes-cet-hiver%2c1464116.asp#primaryimage\"},\"thumbnailUrl\":\"https:\\\/\\\/marieclaire.be\\\/fr\\\/wp-content\\\/uploads\\\/2023\\\/11\\\/plantes-hivernage.png\",\"articleSection\":[\"Lifestyle\",\"Vie pratique\"],\"inLanguage\":\"fr-FR\"},{\"@type\":\"WebPage\",\"@id\":\"https:\\\/\\\/marieclaire.be\\\/fr\\\/conseils-plantes-hivernage\\\/\",\"url\":\"https:\\\/\\\/www.marieclaire.fr\\\/maison\\\/hivernage-des-plantes-comment-proteger-ses-plantes-cet-hiver%2c1464116.asp\",\"name\":\"Quels sont les bons gestes pour prot\u00e9ger vos plantes en hiver ? - Marie Claire Belgique\",\"isPartOf\":{\"@id\":\"https:\\\/\\\/marieclaire.be\\\/fr\\\/#website\"},\"primaryImageOfPage\":{\"@id\":\"https:\\\/\\\/www.marieclaire.fr\\\/maison\\\/hivernage-des-plantes-comment-proteger-ses-plantes-cet-hiver%2c1464116.asp#primaryimage\"},\"image\":{\"@id\":\"https:\\\/\\\/www.marieclaire.fr\\\/maison\\\/hivernage-des-plantes-comment-proteger-ses-plantes-cet-hiver%2c1464116.asp#primaryimage\"},\"thumbnailUrl\":\"https:\\\/\\\/marieclaire.be\\\/fr\\\/wp-content\\\/uploads\\\/2023\\\/11\\\/plantes-hivernage.png\",\"datePublished\":\"2025-01-09T06:32:40+00:00\",\"dateModified\":\"2025-01-09T09:00:25+00:00\",\"description\":\"Avec l'hiver qui arrive, comment prendre soin de vos plantes de jardin ou de balcon pour qu'elles passent la saison sans encombre ?\",\"inLanguage\":\"fr-FR\",\"potentialAction\":[{\"@type\":\"ReadAction\",\"target\":[\"https:\\\/\\\/www.marieclaire.fr\\\/maison\\\/hivernage-des-plantes-comment-proteger-ses-plantes-cet-hiver%2c1464116.asp\"]}]},{\"@type\":\"ImageObject\",\"inLanguage\":\"fr-FR\",\"@id\":\"https:\\\/\\\/www.marieclaire.fr\\\/maison\\\/hivernage-des-plantes-comment-proteger-ses-plantes-cet-hiver%2c1464116.asp#primaryimage\",\"url\":\"https:\\\/\\\/marieclaire.be\\\/fr\\\/wp-content\\\/uploads\\\/2023\\\/11\\\/plantes-hivernage.png\",\"contentUrl\":\"https:\\\/\\\/marieclaire.be\\\/fr\\\/wp-content\\\/uploads\\\/2023\\\/11\\\/plantes-hivernage.png\",\"width\":1200,\"height\":628,\"caption\":\"Getty Images\"},{\"@type\":\"WebSite\",\"@id\":\"https:\\\/\\\/marieclaire.be\\\/fr\\\/#website\",\"url\":\"https:\\\/\\\/marieclaire.be\\\/fr\\\/\",\"name\":\"Marie Claire Belgique\",\"description\":\"Marie Claire Belgique, le magazine du style et de l\u2019intelligence qui parle de mode, des tendances, de la beaut\u00e9, de l\u2019actualit\u00e9 et de la culture\",\"publisher\":{\"@id\":\"https:\\\/\\\/marieclaire.be\\\/fr\\\/#organization\"},\"potentialAction\":[{\"@type\":\"SearchAction\",\"target\":{\"@type\":\"EntryPoint\",\"urlTemplate\":\"https:\\\/\\\/marieclaire.be\\\/fr\\\/?s={search_term_string}\"},\"query-input\":{\"@type\":\"PropertyValueSpecification\",\"valueRequired\":true,\"valueName\":\"search_term_string\"}}],\"inLanguage\":\"fr-FR\"},{\"@type\":\"Organization\",\"@id\":\"https:\\\/\\\/marieclaire.be\\\/fr\\\/#organization\",\"name\":\"Marie Claire\",\"url\":\"https:\\\/\\\/marieclaire.be\\\/fr\\\/\",\"logo\":{\"@type\":\"ImageObject\",\"inLanguage\":\"fr-FR\",\"@id\":\"https:\\\/\\\/marieclaire.be\\\/fr\\\/#\\\/schema\\\/logo\\\/image\\\/\",\"url\":\"https:\\\/\\\/marieclaire.be\\\/fr\\\/wp-content\\\/uploads\\\/2018\\\/05\\\/mc-logo2.png\",\"contentUrl\":\"https:\\\/\\\/marieclaire.be\\\/fr\\\/wp-content\\\/uploads\\\/2018\\\/05\\\/mc-logo2.png\",\"width\":1001,\"height\":189,\"caption\":\"Marie Claire\"},\"image\":{\"@id\":\"https:\\\/\\\/marieclaire.be\\\/fr\\\/#\\\/schema\\\/logo\\\/image\\\/\"},\"sameAs\":[\"https:\\\/\\\/www.facebook.com\\\/MarieClaire.Belgique\\\/\",\"https:\\\/\\\/www.instagram.com\\\/marieclaire_belgique\\\/\",\"https:\\\/\\\/fr.pinterest.com\\\/marieclairebe\\\/\",\"https:\\\/\\\/www.youtube.com\\\/user\\\/BelgiumMarieClaire\"]},{\"@type\":\"Person\",\"@id\":\"https:\\\/\\\/marieclaire.be\\\/fr\\\/#\\\/schema\\\/person\\\/c71bd7a8c3e622513c7531a39292a34e\",\"name\":\"Malvine Sevrin\",\"image\":{\"@type\":\"ImageObject\",\"inLanguage\":\"fr-FR\",\"@id\":\"https:\\\/\\\/marieclaire.be\\\/fr\\\/wp-content\\\/uploads\\\/2017\\\/05\\\/capture-decran-2024-02-13-a-145920-96x96.png\",\"url\":\"https:\\\/\\\/marieclaire.be\\\/fr\\\/wp-content\\\/uploads\\\/2017\\\/05\\\/capture-decran-2024-02-13-a-145920-96x96.png\",\"contentUrl\":\"https:\\\/\\\/marieclaire.be\\\/fr\\\/wp-content\\\/uploads\\\/2017\\\/05\\\/capture-decran-2024-02-13-a-145920-96x96.png\",\"caption\":\"Malvine Sevrin\"},\"description\":\"Des podiums parisiens aux derni\u00e8res nouveaut\u00e9s skincare qui enflamment TikTok, je d\u00e9crypte les tendances pour Marie Claire Belgique. Passionn\u00e9e de voyage, de mode et de beaut\u00e9, je partage mes coups de coeur d\u00e9nich\u00e9s aux quatre coins du globe. En tant que r\u00e9dactrice en chef digital, j'ai \u00e9galement \u00e0 coeur de mettre en lumi\u00e8re les histoires inspirantes de femmes \u00e0 travers notre site et sur nos r\u00e9seaux sociaux.\",\"sameAs\":[\"https:\\\/\\\/www.instagram.com\\\/malvinesev\\\/\"],\"url\":\"https:\\\/\\\/marieclaire.be\\\/fr\\\/author\\\/malvine\\\/\"}]}<\/script>\n<!-- \/ Yoast SEO plugin. -->","yoast_head_json":{"title":"Quels sont les bons gestes pour prot\u00e9ger vos plantes en hiver ? - Marie Claire Belgique","description":"Avec l'hiver qui arrive, comment prendre soin de vos plantes de jardin ou de balcon pour qu'elles passent la saison sans encombre ?","robots":{"index":"index","follow":"follow","max-snippet":"max-snippet:-1","max-image-preview":"max-image-preview:large","max-video-preview":"max-video-preview:-1"},"canonical":"https:\/\/www.marieclaire.fr\/maison\/hivernage-des-plantes-comment-proteger-ses-plantes-cet-hiver,1464116.asp","next":"https:\/\/marieclaire.be\/fr\/conseils-plantes-hivernage\/2\/","og_locale":"fr_FR","og_type":"article","og_title":"Quels sont les bons gestes pour prot\u00e9ger vos plantes en hiver ? - Marie Claire Belgique","og_description":"Avec l'hiver qui arrive, comment prendre soin de vos plantes de jardin ou de balcon pour qu'elles passent la saison sans encombre ?","og_url":"https:\/\/www.marieclaire.fr\/maison\/hivernage-des-plantes-comment-proteger-ses-plantes-cet-hiver,1464116.asp","og_site_name":"Marie Claire Belgique","article_publisher":"https:\/\/www.facebook.com\/MarieClaire.Belgique\/","article_published_time":"2025-01-09T06:32:40+00:00","article_modified_time":"2025-01-09T09:00:25+00:00","og_image":[{"width":1200,"height":628,"url":"https:\/\/marieclaire.be\/fr\/wp-content\/uploads\/2023\/11\/plantes-hivernage.png","type":"image\/png"}],"author":"Malvine Sevrin","twitter_misc":{"\u00c9crit par":"Malvine Sevrin","Dur\u00e9e de lecture estim\u00e9e":"4 minutes"},"schema":{"@context":"https:\/\/schema.org","@graph":[{"@type":"NewsArticle","@id":"https:\/\/www.marieclaire.fr\/maison\/hivernage-des-plantes-comment-proteger-ses-plantes-cet-hiver%2c1464116.asp#article","isPartOf":{"@id":"https:\/\/marieclaire.be\/fr\/conseils-plantes-hivernage\/"},"author":{"name":"Malvine Sevrin","@id":"https:\/\/marieclaire.be\/fr\/#\/schema\/person\/c71bd7a8c3e622513c7531a39292a34e"},"headline":"Quels sont les bons gestes pour prot\u00e9ger vos plantes en hiver ?","datePublished":"2025-01-09T06:32:40+00:00","dateModified":"2025-01-09T09:00:25+00:00","mainEntityOfPage":{"@id":"https:\/\/marieclaire.be\/fr\/conseils-plantes-hivernage\/"},"wordCount":707,"publisher":{"@id":"https:\/\/marieclaire.be\/fr\/#organization"},"image":{"@id":"https:\/\/www.marieclaire.fr\/maison\/hivernage-des-plantes-comment-proteger-ses-plantes-cet-hiver%2c1464116.asp#primaryimage"},"thumbnailUrl":"https:\/\/marieclaire.be\/fr\/wp-content\/uploads\/2023\/11\/plantes-hivernage.png","articleSection":["Lifestyle","Vie pratique"],"inLanguage":"fr-FR"},{"@type":"WebPage","@id":"https:\/\/marieclaire.be\/fr\/conseils-plantes-hivernage\/","url":"https:\/\/www.marieclaire.fr\/maison\/hivernage-des-plantes-comment-proteger-ses-plantes-cet-hiver%2c1464116.asp","name":"Quels sont les bons gestes pour prot\u00e9ger vos plantes en hiver ? - Marie Claire Belgique","isPartOf":{"@id":"https:\/\/marieclaire.be\/fr\/#website"},"primaryImageOfPage":{"@id":"https:\/\/www.marieclaire.fr\/maison\/hivernage-des-plantes-comment-proteger-ses-plantes-cet-hiver%2c1464116.asp#primaryimage"},"image":{"@id":"https:\/\/www.marieclaire.fr\/maison\/hivernage-des-plantes-comment-proteger-ses-plantes-cet-hiver%2c1464116.asp#primaryimage"},"thumbnailUrl":"https:\/\/marieclaire.be\/fr\/wp-content\/uploads\/2023\/11\/plantes-hivernage.png","datePublished":"2025-01-09T06:32:40+00:00","dateModified":"2025-01-09T09:00:25+00:00","description":"Avec l'hiver qui arrive, comment prendre soin de vos plantes de jardin ou de balcon pour qu'elles passent la saison sans encombre ?","inLanguage":"fr-FR","potentialAction":[{"@type":"ReadAction","target":["https:\/\/www.marieclaire.fr\/maison\/hivernage-des-plantes-comment-proteger-ses-plantes-cet-hiver%2c1464116.asp"]}]},{"@type":"ImageObject","inLanguage":"fr-FR","@id":"https:\/\/www.marieclaire.fr\/maison\/hivernage-des-plantes-comment-proteger-ses-plantes-cet-hiver%2c1464116.asp#primaryimage","url":"https:\/\/marieclaire.be\/fr\/wp-content\/uploads\/2023\/11\/plantes-hivernage.png","contentUrl":"https:\/\/marieclaire.be\/fr\/wp-content\/uploads\/2023\/11\/plantes-hivernage.png","width":1200,"height":628,"caption":"Getty Images"},{"@type":"WebSite","@id":"https:\/\/marieclaire.be\/fr\/#website","url":"https:\/\/marieclaire.be\/fr\/","name":"Marie Claire Belgique","description":"Marie Claire Belgique, le magazine du style et de l\u2019intelligence qui parle de mode, des tendances, de la beaut\u00e9, de l\u2019actualit\u00e9 et de la culture","publisher":{"@id":"https:\/\/marieclaire.be\/fr\/#organization"},"potentialAction":[{"@type":"SearchAction","target":{"@type":"EntryPoint","urlTemplate":"https:\/\/marieclaire.be\/fr\/?s={search_term_string}"},"query-input":{"@type":"PropertyValueSpecification","valueRequired":true,"valueName":"search_term_string"}}],"inLanguage":"fr-FR"},{"@type":"Organization","@id":"https:\/\/marieclaire.be\/fr\/#organization","name":"Marie Claire","url":"https:\/\/marieclaire.be\/fr\/","logo":{"@type":"ImageObject","inLanguage":"fr-FR","@id":"https:\/\/marieclaire.be\/fr\/#\/schema\/logo\/image\/","url":"https:\/\/marieclaire.be\/fr\/wp-content\/uploads\/2018\/05\/mc-logo2.png","contentUrl":"https:\/\/marieclaire.be\/fr\/wp-content\/uploads\/2018\/05\/mc-logo2.png","width":1001,"height":189,"caption":"Marie Claire"},"image":{"@id":"https:\/\/marieclaire.be\/fr\/#\/schema\/logo\/image\/"},"sameAs":["https:\/\/www.facebook.com\/MarieClaire.Belgique\/","https:\/\/www.instagram.com\/marieclaire_belgique\/","https:\/\/fr.pinterest.com\/marieclairebe\/","https:\/\/www.youtube.com\/user\/BelgiumMarieClaire"]},{"@type":"Person","@id":"https:\/\/marieclaire.be\/fr\/#\/schema\/person\/c71bd7a8c3e622513c7531a39292a34e","name":"Malvine Sevrin","image":{"@type":"ImageObject","inLanguage":"fr-FR","@id":"https:\/\/marieclaire.be\/fr\/wp-content\/uploads\/2017\/05\/capture-decran-2024-02-13-a-145920-96x96.png","url":"https:\/\/marieclaire.be\/fr\/wp-content\/uploads\/2017\/05\/capture-decran-2024-02-13-a-145920-96x96.png","contentUrl":"https:\/\/marieclaire.be\/fr\/wp-content\/uploads\/2017\/05\/capture-decran-2024-02-13-a-145920-96x96.png","caption":"Malvine Sevrin"},"description":"Des podiums parisiens aux derni\u00e8res nouveaut\u00e9s skincare qui enflamment TikTok, je d\u00e9crypte les tendances pour Marie Claire Belgique. Passionn\u00e9e de voyage, de mode et de beaut\u00e9, je partage mes coups de coeur d\u00e9nich\u00e9s aux quatre coins du globe. En tant que r\u00e9dactrice en chef digital, j'ai \u00e9galement \u00e0 coeur de mettre en lumi\u00e8re les histoires inspirantes de femmes \u00e0 travers notre site et sur nos r\u00e9seaux sociaux.","sameAs":["https:\/\/www.instagram.com\/malvinesev\/"],"url":"https:\/\/marieclaire.be\/fr\/author\/malvine\/"}]}},"_links":{"self":[{"href":"https:\/\/marieclaire.be\/fr\/wp-json\/wp\/v2\/posts\/131648","targetHints":{"allow":["GET"]}}],"collection":[{"href":"https:\/\/marieclaire.be\/fr\/wp-json\/wp\/v2\/posts"}],"about":[{"href":"https:\/\/marieclaire.be\/fr\/wp-json\/wp\/v2\/types\/post"}],"author":[{"embeddable":true,"href":"https:\/\/marieclaire.be\/fr\/wp-json\/wp\/v2\/users\/30"}],"replies":[{"embeddable":true,"href":"https:\/\/marieclaire.be\/fr\/wp-json\/wp\/v2\/comments?post=131648"}],"version-history":[{"count":2,"href":"https:\/\/marieclaire.be\/fr\/wp-json\/wp\/v2\/posts\/131648\/revisions"}],"predecessor-version":[{"id":131652,"href":"https:\/\/marieclaire.be\/fr\/wp-json\/wp\/v2\/posts\/131648\/revisions\/131652"}],"wp:featuredmedia":[{"embeddable":true,"href":"https:\/\/marieclaire.be\/fr\/wp-json\/wp\/v2\/media\/131650"}],"wp:attachment":[{"href":"https:\/\/marieclaire.be\/fr\/wp-json\/wp\/v2\/media?parent=131648"}],"wp:term":[{"taxonomy":"category","embeddable":true,"href":"https:\/\/marieclaire.be\/fr\/wp-json\/wp\/v2\/categories?post=131648"},{"taxonomy":"post_tag","embeddable":true,"href":"https:\/\/marieclaire.be\/fr\/wp-json\/wp\/v2\/tags?post=131648"}],"curies":[{"name":"wp","href":"https:\/\/api.w.org\/{rel}","templated":true}]}}