{"id":130448,"date":"2023-10-19T06:10:58","date_gmt":"2023-10-19T04:10:58","guid":{"rendered":"https:\/\/marieclaire.be\/fr\/?p=130448"},"modified":"2023-10-19T11:05:06","modified_gmt":"2023-10-19T09:05:06","slug":"simplement-julie-aurelie-confrontee-au-cancer-du-sein-exprime","status":"publish","type":"post","link":"https:\/\/marieclaire.be\/fr\/simplement-julie-aurelie-confrontee-au-cancer-du-sein-exprime\/","title":{"rendered":"Aur\u00e9lie, face au cancer du sein, exprime : &#8220;La vie, c\u2019est maintenant&#8221;"},"content":{"rendered":"","protected":false},"excerpt":{"rendered":"Via le podcast NRJ \u00ab\u00a0Simplement Julie\u00a0\u00bb, Julie Taton rencontre deux femmes impliqu\u00e9es dans la lutte contre la maladie. ...","protected":false},"author":44,"featured_media":130462,"comment_status":"closed","ping_status":"closed","sticky":false,"template":"","format":"standard","meta":{"_acf_changed":false,"footnotes":""},"categories":[4845],"tags":[],"class_list":["post-130448","post","type-post","status-publish","format-standard","has-post-thumbnail","hentry","category-podcast"],"acf":[],"_yoast_wpseo_title":null,"_yoast_wpseo_metadesc":"Via le podcast NRJ \u00ab\u00a0Simplement Julie\u00a0\u00bb, Julie Taton rencontre deux femmes impliqu\u00e9es dans la lutte contre la maladie. L\u2019heure est \u00e0 l\u2019espoir.","image_verticale":"130461","yoast_head":"<!-- This site is optimized with the Yoast SEO plugin v27.3 - https:\/\/yoast.com\/product\/yoast-seo-wordpress\/ -->\n<title>Aur\u00e9lie, face au cancer du sein, exprime : &quot;La vie, c\u2019est maintenant&quot; - Marie Claire Belgique<\/title>\n<meta name=\"description\" content=\"Via le podcast NRJ \u00ab\u00a0Simplement Julie\u00a0\u00bb, Julie Taton rencontre deux femmes impliqu\u00e9es dans la lutte contre la maladie. L\u2019heure est \u00e0 l\u2019espoir.\" \/>\n<meta name=\"robots\" content=\"index, follow, max-snippet:-1, max-image-preview:large, max-video-preview:-1\" \/>\n<link rel=\"canonical\" href=\"https:\/\/marieclaire.be\/fr\/simplement-julie-aurelie-confrontee-au-cancer-du-sein-exprime\/\" \/>\n<meta property=\"og:locale\" content=\"fr_FR\" \/>\n<meta property=\"og:type\" content=\"article\" \/>\n<meta property=\"og:title\" content=\"Aur\u00e9lie, face au cancer du sein, exprime : &quot;La vie, c\u2019est maintenant&quot; - Marie Claire Belgique\" \/>\n<meta property=\"og:description\" content=\"Via le podcast NRJ \u00ab\u00a0Simplement Julie\u00a0\u00bb, Julie Taton rencontre deux femmes impliqu\u00e9es dans la lutte contre la maladie. L\u2019heure est \u00e0 l\u2019espoir.\" \/>\n<meta property=\"og:url\" content=\"https:\/\/marieclaire.be\/fr\/simplement-julie-aurelie-confrontee-au-cancer-du-sein-exprime\/\" \/>\n<meta property=\"og:site_name\" content=\"Marie Claire Belgique\" \/>\n<meta property=\"article:publisher\" content=\"https:\/\/www.facebook.com\/MarieClaire.Belgique\/\" \/>\n<meta property=\"article:published_time\" content=\"2023-10-19T04:10:58+00:00\" \/>\n<meta property=\"article:modified_time\" content=\"2023-10-19T09:05:06+00:00\" \/>\n<meta property=\"og:image\" content=\"https:\/\/marieclaire.be\/fr\/wp-content\/uploads\/2023\/10\/femme-marche-plage-3.jpg\" \/>\n\t<meta property=\"og:image:width\" content=\"1200\" \/>\n\t<meta property=\"og:image:height\" content=\"628\" \/>\n\t<meta property=\"og:image:type\" content=\"image\/jpeg\" \/>\n<meta name=\"author\" content=\"Marie Claire Partenaire\" \/>\n<meta name=\"twitter:label1\" content=\"\u00c9crit par\" \/>\n\t<meta name=\"twitter:data1\" content=\"Marie Claire Partenaire\" \/>\n\t<meta name=\"twitter:label2\" content=\"Dur\u00e9e de lecture estim\u00e9e\" \/>\n\t<meta name=\"twitter:data2\" content=\"4 minutes\" \/>\n<script type=\"application\/ld+json\" class=\"yoast-schema-graph\">{\"@context\":\"https:\\\/\\\/schema.org\",\"@graph\":[{\"@type\":\"NewsArticle\",\"@id\":\"https:\\\/\\\/marieclaire.be\\\/fr\\\/simplement-julie-aurelie-confrontee-au-cancer-du-sein-exprime\\\/#article\",\"isPartOf\":{\"@id\":\"https:\\\/\\\/marieclaire.be\\\/fr\\\/simplement-julie-aurelie-confrontee-au-cancer-du-sein-exprime\\\/\"},\"author\":{\"name\":\"Marie Claire Partenaire\",\"@id\":\"https:\\\/\\\/marieclaire.be\\\/fr\\\/#\\\/schema\\\/person\\\/bdba51896db3a4a4d511b535c2bfb06c\"},\"headline\":\"Aur\u00e9lie, face au cancer du sein, exprime : &#8220;La vie, c\u2019est maintenant&#8221;\",\"datePublished\":\"2023-10-19T04:10:58+00:00\",\"dateModified\":\"2023-10-19T09:05:06+00:00\",\"mainEntityOfPage\":{\"@id\":\"https:\\\/\\\/marieclaire.be\\\/fr\\\/simplement-julie-aurelie-confrontee-au-cancer-du-sein-exprime\\\/\"},\"wordCount\":666,\"publisher\":{\"@id\":\"https:\\\/\\\/marieclaire.be\\\/fr\\\/#organization\"},\"image\":{\"@id\":\"https:\\\/\\\/marieclaire.be\\\/fr\\\/simplement-julie-aurelie-confrontee-au-cancer-du-sein-exprime\\\/#primaryimage\"},\"thumbnailUrl\":\"https:\\\/\\\/marieclaire.be\\\/fr\\\/wp-content\\\/uploads\\\/2023\\\/10\\\/femme-marche-plage-3.jpg\",\"articleSection\":[\"Podcast\"],\"inLanguage\":\"fr-FR\"},{\"@type\":\"WebPage\",\"@id\":\"https:\\\/\\\/marieclaire.be\\\/fr\\\/simplement-julie-aurelie-confrontee-au-cancer-du-sein-exprime\\\/\",\"url\":\"https:\\\/\\\/marieclaire.be\\\/fr\\\/simplement-julie-aurelie-confrontee-au-cancer-du-sein-exprime\\\/\",\"name\":\"Aur\u00e9lie, face au cancer du sein, exprime : \\\"La vie, c\u2019est maintenant\\\" - Marie Claire Belgique\",\"isPartOf\":{\"@id\":\"https:\\\/\\\/marieclaire.be\\\/fr\\\/#website\"},\"primaryImageOfPage\":{\"@id\":\"https:\\\/\\\/marieclaire.be\\\/fr\\\/simplement-julie-aurelie-confrontee-au-cancer-du-sein-exprime\\\/#primaryimage\"},\"image\":{\"@id\":\"https:\\\/\\\/marieclaire.be\\\/fr\\\/simplement-julie-aurelie-confrontee-au-cancer-du-sein-exprime\\\/#primaryimage\"},\"thumbnailUrl\":\"https:\\\/\\\/marieclaire.be\\\/fr\\\/wp-content\\\/uploads\\\/2023\\\/10\\\/femme-marche-plage-3.jpg\",\"datePublished\":\"2023-10-19T04:10:58+00:00\",\"dateModified\":\"2023-10-19T09:05:06+00:00\",\"description\":\"Via le podcast NRJ \u00ab\u00a0Simplement Julie\u00a0\u00bb, Julie Taton rencontre deux femmes impliqu\u00e9es dans la lutte contre la maladie. L\u2019heure est \u00e0 l\u2019espoir.\",\"breadcrumb\":{\"@id\":\"https:\\\/\\\/marieclaire.be\\\/fr\\\/simplement-julie-aurelie-confrontee-au-cancer-du-sein-exprime\\\/#breadcrumb\"},\"inLanguage\":\"fr-FR\",\"potentialAction\":[{\"@type\":\"ReadAction\",\"target\":[\"https:\\\/\\\/marieclaire.be\\\/fr\\\/simplement-julie-aurelie-confrontee-au-cancer-du-sein-exprime\\\/\"]}]},{\"@type\":\"ImageObject\",\"inLanguage\":\"fr-FR\",\"@id\":\"https:\\\/\\\/marieclaire.be\\\/fr\\\/simplement-julie-aurelie-confrontee-au-cancer-du-sein-exprime\\\/#primaryimage\",\"url\":\"https:\\\/\\\/marieclaire.be\\\/fr\\\/wp-content\\\/uploads\\\/2023\\\/10\\\/femme-marche-plage-3.jpg\",\"contentUrl\":\"https:\\\/\\\/marieclaire.be\\\/fr\\\/wp-content\\\/uploads\\\/2023\\\/10\\\/femme-marche-plage-3.jpg\",\"width\":1200,\"height\":628,\"caption\":\"Freepik\"},{\"@type\":\"BreadcrumbList\",\"@id\":\"https:\\\/\\\/marieclaire.be\\\/fr\\\/simplement-julie-aurelie-confrontee-au-cancer-du-sein-exprime\\\/#breadcrumb\",\"itemListElement\":[{\"@type\":\"ListItem\",\"position\":1,\"name\":\"Accueil\",\"item\":\"https:\\\/\\\/marieclaire.be\\\/fr\\\/\"},{\"@type\":\"ListItem\",\"position\":2,\"name\":\"Aur\u00e9lie, face au cancer du sein, exprime : \u00ab\u00a0La vie, c\u2019est maintenant\u00a0\u00bb\"}]},{\"@type\":\"WebSite\",\"@id\":\"https:\\\/\\\/marieclaire.be\\\/fr\\\/#website\",\"url\":\"https:\\\/\\\/marieclaire.be\\\/fr\\\/\",\"name\":\"Marie Claire Belgique\",\"description\":\"Marie Claire Belgique, le magazine du style et de l\u2019intelligence qui parle de mode, des tendances, de la beaut\u00e9, de l\u2019actualit\u00e9 et de la culture\",\"publisher\":{\"@id\":\"https:\\\/\\\/marieclaire.be\\\/fr\\\/#organization\"},\"potentialAction\":[{\"@type\":\"SearchAction\",\"target\":{\"@type\":\"EntryPoint\",\"urlTemplate\":\"https:\\\/\\\/marieclaire.be\\\/fr\\\/?s={search_term_string}\"},\"query-input\":{\"@type\":\"PropertyValueSpecification\",\"valueRequired\":true,\"valueName\":\"search_term_string\"}}],\"inLanguage\":\"fr-FR\"},{\"@type\":\"Organization\",\"@id\":\"https:\\\/\\\/marieclaire.be\\\/fr\\\/#organization\",\"name\":\"Marie Claire\",\"url\":\"https:\\\/\\\/marieclaire.be\\\/fr\\\/\",\"logo\":{\"@type\":\"ImageObject\",\"inLanguage\":\"fr-FR\",\"@id\":\"https:\\\/\\\/marieclaire.be\\\/fr\\\/#\\\/schema\\\/logo\\\/image\\\/\",\"url\":\"https:\\\/\\\/marieclaire.be\\\/fr\\\/wp-content\\\/uploads\\\/2018\\\/05\\\/mc-logo2.png\",\"contentUrl\":\"https:\\\/\\\/marieclaire.be\\\/fr\\\/wp-content\\\/uploads\\\/2018\\\/05\\\/mc-logo2.png\",\"width\":1001,\"height\":189,\"caption\":\"Marie Claire\"},\"image\":{\"@id\":\"https:\\\/\\\/marieclaire.be\\\/fr\\\/#\\\/schema\\\/logo\\\/image\\\/\"},\"sameAs\":[\"https:\\\/\\\/www.facebook.com\\\/MarieClaire.Belgique\\\/\",\"https:\\\/\\\/www.instagram.com\\\/marieclaire_belgique\\\/\",\"https:\\\/\\\/fr.pinterest.com\\\/marieclairebe\\\/\",\"https:\\\/\\\/www.youtube.com\\\/user\\\/BelgiumMarieClaire\"]},{\"@type\":\"Person\",\"@id\":\"https:\\\/\\\/marieclaire.be\\\/fr\\\/#\\\/schema\\\/person\\\/bdba51896db3a4a4d511b535c2bfb06c\",\"name\":\"Marie Claire Partenaire\",\"image\":{\"@type\":\"ImageObject\",\"inLanguage\":\"fr-FR\",\"@id\":\"https:\\\/\\\/marieclaire.be\\\/fr\\\/wp-content\\\/uploads\\\/2025\\\/02\\\/mclogo-300x3001-96x96.jpg\",\"url\":\"https:\\\/\\\/marieclaire.be\\\/fr\\\/wp-content\\\/uploads\\\/2025\\\/02\\\/mclogo-300x3001-96x96.jpg\",\"contentUrl\":\"https:\\\/\\\/marieclaire.be\\\/fr\\\/wp-content\\\/uploads\\\/2025\\\/02\\\/mclogo-300x3001-96x96.jpg\",\"caption\":\"Marie Claire Partenaire\"},\"url\":\"https:\\\/\\\/marieclaire.be\\\/fr\\\/author\\\/marie-claire-os\\\/\"}]}<\/script>\n<!-- \/ Yoast SEO plugin. -->","yoast_head_json":{"title":"Aur\u00e9lie, face au cancer du sein, exprime : \"La vie, c\u2019est maintenant\" - Marie Claire Belgique","description":"Via le podcast NRJ \u00ab\u00a0Simplement Julie\u00a0\u00bb, Julie Taton rencontre deux femmes impliqu\u00e9es dans la lutte contre la maladie. L\u2019heure est \u00e0 l\u2019espoir.","robots":{"index":"index","follow":"follow","max-snippet":"max-snippet:-1","max-image-preview":"max-image-preview:large","max-video-preview":"max-video-preview:-1"},"canonical":"https:\/\/marieclaire.be\/fr\/simplement-julie-aurelie-confrontee-au-cancer-du-sein-exprime\/","og_locale":"fr_FR","og_type":"article","og_title":"Aur\u00e9lie, face au cancer du sein, exprime : \"La vie, c\u2019est maintenant\" - Marie Claire Belgique","og_description":"Via le podcast NRJ \u00ab\u00a0Simplement Julie\u00a0\u00bb, Julie Taton rencontre deux femmes impliqu\u00e9es dans la lutte contre la maladie. L\u2019heure est \u00e0 l\u2019espoir.","og_url":"https:\/\/marieclaire.be\/fr\/simplement-julie-aurelie-confrontee-au-cancer-du-sein-exprime\/","og_site_name":"Marie Claire Belgique","article_publisher":"https:\/\/www.facebook.com\/MarieClaire.Belgique\/","article_published_time":"2023-10-19T04:10:58+00:00","article_modified_time":"2023-10-19T09:05:06+00:00","og_image":[{"width":1200,"height":628,"url":"https:\/\/marieclaire.be\/fr\/wp-content\/uploads\/2023\/10\/femme-marche-plage-3.jpg","type":"image\/jpeg"}],"author":"Marie Claire Partenaire","twitter_misc":{"\u00c9crit par":"Marie Claire Partenaire","Dur\u00e9e de lecture estim\u00e9e":"4 minutes"},"schema":{"@context":"https:\/\/schema.org","@graph":[{"@type":"NewsArticle","@id":"https:\/\/marieclaire.be\/fr\/simplement-julie-aurelie-confrontee-au-cancer-du-sein-exprime\/#article","isPartOf":{"@id":"https:\/\/marieclaire.be\/fr\/simplement-julie-aurelie-confrontee-au-cancer-du-sein-exprime\/"},"author":{"name":"Marie Claire Partenaire","@id":"https:\/\/marieclaire.be\/fr\/#\/schema\/person\/bdba51896db3a4a4d511b535c2bfb06c"},"headline":"Aur\u00e9lie, face au cancer du sein, exprime : &#8220;La vie, c\u2019est maintenant&#8221;","datePublished":"2023-10-19T04:10:58+00:00","dateModified":"2023-10-19T09:05:06+00:00","mainEntityOfPage":{"@id":"https:\/\/marieclaire.be\/fr\/simplement-julie-aurelie-confrontee-au-cancer-du-sein-exprime\/"},"wordCount":666,"publisher":{"@id":"https:\/\/marieclaire.be\/fr\/#organization"},"image":{"@id":"https:\/\/marieclaire.be\/fr\/simplement-julie-aurelie-confrontee-au-cancer-du-sein-exprime\/#primaryimage"},"thumbnailUrl":"https:\/\/marieclaire.be\/fr\/wp-content\/uploads\/2023\/10\/femme-marche-plage-3.jpg","articleSection":["Podcast"],"inLanguage":"fr-FR"},{"@type":"WebPage","@id":"https:\/\/marieclaire.be\/fr\/simplement-julie-aurelie-confrontee-au-cancer-du-sein-exprime\/","url":"https:\/\/marieclaire.be\/fr\/simplement-julie-aurelie-confrontee-au-cancer-du-sein-exprime\/","name":"Aur\u00e9lie, face au cancer du sein, exprime : \"La vie, c\u2019est maintenant\" - Marie Claire Belgique","isPartOf":{"@id":"https:\/\/marieclaire.be\/fr\/#website"},"primaryImageOfPage":{"@id":"https:\/\/marieclaire.be\/fr\/simplement-julie-aurelie-confrontee-au-cancer-du-sein-exprime\/#primaryimage"},"image":{"@id":"https:\/\/marieclaire.be\/fr\/simplement-julie-aurelie-confrontee-au-cancer-du-sein-exprime\/#primaryimage"},"thumbnailUrl":"https:\/\/marieclaire.be\/fr\/wp-content\/uploads\/2023\/10\/femme-marche-plage-3.jpg","datePublished":"2023-10-19T04:10:58+00:00","dateModified":"2023-10-19T09:05:06+00:00","description":"Via le podcast NRJ \u00ab\u00a0Simplement Julie\u00a0\u00bb, Julie Taton rencontre deux femmes impliqu\u00e9es dans la lutte contre la maladie. L\u2019heure est \u00e0 l\u2019espoir.","breadcrumb":{"@id":"https:\/\/marieclaire.be\/fr\/simplement-julie-aurelie-confrontee-au-cancer-du-sein-exprime\/#breadcrumb"},"inLanguage":"fr-FR","potentialAction":[{"@type":"ReadAction","target":["https:\/\/marieclaire.be\/fr\/simplement-julie-aurelie-confrontee-au-cancer-du-sein-exprime\/"]}]},{"@type":"ImageObject","inLanguage":"fr-FR","@id":"https:\/\/marieclaire.be\/fr\/simplement-julie-aurelie-confrontee-au-cancer-du-sein-exprime\/#primaryimage","url":"https:\/\/marieclaire.be\/fr\/wp-content\/uploads\/2023\/10\/femme-marche-plage-3.jpg","contentUrl":"https:\/\/marieclaire.be\/fr\/wp-content\/uploads\/2023\/10\/femme-marche-plage-3.jpg","width":1200,"height":628,"caption":"Freepik"},{"@type":"BreadcrumbList","@id":"https:\/\/marieclaire.be\/fr\/simplement-julie-aurelie-confrontee-au-cancer-du-sein-exprime\/#breadcrumb","itemListElement":[{"@type":"ListItem","position":1,"name":"Accueil","item":"https:\/\/marieclaire.be\/fr\/"},{"@type":"ListItem","position":2,"name":"Aur\u00e9lie, face au cancer du sein, exprime : \u00ab\u00a0La vie, c\u2019est maintenant\u00a0\u00bb"}]},{"@type":"WebSite","@id":"https:\/\/marieclaire.be\/fr\/#website","url":"https:\/\/marieclaire.be\/fr\/","name":"Marie Claire Belgique","description":"Marie Claire Belgique, le magazine du style et de l\u2019intelligence qui parle de mode, des tendances, de la beaut\u00e9, de l\u2019actualit\u00e9 et de la culture","publisher":{"@id":"https:\/\/marieclaire.be\/fr\/#organization"},"potentialAction":[{"@type":"SearchAction","target":{"@type":"EntryPoint","urlTemplate":"https:\/\/marieclaire.be\/fr\/?s={search_term_string}"},"query-input":{"@type":"PropertyValueSpecification","valueRequired":true,"valueName":"search_term_string"}}],"inLanguage":"fr-FR"},{"@type":"Organization","@id":"https:\/\/marieclaire.be\/fr\/#organization","name":"Marie Claire","url":"https:\/\/marieclaire.be\/fr\/","logo":{"@type":"ImageObject","inLanguage":"fr-FR","@id":"https:\/\/marieclaire.be\/fr\/#\/schema\/logo\/image\/","url":"https:\/\/marieclaire.be\/fr\/wp-content\/uploads\/2018\/05\/mc-logo2.png","contentUrl":"https:\/\/marieclaire.be\/fr\/wp-content\/uploads\/2018\/05\/mc-logo2.png","width":1001,"height":189,"caption":"Marie Claire"},"image":{"@id":"https:\/\/marieclaire.be\/fr\/#\/schema\/logo\/image\/"},"sameAs":["https:\/\/www.facebook.com\/MarieClaire.Belgique\/","https:\/\/www.instagram.com\/marieclaire_belgique\/","https:\/\/fr.pinterest.com\/marieclairebe\/","https:\/\/www.youtube.com\/user\/BelgiumMarieClaire"]},{"@type":"Person","@id":"https:\/\/marieclaire.be\/fr\/#\/schema\/person\/bdba51896db3a4a4d511b535c2bfb06c","name":"Marie Claire Partenaire","image":{"@type":"ImageObject","inLanguage":"fr-FR","@id":"https:\/\/marieclaire.be\/fr\/wp-content\/uploads\/2025\/02\/mclogo-300x3001-96x96.jpg","url":"https:\/\/marieclaire.be\/fr\/wp-content\/uploads\/2025\/02\/mclogo-300x3001-96x96.jpg","contentUrl":"https:\/\/marieclaire.be\/fr\/wp-content\/uploads\/2025\/02\/mclogo-300x3001-96x96.jpg","caption":"Marie Claire Partenaire"},"url":"https:\/\/marieclaire.be\/fr\/author\/marie-claire-os\/"}]}},"_links":{"self":[{"href":"https:\/\/marieclaire.be\/fr\/wp-json\/wp\/v2\/posts\/130448","targetHints":{"allow":["GET"]}}],"collection":[{"href":"https:\/\/marieclaire.be\/fr\/wp-json\/wp\/v2\/posts"}],"about":[{"href":"https:\/\/marieclaire.be\/fr\/wp-json\/wp\/v2\/types\/post"}],"author":[{"embeddable":true,"href":"https:\/\/marieclaire.be\/fr\/wp-json\/wp\/v2\/users\/44"}],"replies":[{"embeddable":true,"href":"https:\/\/marieclaire.be\/fr\/wp-json\/wp\/v2\/comments?post=130448"}],"version-history":[{"count":13,"href":"https:\/\/marieclaire.be\/fr\/wp-json\/wp\/v2\/posts\/130448\/revisions"}],"predecessor-version":[{"id":130521,"href":"https:\/\/marieclaire.be\/fr\/wp-json\/wp\/v2\/posts\/130448\/revisions\/130521"}],"wp:featuredmedia":[{"embeddable":true,"href":"https:\/\/marieclaire.be\/fr\/wp-json\/wp\/v2\/media\/130462"}],"wp:attachment":[{"href":"https:\/\/marieclaire.be\/fr\/wp-json\/wp\/v2\/media?parent=130448"}],"wp:term":[{"taxonomy":"category","embeddable":true,"href":"https:\/\/marieclaire.be\/fr\/wp-json\/wp\/v2\/categories?post=130448"},{"taxonomy":"post_tag","embeddable":true,"href":"https:\/\/marieclaire.be\/fr\/wp-json\/wp\/v2\/tags?post=130448"}],"curies":[{"name":"wp","href":"https:\/\/api.w.org\/{rel}","templated":true}]}}