{"id":130360,"date":"2023-10-16T14:23:32","date_gmt":"2023-10-16T12:23:32","guid":{"rendered":"https:\/\/marieclaire.be\/fr\/?p=130360"},"modified":"2023-10-16T14:25:17","modified_gmt":"2023-10-16T12:25:17","slug":"collab-kenzo-levis","status":"publish","type":"post","link":"https:\/\/marieclaire.be\/fr\/collab-kenzo-levis\/","title":{"rendered":"Editor&#8217;s Pick : Kenzo x Levi\u2019s, la collab\u2019 denim \u00e0 ne pas manquer cet automne"},"content":{"rendered":"","protected":false},"excerpt":{"rendered":"Cet automne, Kenzo et Levi\u2019s unissent leur force pour offrir une collection denim \u00e0 ne pas manquer. ...","protected":false},"author":8,"featured_media":130363,"comment_status":"closed","ping_status":"closed","sticky":false,"template":"","format":"standard","meta":{"_acf_changed":false,"footnotes":""},"categories":[23,6],"tags":[],"class_list":["post-130360","post","type-post","status-publish","format-standard","has-post-thumbnail","hentry","category-designers","category-mode"],"acf":[],"_yoast_wpseo_title":null,"_yoast_wpseo_metadesc":"Cet automne, les deux maisons unissent leur force et leur h\u00e9ritage pour proposer une capsule totalement in\u00e9dite, mixant orient et occident.","image_verticale":"130414","yoast_head":"<!-- This site is optimized with the Yoast SEO plugin v27.3 - https:\/\/yoast.com\/product\/yoast-seo-wordpress\/ -->\n<title>Editor&#039;s Pick : Kenzo x Levi\u2019s, la collab\u2019 denim \u00e0 ne pas manquer cet automne - Marie Claire Belgique<\/title>\n<meta name=\"description\" content=\"Cet automne, les deux maisons unissent leur force et leur h\u00e9ritage pour proposer une capsule totalement in\u00e9dite, mixant orient et occident.\" \/>\n<meta name=\"robots\" content=\"index, follow, max-snippet:-1, max-image-preview:large, max-video-preview:-1\" \/>\n<link rel=\"canonical\" href=\"https:\/\/marieclaire.be\/fr\/collab-kenzo-levis\/\" \/>\n<link rel=\"next\" href=\"https:\/\/marieclaire.be\/fr\/collab-kenzo-levis\/2\/\" \/>\n<meta property=\"og:locale\" content=\"fr_FR\" \/>\n<meta property=\"og:type\" content=\"article\" \/>\n<meta property=\"og:title\" content=\"Editor&#039;s Pick : Kenzo x Levi\u2019s, la collab\u2019 denim \u00e0 ne pas manquer cet automne - Marie Claire Belgique\" \/>\n<meta property=\"og:description\" content=\"Cet automne, les deux maisons unissent leur force et leur h\u00e9ritage pour proposer une capsule totalement in\u00e9dite, mixant orient et occident.\" \/>\n<meta property=\"og:url\" content=\"https:\/\/marieclaire.be\/fr\/collab-kenzo-levis\/\" \/>\n<meta property=\"og:site_name\" content=\"Marie Claire Belgique\" \/>\n<meta property=\"article:publisher\" content=\"https:\/\/www.facebook.com\/MarieClaire.Belgique\/\" \/>\n<meta property=\"article:published_time\" content=\"2023-10-16T12:23:32+00:00\" \/>\n<meta property=\"article:modified_time\" content=\"2023-10-16T12:25:17+00:00\" \/>\n<meta property=\"og:image\" content=\"https:\/\/marieclaire.be\/fr\/wp-content\/uploads\/2023\/10\/kenzoxlevis-marieclaire.jpg\" \/>\n\t<meta property=\"og:image:width\" content=\"1050\" \/>\n\t<meta property=\"og:image:height\" content=\"550\" \/>\n\t<meta property=\"og:image:type\" content=\"image\/jpeg\" \/>\n<meta name=\"author\" content=\"Marie Claire\" \/>\n<meta name=\"twitter:label1\" content=\"\u00c9crit par\" \/>\n\t<meta name=\"twitter:data1\" content=\"Marie Claire\" \/>\n\t<meta name=\"twitter:label2\" content=\"Dur\u00e9e de lecture estim\u00e9e\" \/>\n\t<meta name=\"twitter:data2\" content=\"5 minutes\" \/>\n<script type=\"application\/ld+json\" class=\"yoast-schema-graph\">{\"@context\":\"https:\\\/\\\/schema.org\",\"@graph\":[{\"@type\":\"NewsArticle\",\"@id\":\"https:\\\/\\\/marieclaire.be\\\/fr\\\/collab-kenzo-levis\\\/#article\",\"isPartOf\":{\"@id\":\"https:\\\/\\\/marieclaire.be\\\/fr\\\/collab-kenzo-levis\\\/\"},\"author\":{\"name\":\"Marie Claire\",\"@id\":\"https:\\\/\\\/marieclaire.be\\\/fr\\\/#\\\/schema\\\/person\\\/6a5bc4eb4707dbc5cb47d17804a85f8c\"},\"headline\":\"Editor&#8217;s Pick : Kenzo x Levi\u2019s, la collab\u2019 denim \u00e0 ne pas manquer cet automne\",\"datePublished\":\"2023-10-16T12:23:32+00:00\",\"dateModified\":\"2023-10-16T12:25:17+00:00\",\"mainEntityOfPage\":{\"@id\":\"https:\\\/\\\/marieclaire.be\\\/fr\\\/collab-kenzo-levis\\\/\"},\"wordCount\":1127,\"publisher\":{\"@id\":\"https:\\\/\\\/marieclaire.be\\\/fr\\\/#organization\"},\"image\":{\"@id\":\"https:\\\/\\\/marieclaire.be\\\/fr\\\/collab-kenzo-levis\\\/#primaryimage\"},\"thumbnailUrl\":\"https:\\\/\\\/marieclaire.be\\\/fr\\\/wp-content\\\/uploads\\\/2023\\\/10\\\/kenzoxlevis-marieclaire.jpg\",\"articleSection\":[\"Designers\",\"Mode\"],\"inLanguage\":\"fr-FR\"},{\"@type\":\"WebPage\",\"@id\":\"https:\\\/\\\/marieclaire.be\\\/fr\\\/collab-kenzo-levis\\\/\",\"url\":\"https:\\\/\\\/marieclaire.be\\\/fr\\\/collab-kenzo-levis\\\/\",\"name\":\"Editor's Pick : Kenzo x Levi\u2019s, la collab\u2019 denim \u00e0 ne pas manquer cet automne - Marie Claire Belgique\",\"isPartOf\":{\"@id\":\"https:\\\/\\\/marieclaire.be\\\/fr\\\/#website\"},\"primaryImageOfPage\":{\"@id\":\"https:\\\/\\\/marieclaire.be\\\/fr\\\/collab-kenzo-levis\\\/#primaryimage\"},\"image\":{\"@id\":\"https:\\\/\\\/marieclaire.be\\\/fr\\\/collab-kenzo-levis\\\/#primaryimage\"},\"thumbnailUrl\":\"https:\\\/\\\/marieclaire.be\\\/fr\\\/wp-content\\\/uploads\\\/2023\\\/10\\\/kenzoxlevis-marieclaire.jpg\",\"datePublished\":\"2023-10-16T12:23:32+00:00\",\"dateModified\":\"2023-10-16T12:25:17+00:00\",\"description\":\"Cet automne, les deux maisons unissent leur force et leur h\u00e9ritage pour proposer une capsule totalement in\u00e9dite, mixant orient et occident.\",\"inLanguage\":\"fr-FR\",\"potentialAction\":[{\"@type\":\"ReadAction\",\"target\":[\"https:\\\/\\\/marieclaire.be\\\/fr\\\/collab-kenzo-levis\\\/\"]}]},{\"@type\":\"ImageObject\",\"inLanguage\":\"fr-FR\",\"@id\":\"https:\\\/\\\/marieclaire.be\\\/fr\\\/collab-kenzo-levis\\\/#primaryimage\",\"url\":\"https:\\\/\\\/marieclaire.be\\\/fr\\\/wp-content\\\/uploads\\\/2023\\\/10\\\/kenzoxlevis-marieclaire.jpg\",\"contentUrl\":\"https:\\\/\\\/marieclaire.be\\\/fr\\\/wp-content\\\/uploads\\\/2023\\\/10\\\/kenzoxlevis-marieclaire.jpg\",\"width\":1050,\"height\":550,\"caption\":\"Presse\"},{\"@type\":\"WebSite\",\"@id\":\"https:\\\/\\\/marieclaire.be\\\/fr\\\/#website\",\"url\":\"https:\\\/\\\/marieclaire.be\\\/fr\\\/\",\"name\":\"Marie Claire Belgique\",\"description\":\"Marie Claire Belgique, le magazine du style et de l\u2019intelligence qui parle de mode, des tendances, de la beaut\u00e9, de l\u2019actualit\u00e9 et de la culture\",\"publisher\":{\"@id\":\"https:\\\/\\\/marieclaire.be\\\/fr\\\/#organization\"},\"potentialAction\":[{\"@type\":\"SearchAction\",\"target\":{\"@type\":\"EntryPoint\",\"urlTemplate\":\"https:\\\/\\\/marieclaire.be\\\/fr\\\/?s={search_term_string}\"},\"query-input\":{\"@type\":\"PropertyValueSpecification\",\"valueRequired\":true,\"valueName\":\"search_term_string\"}}],\"inLanguage\":\"fr-FR\"},{\"@type\":\"Organization\",\"@id\":\"https:\\\/\\\/marieclaire.be\\\/fr\\\/#organization\",\"name\":\"Marie Claire\",\"url\":\"https:\\\/\\\/marieclaire.be\\\/fr\\\/\",\"logo\":{\"@type\":\"ImageObject\",\"inLanguage\":\"fr-FR\",\"@id\":\"https:\\\/\\\/marieclaire.be\\\/fr\\\/#\\\/schema\\\/logo\\\/image\\\/\",\"url\":\"https:\\\/\\\/marieclaire.be\\\/fr\\\/wp-content\\\/uploads\\\/2018\\\/05\\\/mc-logo2.png\",\"contentUrl\":\"https:\\\/\\\/marieclaire.be\\\/fr\\\/wp-content\\\/uploads\\\/2018\\\/05\\\/mc-logo2.png\",\"width\":1001,\"height\":189,\"caption\":\"Marie Claire\"},\"image\":{\"@id\":\"https:\\\/\\\/marieclaire.be\\\/fr\\\/#\\\/schema\\\/logo\\\/image\\\/\"},\"sameAs\":[\"https:\\\/\\\/www.facebook.com\\\/MarieClaire.Belgique\\\/\",\"https:\\\/\\\/www.instagram.com\\\/marieclaire_belgique\\\/\",\"https:\\\/\\\/fr.pinterest.com\\\/marieclairebe\\\/\",\"https:\\\/\\\/www.youtube.com\\\/user\\\/BelgiumMarieClaire\"]},{\"@type\":\"Person\",\"@id\":\"https:\\\/\\\/marieclaire.be\\\/fr\\\/#\\\/schema\\\/person\\\/6a5bc4eb4707dbc5cb47d17804a85f8c\",\"name\":\"Marie Claire\",\"image\":{\"@type\":\"ImageObject\",\"inLanguage\":\"fr-FR\",\"@id\":\"https:\\\/\\\/marieclaire.be\\\/fr\\\/wp-content\\\/uploads\\\/2016\\\/11\\\/mclogo-96x96.jpg\",\"url\":\"https:\\\/\\\/marieclaire.be\\\/fr\\\/wp-content\\\/uploads\\\/2016\\\/11\\\/mclogo-96x96.jpg\",\"contentUrl\":\"https:\\\/\\\/marieclaire.be\\\/fr\\\/wp-content\\\/uploads\\\/2016\\\/11\\\/mclogo-96x96.jpg\",\"caption\":\"Marie Claire\"},\"url\":\"https:\\\/\\\/marieclaire.be\\\/fr\\\/author\\\/stagiaire\\\/\"}]}<\/script>\n<!-- \/ Yoast SEO plugin. -->","yoast_head_json":{"title":"Editor's Pick : Kenzo x Levi\u2019s, la collab\u2019 denim \u00e0 ne pas manquer cet automne - Marie Claire Belgique","description":"Cet automne, les deux maisons unissent leur force et leur h\u00e9ritage pour proposer une capsule totalement in\u00e9dite, mixant orient et occident.","robots":{"index":"index","follow":"follow","max-snippet":"max-snippet:-1","max-image-preview":"max-image-preview:large","max-video-preview":"max-video-preview:-1"},"canonical":"https:\/\/marieclaire.be\/fr\/collab-kenzo-levis\/","next":"https:\/\/marieclaire.be\/fr\/collab-kenzo-levis\/2\/","og_locale":"fr_FR","og_type":"article","og_title":"Editor's Pick : Kenzo x Levi\u2019s, la collab\u2019 denim \u00e0 ne pas manquer cet automne - Marie Claire Belgique","og_description":"Cet automne, les deux maisons unissent leur force et leur h\u00e9ritage pour proposer une capsule totalement in\u00e9dite, mixant orient et occident.","og_url":"https:\/\/marieclaire.be\/fr\/collab-kenzo-levis\/","og_site_name":"Marie Claire Belgique","article_publisher":"https:\/\/www.facebook.com\/MarieClaire.Belgique\/","article_published_time":"2023-10-16T12:23:32+00:00","article_modified_time":"2023-10-16T12:25:17+00:00","og_image":[{"width":1050,"height":550,"url":"https:\/\/marieclaire.be\/fr\/wp-content\/uploads\/2023\/10\/kenzoxlevis-marieclaire.jpg","type":"image\/jpeg"}],"author":"Marie Claire","twitter_misc":{"\u00c9crit par":"Marie Claire","Dur\u00e9e de lecture estim\u00e9e":"5 minutes"},"schema":{"@context":"https:\/\/schema.org","@graph":[{"@type":"NewsArticle","@id":"https:\/\/marieclaire.be\/fr\/collab-kenzo-levis\/#article","isPartOf":{"@id":"https:\/\/marieclaire.be\/fr\/collab-kenzo-levis\/"},"author":{"name":"Marie Claire","@id":"https:\/\/marieclaire.be\/fr\/#\/schema\/person\/6a5bc4eb4707dbc5cb47d17804a85f8c"},"headline":"Editor&#8217;s Pick : Kenzo x Levi\u2019s, la collab\u2019 denim \u00e0 ne pas manquer cet automne","datePublished":"2023-10-16T12:23:32+00:00","dateModified":"2023-10-16T12:25:17+00:00","mainEntityOfPage":{"@id":"https:\/\/marieclaire.be\/fr\/collab-kenzo-levis\/"},"wordCount":1127,"publisher":{"@id":"https:\/\/marieclaire.be\/fr\/#organization"},"image":{"@id":"https:\/\/marieclaire.be\/fr\/collab-kenzo-levis\/#primaryimage"},"thumbnailUrl":"https:\/\/marieclaire.be\/fr\/wp-content\/uploads\/2023\/10\/kenzoxlevis-marieclaire.jpg","articleSection":["Designers","Mode"],"inLanguage":"fr-FR"},{"@type":"WebPage","@id":"https:\/\/marieclaire.be\/fr\/collab-kenzo-levis\/","url":"https:\/\/marieclaire.be\/fr\/collab-kenzo-levis\/","name":"Editor's Pick : Kenzo x Levi\u2019s, la collab\u2019 denim \u00e0 ne pas manquer cet automne - Marie Claire Belgique","isPartOf":{"@id":"https:\/\/marieclaire.be\/fr\/#website"},"primaryImageOfPage":{"@id":"https:\/\/marieclaire.be\/fr\/collab-kenzo-levis\/#primaryimage"},"image":{"@id":"https:\/\/marieclaire.be\/fr\/collab-kenzo-levis\/#primaryimage"},"thumbnailUrl":"https:\/\/marieclaire.be\/fr\/wp-content\/uploads\/2023\/10\/kenzoxlevis-marieclaire.jpg","datePublished":"2023-10-16T12:23:32+00:00","dateModified":"2023-10-16T12:25:17+00:00","description":"Cet automne, les deux maisons unissent leur force et leur h\u00e9ritage pour proposer une capsule totalement in\u00e9dite, mixant orient et occident.","inLanguage":"fr-FR","potentialAction":[{"@type":"ReadAction","target":["https:\/\/marieclaire.be\/fr\/collab-kenzo-levis\/"]}]},{"@type":"ImageObject","inLanguage":"fr-FR","@id":"https:\/\/marieclaire.be\/fr\/collab-kenzo-levis\/#primaryimage","url":"https:\/\/marieclaire.be\/fr\/wp-content\/uploads\/2023\/10\/kenzoxlevis-marieclaire.jpg","contentUrl":"https:\/\/marieclaire.be\/fr\/wp-content\/uploads\/2023\/10\/kenzoxlevis-marieclaire.jpg","width":1050,"height":550,"caption":"Presse"},{"@type":"WebSite","@id":"https:\/\/marieclaire.be\/fr\/#website","url":"https:\/\/marieclaire.be\/fr\/","name":"Marie Claire Belgique","description":"Marie Claire Belgique, le magazine du style et de l\u2019intelligence qui parle de mode, des tendances, de la beaut\u00e9, de l\u2019actualit\u00e9 et de la culture","publisher":{"@id":"https:\/\/marieclaire.be\/fr\/#organization"},"potentialAction":[{"@type":"SearchAction","target":{"@type":"EntryPoint","urlTemplate":"https:\/\/marieclaire.be\/fr\/?s={search_term_string}"},"query-input":{"@type":"PropertyValueSpecification","valueRequired":true,"valueName":"search_term_string"}}],"inLanguage":"fr-FR"},{"@type":"Organization","@id":"https:\/\/marieclaire.be\/fr\/#organization","name":"Marie Claire","url":"https:\/\/marieclaire.be\/fr\/","logo":{"@type":"ImageObject","inLanguage":"fr-FR","@id":"https:\/\/marieclaire.be\/fr\/#\/schema\/logo\/image\/","url":"https:\/\/marieclaire.be\/fr\/wp-content\/uploads\/2018\/05\/mc-logo2.png","contentUrl":"https:\/\/marieclaire.be\/fr\/wp-content\/uploads\/2018\/05\/mc-logo2.png","width":1001,"height":189,"caption":"Marie Claire"},"image":{"@id":"https:\/\/marieclaire.be\/fr\/#\/schema\/logo\/image\/"},"sameAs":["https:\/\/www.facebook.com\/MarieClaire.Belgique\/","https:\/\/www.instagram.com\/marieclaire_belgique\/","https:\/\/fr.pinterest.com\/marieclairebe\/","https:\/\/www.youtube.com\/user\/BelgiumMarieClaire"]},{"@type":"Person","@id":"https:\/\/marieclaire.be\/fr\/#\/schema\/person\/6a5bc4eb4707dbc5cb47d17804a85f8c","name":"Marie Claire","image":{"@type":"ImageObject","inLanguage":"fr-FR","@id":"https:\/\/marieclaire.be\/fr\/wp-content\/uploads\/2016\/11\/mclogo-96x96.jpg","url":"https:\/\/marieclaire.be\/fr\/wp-content\/uploads\/2016\/11\/mclogo-96x96.jpg","contentUrl":"https:\/\/marieclaire.be\/fr\/wp-content\/uploads\/2016\/11\/mclogo-96x96.jpg","caption":"Marie Claire"},"url":"https:\/\/marieclaire.be\/fr\/author\/stagiaire\/"}]}},"_links":{"self":[{"href":"https:\/\/marieclaire.be\/fr\/wp-json\/wp\/v2\/posts\/130360","targetHints":{"allow":["GET"]}}],"collection":[{"href":"https:\/\/marieclaire.be\/fr\/wp-json\/wp\/v2\/posts"}],"about":[{"href":"https:\/\/marieclaire.be\/fr\/wp-json\/wp\/v2\/types\/post"}],"author":[{"embeddable":true,"href":"https:\/\/marieclaire.be\/fr\/wp-json\/wp\/v2\/users\/8"}],"replies":[{"embeddable":true,"href":"https:\/\/marieclaire.be\/fr\/wp-json\/wp\/v2\/comments?post=130360"}],"version-history":[{"count":11,"href":"https:\/\/marieclaire.be\/fr\/wp-json\/wp\/v2\/posts\/130360\/revisions"}],"predecessor-version":[{"id":130413,"href":"https:\/\/marieclaire.be\/fr\/wp-json\/wp\/v2\/posts\/130360\/revisions\/130413"}],"wp:featuredmedia":[{"embeddable":true,"href":"https:\/\/marieclaire.be\/fr\/wp-json\/wp\/v2\/media\/130363"}],"wp:attachment":[{"href":"https:\/\/marieclaire.be\/fr\/wp-json\/wp\/v2\/media?parent=130360"}],"wp:term":[{"taxonomy":"category","embeddable":true,"href":"https:\/\/marieclaire.be\/fr\/wp-json\/wp\/v2\/categories?post=130360"},{"taxonomy":"post_tag","embeddable":true,"href":"https:\/\/marieclaire.be\/fr\/wp-json\/wp\/v2\/tags?post=130360"}],"curies":[{"name":"wp","href":"https:\/\/api.w.org\/{rel}","templated":true}]}}