{"id":129385,"date":"2023-08-26T11:38:40","date_gmt":"2023-08-26T09:38:40","guid":{"rendered":"https:\/\/marieclaire.be\/fr\/?p=129385"},"modified":"2023-08-26T11:45:05","modified_gmt":"2023-08-26T09:45:05","slug":"football-espagne-jenni-hermoso","status":"publish","type":"post","link":"https:\/\/marieclaire.be\/fr\/football-espagne-jenni-hermoso\/","title":{"rendered":"#SeAcabo : les championnes du monde de football refusent de jouer pour l&#8217;Espagne suite \u00e0 l&#8217;agression sexuelle sur Jenni Hermoso"},"content":{"rendered":"","protected":false},"excerpt":{"rendered":"Dimanche 20 ao\u00fbt, l&#8217;Espagne a remport\u00e9 la Coupe du monde f\u00e9minine de football. ...","protected":false},"author":30,"featured_media":129387,"comment_status":"closed","ping_status":"closed","sticky":false,"template":"","format":"standard","meta":{"_acf_changed":false,"footnotes":""},"categories":[27,1434],"tags":[],"class_list":["post-129385","post","type-post","status-publish","format-standard","has-post-thumbnail","hentry","category-combats-de-femme","category-societe"],"acf":[],"_yoast_wpseo_title":null,"_yoast_wpseo_metadesc":"La joueuse espagnole Jenni Hermoso d\u00e9nonce \"un acte impulsif et sexiste, d\u00e9plac\u00e9 et sans aucun consentement de ma part.\"","image_verticale":"129386","yoast_head":"<!-- This site is optimized with the Yoast SEO plugin v27.3 - https:\/\/yoast.com\/product\/yoast-seo-wordpress\/ -->\n<title>#SeAcabo : les championnes du monde de football refusent de jouer pour l&#039;Espagne suite \u00e0 l&#039;agression sexuelle sur Jenni Hermoso - Marie Claire Belgique<\/title>\n<meta name=\"description\" content=\"La joueuse espagnole Jenni Hermoso d\u00e9nonce &quot;un acte impulsif et sexiste, d\u00e9plac\u00e9 et sans aucun consentement de ma part.&quot;\" \/>\n<meta name=\"robots\" content=\"index, follow, max-snippet:-1, max-image-preview:large, max-video-preview:-1\" \/>\n<link rel=\"canonical\" href=\"https:\/\/www.marieclaire.fr\/agression-sexuelle-d-une-joueuse-le-president-de-la-federation-espagnole-de-football-luis-rubiales-va-demissionner,1458553.asp\" \/>\n<link rel=\"next\" href=\"https:\/\/marieclaire.be\/fr\/football-espagne-jenni-hermoso\/2\/\" \/>\n<meta property=\"og:locale\" content=\"fr_FR\" \/>\n<meta property=\"og:type\" content=\"article\" \/>\n<meta property=\"og:title\" content=\"#SeAcabo : les championnes du monde de football refusent de jouer pour l&#039;Espagne suite \u00e0 l&#039;agression sexuelle sur Jenni Hermoso - Marie Claire Belgique\" \/>\n<meta property=\"og:description\" content=\"La joueuse espagnole Jenni Hermoso d\u00e9nonce &quot;un acte impulsif et sexiste, d\u00e9plac\u00e9 et sans aucun consentement de ma part.&quot;\" \/>\n<meta property=\"og:url\" content=\"https:\/\/www.marieclaire.fr\/agression-sexuelle-d-une-joueuse-le-president-de-la-federation-espagnole-de-football-luis-rubiales-va-demissionner,1458553.asp\" \/>\n<meta property=\"og:site_name\" content=\"Marie Claire Belgique\" \/>\n<meta property=\"article:publisher\" content=\"https:\/\/www.facebook.com\/MarieClaire.Belgique\/\" \/>\n<meta property=\"article:published_time\" content=\"2023-08-26T09:38:40+00:00\" \/>\n<meta property=\"article:modified_time\" content=\"2023-08-26T09:45:05+00:00\" \/>\n<meta property=\"og:image\" content=\"https:\/\/marieclaire.be\/fr\/wp-content\/uploads\/2023\/08\/hermoso-jenni.png\" \/>\n\t<meta property=\"og:image:width\" content=\"1200\" \/>\n\t<meta property=\"og:image:height\" content=\"628\" \/>\n\t<meta property=\"og:image:type\" content=\"image\/png\" \/>\n<meta name=\"author\" content=\"Malvine Sevrin\" \/>\n<meta name=\"twitter:label1\" content=\"\u00c9crit par\" \/>\n\t<meta name=\"twitter:data1\" content=\"Malvine Sevrin\" \/>\n\t<meta name=\"twitter:label2\" content=\"Dur\u00e9e de lecture estim\u00e9e\" \/>\n\t<meta name=\"twitter:data2\" content=\"5 minutes\" \/>\n<script type=\"application\/ld+json\" class=\"yoast-schema-graph\">{\"@context\":\"https:\\\/\\\/schema.org\",\"@graph\":[{\"@type\":\"NewsArticle\",\"@id\":\"https:\\\/\\\/www.marieclaire.fr\\\/agression-sexuelle-d-une-joueuse-le-president-de-la-federation-espagnole-de-football-luis-rubiales-va-demissionner%2c1458553.asp#article\",\"isPartOf\":{\"@id\":\"https:\\\/\\\/marieclaire.be\\\/fr\\\/football-espagne-jenni-hermoso\\\/\"},\"author\":{\"name\":\"Malvine Sevrin\",\"@id\":\"https:\\\/\\\/marieclaire.be\\\/fr\\\/#\\\/schema\\\/person\\\/c71bd7a8c3e622513c7531a39292a34e\"},\"headline\":\"#SeAcabo : les championnes du monde de football refusent de jouer pour l&#8217;Espagne suite \u00e0 l&#8217;agression sexuelle sur Jenni Hermoso\",\"datePublished\":\"2023-08-26T09:38:40+00:00\",\"dateModified\":\"2023-08-26T09:45:05+00:00\",\"mainEntityOfPage\":{\"@id\":\"https:\\\/\\\/marieclaire.be\\\/fr\\\/football-espagne-jenni-hermoso\\\/\"},\"wordCount\":904,\"publisher\":{\"@id\":\"https:\\\/\\\/marieclaire.be\\\/fr\\\/#organization\"},\"image\":{\"@id\":\"https:\\\/\\\/www.marieclaire.fr\\\/agression-sexuelle-d-une-joueuse-le-president-de-la-federation-espagnole-de-football-luis-rubiales-va-demissionner%2c1458553.asp#primaryimage\"},\"thumbnailUrl\":\"https:\\\/\\\/marieclaire.be\\\/fr\\\/wp-content\\\/uploads\\\/2023\\\/08\\\/hermoso-jenni.png\",\"articleSection\":[\"Combats de femmes\",\"Soci\u00e9t\u00e9\"],\"inLanguage\":\"fr-FR\"},{\"@type\":\"WebPage\",\"@id\":\"https:\\\/\\\/marieclaire.be\\\/fr\\\/football-espagne-jenni-hermoso\\\/\",\"url\":\"https:\\\/\\\/www.marieclaire.fr\\\/agression-sexuelle-d-une-joueuse-le-president-de-la-federation-espagnole-de-football-luis-rubiales-va-demissionner%2c1458553.asp\",\"name\":\"#SeAcabo : les championnes du monde de football refusent de jouer pour l'Espagne suite \u00e0 l'agression sexuelle sur Jenni Hermoso - Marie Claire Belgique\",\"isPartOf\":{\"@id\":\"https:\\\/\\\/marieclaire.be\\\/fr\\\/#website\"},\"primaryImageOfPage\":{\"@id\":\"https:\\\/\\\/www.marieclaire.fr\\\/agression-sexuelle-d-une-joueuse-le-president-de-la-federation-espagnole-de-football-luis-rubiales-va-demissionner%2c1458553.asp#primaryimage\"},\"image\":{\"@id\":\"https:\\\/\\\/www.marieclaire.fr\\\/agression-sexuelle-d-une-joueuse-le-president-de-la-federation-espagnole-de-football-luis-rubiales-va-demissionner%2c1458553.asp#primaryimage\"},\"thumbnailUrl\":\"https:\\\/\\\/marieclaire.be\\\/fr\\\/wp-content\\\/uploads\\\/2023\\\/08\\\/hermoso-jenni.png\",\"datePublished\":\"2023-08-26T09:38:40+00:00\",\"dateModified\":\"2023-08-26T09:45:05+00:00\",\"description\":\"La joueuse espagnole Jenni Hermoso d\u00e9nonce \\\"un acte impulsif et sexiste, d\u00e9plac\u00e9 et sans aucun consentement de ma part.\\\"\",\"inLanguage\":\"fr-FR\",\"potentialAction\":[{\"@type\":\"ReadAction\",\"target\":[\"https:\\\/\\\/www.marieclaire.fr\\\/agression-sexuelle-d-une-joueuse-le-president-de-la-federation-espagnole-de-football-luis-rubiales-va-demissionner%2c1458553.asp\"]}]},{\"@type\":\"ImageObject\",\"inLanguage\":\"fr-FR\",\"@id\":\"https:\\\/\\\/www.marieclaire.fr\\\/agression-sexuelle-d-une-joueuse-le-president-de-la-federation-espagnole-de-football-luis-rubiales-va-demissionner%2c1458553.asp#primaryimage\",\"url\":\"https:\\\/\\\/marieclaire.be\\\/fr\\\/wp-content\\\/uploads\\\/2023\\\/08\\\/hermoso-jenni.png\",\"contentUrl\":\"https:\\\/\\\/marieclaire.be\\\/fr\\\/wp-content\\\/uploads\\\/2023\\\/08\\\/hermoso-jenni.png\",\"width\":1200,\"height\":628,\"caption\":\"Getty Images\"},{\"@type\":\"WebSite\",\"@id\":\"https:\\\/\\\/marieclaire.be\\\/fr\\\/#website\",\"url\":\"https:\\\/\\\/marieclaire.be\\\/fr\\\/\",\"name\":\"Marie Claire Belgique\",\"description\":\"Marie Claire Belgique, le magazine du style et de l\u2019intelligence qui parle de mode, des tendances, de la beaut\u00e9, de l\u2019actualit\u00e9 et de la culture\",\"publisher\":{\"@id\":\"https:\\\/\\\/marieclaire.be\\\/fr\\\/#organization\"},\"potentialAction\":[{\"@type\":\"SearchAction\",\"target\":{\"@type\":\"EntryPoint\",\"urlTemplate\":\"https:\\\/\\\/marieclaire.be\\\/fr\\\/?s={search_term_string}\"},\"query-input\":{\"@type\":\"PropertyValueSpecification\",\"valueRequired\":true,\"valueName\":\"search_term_string\"}}],\"inLanguage\":\"fr-FR\"},{\"@type\":\"Organization\",\"@id\":\"https:\\\/\\\/marieclaire.be\\\/fr\\\/#organization\",\"name\":\"Marie Claire\",\"url\":\"https:\\\/\\\/marieclaire.be\\\/fr\\\/\",\"logo\":{\"@type\":\"ImageObject\",\"inLanguage\":\"fr-FR\",\"@id\":\"https:\\\/\\\/marieclaire.be\\\/fr\\\/#\\\/schema\\\/logo\\\/image\\\/\",\"url\":\"https:\\\/\\\/marieclaire.be\\\/fr\\\/wp-content\\\/uploads\\\/2018\\\/05\\\/mc-logo2.png\",\"contentUrl\":\"https:\\\/\\\/marieclaire.be\\\/fr\\\/wp-content\\\/uploads\\\/2018\\\/05\\\/mc-logo2.png\",\"width\":1001,\"height\":189,\"caption\":\"Marie Claire\"},\"image\":{\"@id\":\"https:\\\/\\\/marieclaire.be\\\/fr\\\/#\\\/schema\\\/logo\\\/image\\\/\"},\"sameAs\":[\"https:\\\/\\\/www.facebook.com\\\/MarieClaire.Belgique\\\/\",\"https:\\\/\\\/www.instagram.com\\\/marieclaire_belgique\\\/\",\"https:\\\/\\\/fr.pinterest.com\\\/marieclairebe\\\/\",\"https:\\\/\\\/www.youtube.com\\\/user\\\/BelgiumMarieClaire\"]},{\"@type\":\"Person\",\"@id\":\"https:\\\/\\\/marieclaire.be\\\/fr\\\/#\\\/schema\\\/person\\\/c71bd7a8c3e622513c7531a39292a34e\",\"name\":\"Malvine Sevrin\",\"image\":{\"@type\":\"ImageObject\",\"inLanguage\":\"fr-FR\",\"@id\":\"https:\\\/\\\/marieclaire.be\\\/fr\\\/wp-content\\\/uploads\\\/2017\\\/05\\\/capture-decran-2024-02-13-a-145920-96x96.png\",\"url\":\"https:\\\/\\\/marieclaire.be\\\/fr\\\/wp-content\\\/uploads\\\/2017\\\/05\\\/capture-decran-2024-02-13-a-145920-96x96.png\",\"contentUrl\":\"https:\\\/\\\/marieclaire.be\\\/fr\\\/wp-content\\\/uploads\\\/2017\\\/05\\\/capture-decran-2024-02-13-a-145920-96x96.png\",\"caption\":\"Malvine Sevrin\"},\"description\":\"Des podiums parisiens aux derni\u00e8res nouveaut\u00e9s skincare qui enflamment TikTok, je d\u00e9crypte les tendances pour Marie Claire Belgique. Passionn\u00e9e de voyage, de mode et de beaut\u00e9, je partage mes coups de coeur d\u00e9nich\u00e9s aux quatre coins du globe. En tant que r\u00e9dactrice en chef digital, j'ai \u00e9galement \u00e0 coeur de mettre en lumi\u00e8re les histoires inspirantes de femmes \u00e0 travers notre site et sur nos r\u00e9seaux sociaux.\",\"sameAs\":[\"https:\\\/\\\/www.instagram.com\\\/malvinesev\\\/\"],\"url\":\"https:\\\/\\\/marieclaire.be\\\/fr\\\/author\\\/malvine\\\/\"}]}<\/script>\n<!-- \/ Yoast SEO plugin. -->","yoast_head_json":{"title":"#SeAcabo : les championnes du monde de football refusent de jouer pour l'Espagne suite \u00e0 l'agression sexuelle sur Jenni Hermoso - Marie Claire Belgique","description":"La joueuse espagnole Jenni Hermoso d\u00e9nonce \"un acte impulsif et sexiste, d\u00e9plac\u00e9 et sans aucun consentement de ma part.\"","robots":{"index":"index","follow":"follow","max-snippet":"max-snippet:-1","max-image-preview":"max-image-preview:large","max-video-preview":"max-video-preview:-1"},"canonical":"https:\/\/www.marieclaire.fr\/agression-sexuelle-d-une-joueuse-le-president-de-la-federation-espagnole-de-football-luis-rubiales-va-demissionner,1458553.asp","next":"https:\/\/marieclaire.be\/fr\/football-espagne-jenni-hermoso\/2\/","og_locale":"fr_FR","og_type":"article","og_title":"#SeAcabo : les championnes du monde de football refusent de jouer pour l'Espagne suite \u00e0 l'agression sexuelle sur Jenni Hermoso - Marie Claire Belgique","og_description":"La joueuse espagnole Jenni Hermoso d\u00e9nonce \"un acte impulsif et sexiste, d\u00e9plac\u00e9 et sans aucun consentement de ma part.\"","og_url":"https:\/\/www.marieclaire.fr\/agression-sexuelle-d-une-joueuse-le-president-de-la-federation-espagnole-de-football-luis-rubiales-va-demissionner,1458553.asp","og_site_name":"Marie Claire Belgique","article_publisher":"https:\/\/www.facebook.com\/MarieClaire.Belgique\/","article_published_time":"2023-08-26T09:38:40+00:00","article_modified_time":"2023-08-26T09:45:05+00:00","og_image":[{"width":1200,"height":628,"url":"https:\/\/marieclaire.be\/fr\/wp-content\/uploads\/2023\/08\/hermoso-jenni.png","type":"image\/png"}],"author":"Malvine Sevrin","twitter_misc":{"\u00c9crit par":"Malvine Sevrin","Dur\u00e9e de lecture estim\u00e9e":"5 minutes"},"schema":{"@context":"https:\/\/schema.org","@graph":[{"@type":"NewsArticle","@id":"https:\/\/www.marieclaire.fr\/agression-sexuelle-d-une-joueuse-le-president-de-la-federation-espagnole-de-football-luis-rubiales-va-demissionner%2c1458553.asp#article","isPartOf":{"@id":"https:\/\/marieclaire.be\/fr\/football-espagne-jenni-hermoso\/"},"author":{"name":"Malvine Sevrin","@id":"https:\/\/marieclaire.be\/fr\/#\/schema\/person\/c71bd7a8c3e622513c7531a39292a34e"},"headline":"#SeAcabo : les championnes du monde de football refusent de jouer pour l&#8217;Espagne suite \u00e0 l&#8217;agression sexuelle sur Jenni Hermoso","datePublished":"2023-08-26T09:38:40+00:00","dateModified":"2023-08-26T09:45:05+00:00","mainEntityOfPage":{"@id":"https:\/\/marieclaire.be\/fr\/football-espagne-jenni-hermoso\/"},"wordCount":904,"publisher":{"@id":"https:\/\/marieclaire.be\/fr\/#organization"},"image":{"@id":"https:\/\/www.marieclaire.fr\/agression-sexuelle-d-une-joueuse-le-president-de-la-federation-espagnole-de-football-luis-rubiales-va-demissionner%2c1458553.asp#primaryimage"},"thumbnailUrl":"https:\/\/marieclaire.be\/fr\/wp-content\/uploads\/2023\/08\/hermoso-jenni.png","articleSection":["Combats de femmes","Soci\u00e9t\u00e9"],"inLanguage":"fr-FR"},{"@type":"WebPage","@id":"https:\/\/marieclaire.be\/fr\/football-espagne-jenni-hermoso\/","url":"https:\/\/www.marieclaire.fr\/agression-sexuelle-d-une-joueuse-le-president-de-la-federation-espagnole-de-football-luis-rubiales-va-demissionner%2c1458553.asp","name":"#SeAcabo : les championnes du monde de football refusent de jouer pour l'Espagne suite \u00e0 l'agression sexuelle sur Jenni Hermoso - Marie Claire Belgique","isPartOf":{"@id":"https:\/\/marieclaire.be\/fr\/#website"},"primaryImageOfPage":{"@id":"https:\/\/www.marieclaire.fr\/agression-sexuelle-d-une-joueuse-le-president-de-la-federation-espagnole-de-football-luis-rubiales-va-demissionner%2c1458553.asp#primaryimage"},"image":{"@id":"https:\/\/www.marieclaire.fr\/agression-sexuelle-d-une-joueuse-le-president-de-la-federation-espagnole-de-football-luis-rubiales-va-demissionner%2c1458553.asp#primaryimage"},"thumbnailUrl":"https:\/\/marieclaire.be\/fr\/wp-content\/uploads\/2023\/08\/hermoso-jenni.png","datePublished":"2023-08-26T09:38:40+00:00","dateModified":"2023-08-26T09:45:05+00:00","description":"La joueuse espagnole Jenni Hermoso d\u00e9nonce \"un acte impulsif et sexiste, d\u00e9plac\u00e9 et sans aucun consentement de ma part.\"","inLanguage":"fr-FR","potentialAction":[{"@type":"ReadAction","target":["https:\/\/www.marieclaire.fr\/agression-sexuelle-d-une-joueuse-le-president-de-la-federation-espagnole-de-football-luis-rubiales-va-demissionner%2c1458553.asp"]}]},{"@type":"ImageObject","inLanguage":"fr-FR","@id":"https:\/\/www.marieclaire.fr\/agression-sexuelle-d-une-joueuse-le-president-de-la-federation-espagnole-de-football-luis-rubiales-va-demissionner%2c1458553.asp#primaryimage","url":"https:\/\/marieclaire.be\/fr\/wp-content\/uploads\/2023\/08\/hermoso-jenni.png","contentUrl":"https:\/\/marieclaire.be\/fr\/wp-content\/uploads\/2023\/08\/hermoso-jenni.png","width":1200,"height":628,"caption":"Getty Images"},{"@type":"WebSite","@id":"https:\/\/marieclaire.be\/fr\/#website","url":"https:\/\/marieclaire.be\/fr\/","name":"Marie Claire Belgique","description":"Marie Claire Belgique, le magazine du style et de l\u2019intelligence qui parle de mode, des tendances, de la beaut\u00e9, de l\u2019actualit\u00e9 et de la culture","publisher":{"@id":"https:\/\/marieclaire.be\/fr\/#organization"},"potentialAction":[{"@type":"SearchAction","target":{"@type":"EntryPoint","urlTemplate":"https:\/\/marieclaire.be\/fr\/?s={search_term_string}"},"query-input":{"@type":"PropertyValueSpecification","valueRequired":true,"valueName":"search_term_string"}}],"inLanguage":"fr-FR"},{"@type":"Organization","@id":"https:\/\/marieclaire.be\/fr\/#organization","name":"Marie Claire","url":"https:\/\/marieclaire.be\/fr\/","logo":{"@type":"ImageObject","inLanguage":"fr-FR","@id":"https:\/\/marieclaire.be\/fr\/#\/schema\/logo\/image\/","url":"https:\/\/marieclaire.be\/fr\/wp-content\/uploads\/2018\/05\/mc-logo2.png","contentUrl":"https:\/\/marieclaire.be\/fr\/wp-content\/uploads\/2018\/05\/mc-logo2.png","width":1001,"height":189,"caption":"Marie Claire"},"image":{"@id":"https:\/\/marieclaire.be\/fr\/#\/schema\/logo\/image\/"},"sameAs":["https:\/\/www.facebook.com\/MarieClaire.Belgique\/","https:\/\/www.instagram.com\/marieclaire_belgique\/","https:\/\/fr.pinterest.com\/marieclairebe\/","https:\/\/www.youtube.com\/user\/BelgiumMarieClaire"]},{"@type":"Person","@id":"https:\/\/marieclaire.be\/fr\/#\/schema\/person\/c71bd7a8c3e622513c7531a39292a34e","name":"Malvine Sevrin","image":{"@type":"ImageObject","inLanguage":"fr-FR","@id":"https:\/\/marieclaire.be\/fr\/wp-content\/uploads\/2017\/05\/capture-decran-2024-02-13-a-145920-96x96.png","url":"https:\/\/marieclaire.be\/fr\/wp-content\/uploads\/2017\/05\/capture-decran-2024-02-13-a-145920-96x96.png","contentUrl":"https:\/\/marieclaire.be\/fr\/wp-content\/uploads\/2017\/05\/capture-decran-2024-02-13-a-145920-96x96.png","caption":"Malvine Sevrin"},"description":"Des podiums parisiens aux derni\u00e8res nouveaut\u00e9s skincare qui enflamment TikTok, je d\u00e9crypte les tendances pour Marie Claire Belgique. Passionn\u00e9e de voyage, de mode et de beaut\u00e9, je partage mes coups de coeur d\u00e9nich\u00e9s aux quatre coins du globe. En tant que r\u00e9dactrice en chef digital, j'ai \u00e9galement \u00e0 coeur de mettre en lumi\u00e8re les histoires inspirantes de femmes \u00e0 travers notre site et sur nos r\u00e9seaux sociaux.","sameAs":["https:\/\/www.instagram.com\/malvinesev\/"],"url":"https:\/\/marieclaire.be\/fr\/author\/malvine\/"}]}},"_links":{"self":[{"href":"https:\/\/marieclaire.be\/fr\/wp-json\/wp\/v2\/posts\/129385","targetHints":{"allow":["GET"]}}],"collection":[{"href":"https:\/\/marieclaire.be\/fr\/wp-json\/wp\/v2\/posts"}],"about":[{"href":"https:\/\/marieclaire.be\/fr\/wp-json\/wp\/v2\/types\/post"}],"author":[{"embeddable":true,"href":"https:\/\/marieclaire.be\/fr\/wp-json\/wp\/v2\/users\/30"}],"replies":[{"embeddable":true,"href":"https:\/\/marieclaire.be\/fr\/wp-json\/wp\/v2\/comments?post=129385"}],"version-history":[{"count":4,"href":"https:\/\/marieclaire.be\/fr\/wp-json\/wp\/v2\/posts\/129385\/revisions"}],"predecessor-version":[{"id":129391,"href":"https:\/\/marieclaire.be\/fr\/wp-json\/wp\/v2\/posts\/129385\/revisions\/129391"}],"wp:featuredmedia":[{"embeddable":true,"href":"https:\/\/marieclaire.be\/fr\/wp-json\/wp\/v2\/media\/129387"}],"wp:attachment":[{"href":"https:\/\/marieclaire.be\/fr\/wp-json\/wp\/v2\/media?parent=129385"}],"wp:term":[{"taxonomy":"category","embeddable":true,"href":"https:\/\/marieclaire.be\/fr\/wp-json\/wp\/v2\/categories?post=129385"},{"taxonomy":"post_tag","embeddable":true,"href":"https:\/\/marieclaire.be\/fr\/wp-json\/wp\/v2\/tags?post=129385"}],"curies":[{"name":"wp","href":"https:\/\/api.w.org\/{rel}","templated":true}]}}