{"id":129256,"date":"2023-08-21T16:38:10","date_gmt":"2023-08-21T14:38:10","guid":{"rendered":"https:\/\/marieclaire.be\/fr\/?p=129256"},"modified":"2023-08-29T13:04:17","modified_gmt":"2023-08-29T11:04:17","slug":"adidas-samba-une-paire-intemporelle-a-avoir-dans-le-shoesing","status":"publish","type":"post","link":"https:\/\/marieclaire.be\/fr\/adidas-samba-une-paire-intemporelle-a-avoir-dans-le-shoesing\/","title":{"rendered":"Adidas samba : une paire intemporelle \u00e0 avoir dans le shoesing"},"content":{"rendered":"","protected":false},"excerpt":{"rendered":"La samba fait partie des paires embl\u00e9matiques de la marque aux trois bandes. ...","protected":false},"author":70,"featured_media":129257,"comment_status":"closed","ping_status":"closed","sticky":false,"template":"","format":"standard","meta":{"_acf_changed":false,"footnotes":""},"categories":[6,24],"tags":[],"class_list":["post-129256","post","type-post","status-publish","format-standard","has-post-thumbnail","hentry","category-mode","category-tendances"],"acf":[],"_yoast_wpseo_title":"Adidas samba : la paire qu\u2019il vous faut absolument","_yoast_wpseo_metadesc":"Sorties dans les ann\u00e9es 50, les Adidas samba sont l\u2019un des classiques et intemporels de la marque. Retour sur une paire mythique plus que tendance.","image_verticale":"","yoast_head":"<!-- This site is optimized with the Yoast SEO plugin v27.3 - https:\/\/yoast.com\/product\/yoast-seo-wordpress\/ -->\n<title>Adidas samba : la paire qu\u2019il vous faut absolument<\/title>\n<meta name=\"description\" content=\"Sorties dans les ann\u00e9es 50, les Adidas samba sont l\u2019un des classiques et intemporels de la marque. Retour sur une paire mythique plus que tendance.\" \/>\n<meta name=\"robots\" content=\"index, follow, max-snippet:-1, max-image-preview:large, max-video-preview:-1\" \/>\n<link rel=\"canonical\" href=\"https:\/\/marieclaire.be\/fr\/adidas-samba-une-paire-intemporelle-a-avoir-dans-le-shoesing\/\" \/>\n<meta property=\"og:locale\" content=\"fr_FR\" \/>\n<meta property=\"og:type\" content=\"article\" \/>\n<meta property=\"og:title\" content=\"Adidas samba : la paire qu\u2019il vous faut absolument\" \/>\n<meta property=\"og:description\" content=\"Sorties dans les ann\u00e9es 50, les Adidas samba sont l\u2019un des classiques et intemporels de la marque. Retour sur une paire mythique plus que tendance.\" \/>\n<meta property=\"og:url\" content=\"https:\/\/marieclaire.be\/fr\/adidas-samba-une-paire-intemporelle-a-avoir-dans-le-shoesing\/\" \/>\n<meta property=\"og:site_name\" content=\"Marie Claire Belgique\" \/>\n<meta property=\"article:publisher\" content=\"https:\/\/www.facebook.com\/MarieClaire.Belgique\/\" \/>\n<meta property=\"article:published_time\" content=\"2023-08-21T14:38:10+00:00\" \/>\n<meta property=\"article:modified_time\" content=\"2023-08-29T11:04:17+00:00\" \/>\n<meta property=\"og:image\" content=\"https:\/\/marieclaire.be\/fr\/wp-content\/uploads\/2023\/08\/sneakersy-addas-samba.jpg\" \/>\n\t<meta property=\"og:image:width\" content=\"938\" \/>\n\t<meta property=\"og:image:height\" content=\"626\" \/>\n\t<meta property=\"og:image:type\" content=\"image\/jpeg\" \/>\n<meta name=\"author\" content=\"Marie Claire Partenaire\" \/>\n<meta name=\"twitter:label1\" content=\"\u00c9crit par\" \/>\n\t<meta name=\"twitter:data1\" content=\"Marie Claire Partenaire\" \/>\n\t<meta name=\"twitter:label2\" content=\"Dur\u00e9e de lecture estim\u00e9e\" \/>\n\t<meta name=\"twitter:data2\" content=\"3 minutes\" \/>\n<script type=\"application\/ld+json\" class=\"yoast-schema-graph\">{\"@context\":\"https:\\\/\\\/schema.org\",\"@graph\":[{\"@type\":\"NewsArticle\",\"@id\":\"https:\\\/\\\/marieclaire.be\\\/fr\\\/adidas-samba-une-paire-intemporelle-a-avoir-dans-le-shoesing\\\/#article\",\"isPartOf\":{\"@id\":\"https:\\\/\\\/marieclaire.be\\\/fr\\\/adidas-samba-une-paire-intemporelle-a-avoir-dans-le-shoesing\\\/\"},\"author\":{\"name\":\"Marie Claire Partenaire\",\"@id\":\"https:\\\/\\\/marieclaire.be\\\/fr\\\/#\\\/schema\\\/person\\\/c9f308ff3e5a63cb3efc0ae1c0c0a3fd\"},\"headline\":\"Adidas samba : une paire intemporelle \u00e0 avoir dans le shoesing\",\"datePublished\":\"2023-08-21T14:38:10+00:00\",\"dateModified\":\"2023-08-29T11:04:17+00:00\",\"mainEntityOfPage\":{\"@id\":\"https:\\\/\\\/marieclaire.be\\\/fr\\\/adidas-samba-une-paire-intemporelle-a-avoir-dans-le-shoesing\\\/\"},\"wordCount\":440,\"publisher\":{\"@id\":\"https:\\\/\\\/marieclaire.be\\\/fr\\\/#organization\"},\"image\":{\"@id\":\"https:\\\/\\\/marieclaire.be\\\/fr\\\/adidas-samba-une-paire-intemporelle-a-avoir-dans-le-shoesing\\\/#primaryimage\"},\"thumbnailUrl\":\"https:\\\/\\\/marieclaire.be\\\/fr\\\/wp-content\\\/uploads\\\/2023\\\/08\\\/sneakersy-addas-samba.jpg\",\"articleSection\":[\"Mode\",\"Tendances\"],\"inLanguage\":\"fr-FR\"},{\"@type\":\"WebPage\",\"@id\":\"https:\\\/\\\/marieclaire.be\\\/fr\\\/adidas-samba-une-paire-intemporelle-a-avoir-dans-le-shoesing\\\/\",\"url\":\"https:\\\/\\\/marieclaire.be\\\/fr\\\/adidas-samba-une-paire-intemporelle-a-avoir-dans-le-shoesing\\\/\",\"name\":\"Adidas samba : la paire qu\u2019il vous faut absolument\",\"isPartOf\":{\"@id\":\"https:\\\/\\\/marieclaire.be\\\/fr\\\/#website\"},\"primaryImageOfPage\":{\"@id\":\"https:\\\/\\\/marieclaire.be\\\/fr\\\/adidas-samba-une-paire-intemporelle-a-avoir-dans-le-shoesing\\\/#primaryimage\"},\"image\":{\"@id\":\"https:\\\/\\\/marieclaire.be\\\/fr\\\/adidas-samba-une-paire-intemporelle-a-avoir-dans-le-shoesing\\\/#primaryimage\"},\"thumbnailUrl\":\"https:\\\/\\\/marieclaire.be\\\/fr\\\/wp-content\\\/uploads\\\/2023\\\/08\\\/sneakersy-addas-samba.jpg\",\"datePublished\":\"2023-08-21T14:38:10+00:00\",\"dateModified\":\"2023-08-29T11:04:17+00:00\",\"description\":\"Sorties dans les ann\u00e9es 50, les Adidas samba sont l\u2019un des classiques et intemporels de la marque. Retour sur une paire mythique plus que tendance.\",\"breadcrumb\":{\"@id\":\"https:\\\/\\\/marieclaire.be\\\/fr\\\/adidas-samba-une-paire-intemporelle-a-avoir-dans-le-shoesing\\\/#breadcrumb\"},\"inLanguage\":\"fr-FR\",\"potentialAction\":[{\"@type\":\"ReadAction\",\"target\":[\"https:\\\/\\\/marieclaire.be\\\/fr\\\/adidas-samba-une-paire-intemporelle-a-avoir-dans-le-shoesing\\\/\"]}]},{\"@type\":\"ImageObject\",\"inLanguage\":\"fr-FR\",\"@id\":\"https:\\\/\\\/marieclaire.be\\\/fr\\\/adidas-samba-une-paire-intemporelle-a-avoir-dans-le-shoesing\\\/#primaryimage\",\"url\":\"https:\\\/\\\/marieclaire.be\\\/fr\\\/wp-content\\\/uploads\\\/2023\\\/08\\\/sneakersy-addas-samba.jpg\",\"contentUrl\":\"https:\\\/\\\/marieclaire.be\\\/fr\\\/wp-content\\\/uploads\\\/2023\\\/08\\\/sneakersy-addas-samba.jpg\",\"width\":938,\"height\":626},{\"@type\":\"BreadcrumbList\",\"@id\":\"https:\\\/\\\/marieclaire.be\\\/fr\\\/adidas-samba-une-paire-intemporelle-a-avoir-dans-le-shoesing\\\/#breadcrumb\",\"itemListElement\":[{\"@type\":\"ListItem\",\"position\":1,\"name\":\"Accueil\",\"item\":\"https:\\\/\\\/marieclaire.be\\\/fr\\\/\"},{\"@type\":\"ListItem\",\"position\":2,\"name\":\"Adidas samba : une paire intemporelle \u00e0 avoir dans le shoesing\"}]},{\"@type\":\"WebSite\",\"@id\":\"https:\\\/\\\/marieclaire.be\\\/fr\\\/#website\",\"url\":\"https:\\\/\\\/marieclaire.be\\\/fr\\\/\",\"name\":\"Marie Claire Belgique\",\"description\":\"Marie Claire Belgique, le magazine du style et de l\u2019intelligence qui parle de mode, des tendances, de la beaut\u00e9, de l\u2019actualit\u00e9 et de la culture\",\"publisher\":{\"@id\":\"https:\\\/\\\/marieclaire.be\\\/fr\\\/#organization\"},\"potentialAction\":[{\"@type\":\"SearchAction\",\"target\":{\"@type\":\"EntryPoint\",\"urlTemplate\":\"https:\\\/\\\/marieclaire.be\\\/fr\\\/?s={search_term_string}\"},\"query-input\":{\"@type\":\"PropertyValueSpecification\",\"valueRequired\":true,\"valueName\":\"search_term_string\"}}],\"inLanguage\":\"fr-FR\"},{\"@type\":\"Organization\",\"@id\":\"https:\\\/\\\/marieclaire.be\\\/fr\\\/#organization\",\"name\":\"Marie Claire\",\"url\":\"https:\\\/\\\/marieclaire.be\\\/fr\\\/\",\"logo\":{\"@type\":\"ImageObject\",\"inLanguage\":\"fr-FR\",\"@id\":\"https:\\\/\\\/marieclaire.be\\\/fr\\\/#\\\/schema\\\/logo\\\/image\\\/\",\"url\":\"https:\\\/\\\/marieclaire.be\\\/fr\\\/wp-content\\\/uploads\\\/2018\\\/05\\\/mc-logo2.png\",\"contentUrl\":\"https:\\\/\\\/marieclaire.be\\\/fr\\\/wp-content\\\/uploads\\\/2018\\\/05\\\/mc-logo2.png\",\"width\":1001,\"height\":189,\"caption\":\"Marie Claire\"},\"image\":{\"@id\":\"https:\\\/\\\/marieclaire.be\\\/fr\\\/#\\\/schema\\\/logo\\\/image\\\/\"},\"sameAs\":[\"https:\\\/\\\/www.facebook.com\\\/MarieClaire.Belgique\\\/\",\"https:\\\/\\\/www.instagram.com\\\/marieclaire_belgique\\\/\",\"https:\\\/\\\/fr.pinterest.com\\\/marieclairebe\\\/\",\"https:\\\/\\\/www.youtube.com\\\/user\\\/BelgiumMarieClaire\"]},{\"@type\":\"Person\",\"@id\":\"https:\\\/\\\/marieclaire.be\\\/fr\\\/#\\\/schema\\\/person\\\/c9f308ff3e5a63cb3efc0ae1c0c0a3fd\",\"name\":\"Marie Claire Partenaire\",\"image\":{\"@type\":\"ImageObject\",\"inLanguage\":\"fr-FR\",\"@id\":\"https:\\\/\\\/secure.gravatar.com\\\/avatar\\\/081d2cd4575981df403100e247f888ad2ab94033015c4f0b86a6c6d09d3d121c?s=96&d=mm&r=g\",\"url\":\"https:\\\/\\\/secure.gravatar.com\\\/avatar\\\/081d2cd4575981df403100e247f888ad2ab94033015c4f0b86a6c6d09d3d121c?s=96&d=mm&r=g\",\"contentUrl\":\"https:\\\/\\\/secure.gravatar.com\\\/avatar\\\/081d2cd4575981df403100e247f888ad2ab94033015c4f0b86a6c6d09d3d121c?s=96&d=mm&r=g\",\"caption\":\"Marie Claire Partenaire\"},\"url\":\"https:\\\/\\\/marieclaire.be\\\/fr\\\/author\\\/reworldmediaseo\\\/\"}]}<\/script>\n<!-- \/ Yoast SEO plugin. -->","yoast_head_json":{"title":"Adidas samba : la paire qu\u2019il vous faut absolument","description":"Sorties dans les ann\u00e9es 50, les Adidas samba sont l\u2019un des classiques et intemporels de la marque. Retour sur une paire mythique plus que tendance.","robots":{"index":"index","follow":"follow","max-snippet":"max-snippet:-1","max-image-preview":"max-image-preview:large","max-video-preview":"max-video-preview:-1"},"canonical":"https:\/\/marieclaire.be\/fr\/adidas-samba-une-paire-intemporelle-a-avoir-dans-le-shoesing\/","og_locale":"fr_FR","og_type":"article","og_title":"Adidas samba : la paire qu\u2019il vous faut absolument","og_description":"Sorties dans les ann\u00e9es 50, les Adidas samba sont l\u2019un des classiques et intemporels de la marque. Retour sur une paire mythique plus que tendance.","og_url":"https:\/\/marieclaire.be\/fr\/adidas-samba-une-paire-intemporelle-a-avoir-dans-le-shoesing\/","og_site_name":"Marie Claire Belgique","article_publisher":"https:\/\/www.facebook.com\/MarieClaire.Belgique\/","article_published_time":"2023-08-21T14:38:10+00:00","article_modified_time":"2023-08-29T11:04:17+00:00","og_image":[{"width":938,"height":626,"url":"https:\/\/marieclaire.be\/fr\/wp-content\/uploads\/2023\/08\/sneakersy-addas-samba.jpg","type":"image\/jpeg"}],"author":"Marie Claire Partenaire","twitter_misc":{"\u00c9crit par":"Marie Claire Partenaire","Dur\u00e9e de lecture estim\u00e9e":"3 minutes"},"schema":{"@context":"https:\/\/schema.org","@graph":[{"@type":"NewsArticle","@id":"https:\/\/marieclaire.be\/fr\/adidas-samba-une-paire-intemporelle-a-avoir-dans-le-shoesing\/#article","isPartOf":{"@id":"https:\/\/marieclaire.be\/fr\/adidas-samba-une-paire-intemporelle-a-avoir-dans-le-shoesing\/"},"author":{"name":"Marie Claire Partenaire","@id":"https:\/\/marieclaire.be\/fr\/#\/schema\/person\/c9f308ff3e5a63cb3efc0ae1c0c0a3fd"},"headline":"Adidas samba : une paire intemporelle \u00e0 avoir dans le shoesing","datePublished":"2023-08-21T14:38:10+00:00","dateModified":"2023-08-29T11:04:17+00:00","mainEntityOfPage":{"@id":"https:\/\/marieclaire.be\/fr\/adidas-samba-une-paire-intemporelle-a-avoir-dans-le-shoesing\/"},"wordCount":440,"publisher":{"@id":"https:\/\/marieclaire.be\/fr\/#organization"},"image":{"@id":"https:\/\/marieclaire.be\/fr\/adidas-samba-une-paire-intemporelle-a-avoir-dans-le-shoesing\/#primaryimage"},"thumbnailUrl":"https:\/\/marieclaire.be\/fr\/wp-content\/uploads\/2023\/08\/sneakersy-addas-samba.jpg","articleSection":["Mode","Tendances"],"inLanguage":"fr-FR"},{"@type":"WebPage","@id":"https:\/\/marieclaire.be\/fr\/adidas-samba-une-paire-intemporelle-a-avoir-dans-le-shoesing\/","url":"https:\/\/marieclaire.be\/fr\/adidas-samba-une-paire-intemporelle-a-avoir-dans-le-shoesing\/","name":"Adidas samba : la paire qu\u2019il vous faut absolument","isPartOf":{"@id":"https:\/\/marieclaire.be\/fr\/#website"},"primaryImageOfPage":{"@id":"https:\/\/marieclaire.be\/fr\/adidas-samba-une-paire-intemporelle-a-avoir-dans-le-shoesing\/#primaryimage"},"image":{"@id":"https:\/\/marieclaire.be\/fr\/adidas-samba-une-paire-intemporelle-a-avoir-dans-le-shoesing\/#primaryimage"},"thumbnailUrl":"https:\/\/marieclaire.be\/fr\/wp-content\/uploads\/2023\/08\/sneakersy-addas-samba.jpg","datePublished":"2023-08-21T14:38:10+00:00","dateModified":"2023-08-29T11:04:17+00:00","description":"Sorties dans les ann\u00e9es 50, les Adidas samba sont l\u2019un des classiques et intemporels de la marque. Retour sur une paire mythique plus que tendance.","breadcrumb":{"@id":"https:\/\/marieclaire.be\/fr\/adidas-samba-une-paire-intemporelle-a-avoir-dans-le-shoesing\/#breadcrumb"},"inLanguage":"fr-FR","potentialAction":[{"@type":"ReadAction","target":["https:\/\/marieclaire.be\/fr\/adidas-samba-une-paire-intemporelle-a-avoir-dans-le-shoesing\/"]}]},{"@type":"ImageObject","inLanguage":"fr-FR","@id":"https:\/\/marieclaire.be\/fr\/adidas-samba-une-paire-intemporelle-a-avoir-dans-le-shoesing\/#primaryimage","url":"https:\/\/marieclaire.be\/fr\/wp-content\/uploads\/2023\/08\/sneakersy-addas-samba.jpg","contentUrl":"https:\/\/marieclaire.be\/fr\/wp-content\/uploads\/2023\/08\/sneakersy-addas-samba.jpg","width":938,"height":626},{"@type":"BreadcrumbList","@id":"https:\/\/marieclaire.be\/fr\/adidas-samba-une-paire-intemporelle-a-avoir-dans-le-shoesing\/#breadcrumb","itemListElement":[{"@type":"ListItem","position":1,"name":"Accueil","item":"https:\/\/marieclaire.be\/fr\/"},{"@type":"ListItem","position":2,"name":"Adidas samba : une paire intemporelle \u00e0 avoir dans le shoesing"}]},{"@type":"WebSite","@id":"https:\/\/marieclaire.be\/fr\/#website","url":"https:\/\/marieclaire.be\/fr\/","name":"Marie Claire Belgique","description":"Marie Claire Belgique, le magazine du style et de l\u2019intelligence qui parle de mode, des tendances, de la beaut\u00e9, de l\u2019actualit\u00e9 et de la culture","publisher":{"@id":"https:\/\/marieclaire.be\/fr\/#organization"},"potentialAction":[{"@type":"SearchAction","target":{"@type":"EntryPoint","urlTemplate":"https:\/\/marieclaire.be\/fr\/?s={search_term_string}"},"query-input":{"@type":"PropertyValueSpecification","valueRequired":true,"valueName":"search_term_string"}}],"inLanguage":"fr-FR"},{"@type":"Organization","@id":"https:\/\/marieclaire.be\/fr\/#organization","name":"Marie Claire","url":"https:\/\/marieclaire.be\/fr\/","logo":{"@type":"ImageObject","inLanguage":"fr-FR","@id":"https:\/\/marieclaire.be\/fr\/#\/schema\/logo\/image\/","url":"https:\/\/marieclaire.be\/fr\/wp-content\/uploads\/2018\/05\/mc-logo2.png","contentUrl":"https:\/\/marieclaire.be\/fr\/wp-content\/uploads\/2018\/05\/mc-logo2.png","width":1001,"height":189,"caption":"Marie Claire"},"image":{"@id":"https:\/\/marieclaire.be\/fr\/#\/schema\/logo\/image\/"},"sameAs":["https:\/\/www.facebook.com\/MarieClaire.Belgique\/","https:\/\/www.instagram.com\/marieclaire_belgique\/","https:\/\/fr.pinterest.com\/marieclairebe\/","https:\/\/www.youtube.com\/user\/BelgiumMarieClaire"]},{"@type":"Person","@id":"https:\/\/marieclaire.be\/fr\/#\/schema\/person\/c9f308ff3e5a63cb3efc0ae1c0c0a3fd","name":"Marie Claire Partenaire","image":{"@type":"ImageObject","inLanguage":"fr-FR","@id":"https:\/\/secure.gravatar.com\/avatar\/081d2cd4575981df403100e247f888ad2ab94033015c4f0b86a6c6d09d3d121c?s=96&d=mm&r=g","url":"https:\/\/secure.gravatar.com\/avatar\/081d2cd4575981df403100e247f888ad2ab94033015c4f0b86a6c6d09d3d121c?s=96&d=mm&r=g","contentUrl":"https:\/\/secure.gravatar.com\/avatar\/081d2cd4575981df403100e247f888ad2ab94033015c4f0b86a6c6d09d3d121c?s=96&d=mm&r=g","caption":"Marie Claire Partenaire"},"url":"https:\/\/marieclaire.be\/fr\/author\/reworldmediaseo\/"}]}},"_links":{"self":[{"href":"https:\/\/marieclaire.be\/fr\/wp-json\/wp\/v2\/posts\/129256","targetHints":{"allow":["GET"]}}],"collection":[{"href":"https:\/\/marieclaire.be\/fr\/wp-json\/wp\/v2\/posts"}],"about":[{"href":"https:\/\/marieclaire.be\/fr\/wp-json\/wp\/v2\/types\/post"}],"author":[{"embeddable":true,"href":"https:\/\/marieclaire.be\/fr\/wp-json\/wp\/v2\/users\/70"}],"replies":[{"embeddable":true,"href":"https:\/\/marieclaire.be\/fr\/wp-json\/wp\/v2\/comments?post=129256"}],"version-history":[{"count":5,"href":"https:\/\/marieclaire.be\/fr\/wp-json\/wp\/v2\/posts\/129256\/revisions"}],"predecessor-version":[{"id":129429,"href":"https:\/\/marieclaire.be\/fr\/wp-json\/wp\/v2\/posts\/129256\/revisions\/129429"}],"wp:featuredmedia":[{"embeddable":true,"href":"https:\/\/marieclaire.be\/fr\/wp-json\/wp\/v2\/media\/129257"}],"wp:attachment":[{"href":"https:\/\/marieclaire.be\/fr\/wp-json\/wp\/v2\/media?parent=129256"}],"wp:term":[{"taxonomy":"category","embeddable":true,"href":"https:\/\/marieclaire.be\/fr\/wp-json\/wp\/v2\/categories?post=129256"},{"taxonomy":"post_tag","embeddable":true,"href":"https:\/\/marieclaire.be\/fr\/wp-json\/wp\/v2\/tags?post=129256"}],"curies":[{"name":"wp","href":"https:\/\/api.w.org\/{rel}","templated":true}]}}