{"id":129163,"date":"2023-08-28T07:39:07","date_gmt":"2023-08-28T05:39:07","guid":{"rendered":"https:\/\/marieclaire.be\/fr\/?p=129163"},"modified":"2023-08-28T12:41:15","modified_gmt":"2023-08-28T10:41:15","slug":"logements-airbnb-avec-vue-spectaculaire","status":"publish","type":"post","link":"https:\/\/marieclaire.be\/fr\/logements-airbnb-avec-vue-spectaculaire\/","title":{"rendered":"9 logements Airbnb avec une vue \u00e0 couper le souffle"},"content":{"rendered":"","protected":false},"excerpt":{"rendered":"Si les vacances d&#8217;\u00e9t\u00e9 touchent bient\u00f4t \u00e0 leur fin, ce n&#8217;est pas pour \u00e7a que les envies de voyage doivent s&#8217;arr\u00eater.","protected":false},"author":8,"featured_media":129174,"comment_status":"closed","ping_status":"closed","sticky":false,"template":"","format":"standard","meta":{"_acf_changed":false,"footnotes":""},"categories":[29,67],"tags":[266],"class_list":["post-129163","post","type-post","status-publish","format-standard","has-post-thumbnail","hentry","category-voyages","category-lifestyle","tag-voyage"],"acf":[],"_yoast_wpseo_title":null,"_yoast_wpseo_metadesc":"Si vous \u00eates toujours \u00e0 la recherche d'une location qui vous en mette plein les yeux, voici 9 logements Airbnb qui devraient vous charmer !","image_verticale":"129325","yoast_head":"<!-- This site is optimized with the Yoast SEO plugin v27.3 - https:\/\/yoast.com\/product\/yoast-seo-wordpress\/ -->\n<title>9 logements Airbnb avec une vue \u00e0 couper le souffle - Marie Claire Belgique<\/title>\n<meta name=\"description\" content=\"Si vous \u00eates toujours \u00e0 la recherche d&#039;une location qui vous en mette plein les yeux, voici 9 logements Airbnb qui devraient vous charmer !\" \/>\n<meta name=\"robots\" content=\"index, follow, max-snippet:-1, max-image-preview:large, max-video-preview:-1\" \/>\n<link rel=\"canonical\" href=\"https:\/\/marieclaire.be\/fr\/logements-airbnb-avec-vue-spectaculaire\/\" \/>\n<link rel=\"next\" href=\"https:\/\/marieclaire.be\/fr\/logements-airbnb-avec-vue-spectaculaire\/2\/\" \/>\n<meta property=\"og:locale\" content=\"fr_FR\" \/>\n<meta property=\"og:type\" content=\"article\" \/>\n<meta property=\"og:title\" content=\"9 logements Airbnb avec une vue \u00e0 couper le souffle - Marie Claire Belgique\" \/>\n<meta property=\"og:description\" content=\"Si vous \u00eates toujours \u00e0 la recherche d&#039;une location qui vous en mette plein les yeux, voici 9 logements Airbnb qui devraient vous charmer !\" \/>\n<meta property=\"og:url\" content=\"https:\/\/marieclaire.be\/fr\/logements-airbnb-avec-vue-spectaculaire\/\" \/>\n<meta property=\"og:site_name\" content=\"Marie Claire Belgique\" \/>\n<meta property=\"article:publisher\" content=\"https:\/\/www.facebook.com\/MarieClaire.Belgique\/\" \/>\n<meta property=\"article:published_time\" content=\"2023-08-28T05:39:07+00:00\" \/>\n<meta property=\"article:modified_time\" content=\"2023-08-28T10:41:15+00:00\" \/>\n<meta property=\"og:image\" content=\"https:\/\/marieclaire.be\/fr\/wp-content\/uploads\/2023\/08\/airbnb-avec-vue-8.jpg\" \/>\n\t<meta property=\"og:image:width\" content=\"1200\" \/>\n\t<meta property=\"og:image:height\" content=\"628\" \/>\n\t<meta property=\"og:image:type\" content=\"image\/jpeg\" \/>\n<meta name=\"author\" content=\"Marie Claire\" \/>\n<meta name=\"twitter:label1\" content=\"\u00c9crit par\" \/>\n\t<meta name=\"twitter:data1\" content=\"Marie Claire\" \/>\n\t<meta name=\"twitter:label2\" content=\"Dur\u00e9e de lecture estim\u00e9e\" \/>\n\t<meta name=\"twitter:data2\" content=\"7 minutes\" \/>\n<script type=\"application\/ld+json\" class=\"yoast-schema-graph\">{\"@context\":\"https:\\\/\\\/schema.org\",\"@graph\":[{\"@type\":\"NewsArticle\",\"@id\":\"https:\\\/\\\/marieclaire.be\\\/fr\\\/logements-airbnb-avec-vue-spectaculaire\\\/#article\",\"isPartOf\":{\"@id\":\"https:\\\/\\\/marieclaire.be\\\/fr\\\/logements-airbnb-avec-vue-spectaculaire\\\/\"},\"author\":{\"name\":\"Marie Claire\",\"@id\":\"https:\\\/\\\/marieclaire.be\\\/fr\\\/#\\\/schema\\\/person\\\/6a5bc4eb4707dbc5cb47d17804a85f8c\"},\"headline\":\"9 logements Airbnb avec une vue \u00e0 couper le souffle\",\"datePublished\":\"2023-08-28T05:39:07+00:00\",\"dateModified\":\"2023-08-28T10:41:15+00:00\",\"mainEntityOfPage\":{\"@id\":\"https:\\\/\\\/marieclaire.be\\\/fr\\\/logements-airbnb-avec-vue-spectaculaire\\\/\"},\"wordCount\":1088,\"publisher\":{\"@id\":\"https:\\\/\\\/marieclaire.be\\\/fr\\\/#organization\"},\"image\":{\"@id\":\"https:\\\/\\\/marieclaire.be\\\/fr\\\/logements-airbnb-avec-vue-spectaculaire\\\/#primaryimage\"},\"thumbnailUrl\":\"https:\\\/\\\/marieclaire.be\\\/fr\\\/wp-content\\\/uploads\\\/2023\\\/08\\\/airbnb-avec-vue-8.jpg\",\"keywords\":[\"voyage\"],\"articleSection\":[\"Evasion\",\"Lifestyle\"],\"inLanguage\":\"fr-FR\"},{\"@type\":\"WebPage\",\"@id\":\"https:\\\/\\\/marieclaire.be\\\/fr\\\/logements-airbnb-avec-vue-spectaculaire\\\/\",\"url\":\"https:\\\/\\\/marieclaire.be\\\/fr\\\/logements-airbnb-avec-vue-spectaculaire\\\/\",\"name\":\"9 logements Airbnb avec une vue \u00e0 couper le souffle - Marie Claire Belgique\",\"isPartOf\":{\"@id\":\"https:\\\/\\\/marieclaire.be\\\/fr\\\/#website\"},\"primaryImageOfPage\":{\"@id\":\"https:\\\/\\\/marieclaire.be\\\/fr\\\/logements-airbnb-avec-vue-spectaculaire\\\/#primaryimage\"},\"image\":{\"@id\":\"https:\\\/\\\/marieclaire.be\\\/fr\\\/logements-airbnb-avec-vue-spectaculaire\\\/#primaryimage\"},\"thumbnailUrl\":\"https:\\\/\\\/marieclaire.be\\\/fr\\\/wp-content\\\/uploads\\\/2023\\\/08\\\/airbnb-avec-vue-8.jpg\",\"datePublished\":\"2023-08-28T05:39:07+00:00\",\"dateModified\":\"2023-08-28T10:41:15+00:00\",\"description\":\"Si vous \u00eates toujours \u00e0 la recherche d'une location qui vous en mette plein les yeux, voici 9 logements Airbnb qui devraient vous charmer !\",\"inLanguage\":\"fr-FR\",\"potentialAction\":[{\"@type\":\"ReadAction\",\"target\":[\"https:\\\/\\\/marieclaire.be\\\/fr\\\/logements-airbnb-avec-vue-spectaculaire\\\/\"]}]},{\"@type\":\"ImageObject\",\"inLanguage\":\"fr-FR\",\"@id\":\"https:\\\/\\\/marieclaire.be\\\/fr\\\/logements-airbnb-avec-vue-spectaculaire\\\/#primaryimage\",\"url\":\"https:\\\/\\\/marieclaire.be\\\/fr\\\/wp-content\\\/uploads\\\/2023\\\/08\\\/airbnb-avec-vue-8.jpg\",\"contentUrl\":\"https:\\\/\\\/marieclaire.be\\\/fr\\\/wp-content\\\/uploads\\\/2023\\\/08\\\/airbnb-avec-vue-8.jpg\",\"width\":1200,\"height\":628,\"caption\":\"presse\"},{\"@type\":\"WebSite\",\"@id\":\"https:\\\/\\\/marieclaire.be\\\/fr\\\/#website\",\"url\":\"https:\\\/\\\/marieclaire.be\\\/fr\\\/\",\"name\":\"Marie Claire Belgique\",\"description\":\"Marie Claire Belgique, le magazine du style et de l\u2019intelligence qui parle de mode, des tendances, de la beaut\u00e9, de l\u2019actualit\u00e9 et de la culture\",\"publisher\":{\"@id\":\"https:\\\/\\\/marieclaire.be\\\/fr\\\/#organization\"},\"potentialAction\":[{\"@type\":\"SearchAction\",\"target\":{\"@type\":\"EntryPoint\",\"urlTemplate\":\"https:\\\/\\\/marieclaire.be\\\/fr\\\/?s={search_term_string}\"},\"query-input\":{\"@type\":\"PropertyValueSpecification\",\"valueRequired\":true,\"valueName\":\"search_term_string\"}}],\"inLanguage\":\"fr-FR\"},{\"@type\":\"Organization\",\"@id\":\"https:\\\/\\\/marieclaire.be\\\/fr\\\/#organization\",\"name\":\"Marie Claire\",\"url\":\"https:\\\/\\\/marieclaire.be\\\/fr\\\/\",\"logo\":{\"@type\":\"ImageObject\",\"inLanguage\":\"fr-FR\",\"@id\":\"https:\\\/\\\/marieclaire.be\\\/fr\\\/#\\\/schema\\\/logo\\\/image\\\/\",\"url\":\"https:\\\/\\\/marieclaire.be\\\/fr\\\/wp-content\\\/uploads\\\/2018\\\/05\\\/mc-logo2.png\",\"contentUrl\":\"https:\\\/\\\/marieclaire.be\\\/fr\\\/wp-content\\\/uploads\\\/2018\\\/05\\\/mc-logo2.png\",\"width\":1001,\"height\":189,\"caption\":\"Marie Claire\"},\"image\":{\"@id\":\"https:\\\/\\\/marieclaire.be\\\/fr\\\/#\\\/schema\\\/logo\\\/image\\\/\"},\"sameAs\":[\"https:\\\/\\\/www.facebook.com\\\/MarieClaire.Belgique\\\/\",\"https:\\\/\\\/www.instagram.com\\\/marieclaire_belgique\\\/\",\"https:\\\/\\\/fr.pinterest.com\\\/marieclairebe\\\/\",\"https:\\\/\\\/www.youtube.com\\\/user\\\/BelgiumMarieClaire\"]},{\"@type\":\"Person\",\"@id\":\"https:\\\/\\\/marieclaire.be\\\/fr\\\/#\\\/schema\\\/person\\\/6a5bc4eb4707dbc5cb47d17804a85f8c\",\"name\":\"Marie Claire\",\"image\":{\"@type\":\"ImageObject\",\"inLanguage\":\"fr-FR\",\"@id\":\"https:\\\/\\\/marieclaire.be\\\/fr\\\/wp-content\\\/uploads\\\/2016\\\/11\\\/mclogo-96x96.jpg\",\"url\":\"https:\\\/\\\/marieclaire.be\\\/fr\\\/wp-content\\\/uploads\\\/2016\\\/11\\\/mclogo-96x96.jpg\",\"contentUrl\":\"https:\\\/\\\/marieclaire.be\\\/fr\\\/wp-content\\\/uploads\\\/2016\\\/11\\\/mclogo-96x96.jpg\",\"caption\":\"Marie Claire\"},\"url\":\"https:\\\/\\\/marieclaire.be\\\/fr\\\/author\\\/stagiaire\\\/\"}]}<\/script>\n<!-- \/ Yoast SEO plugin. -->","yoast_head_json":{"title":"9 logements Airbnb avec une vue \u00e0 couper le souffle - Marie Claire Belgique","description":"Si vous \u00eates toujours \u00e0 la recherche d'une location qui vous en mette plein les yeux, voici 9 logements Airbnb qui devraient vous charmer !","robots":{"index":"index","follow":"follow","max-snippet":"max-snippet:-1","max-image-preview":"max-image-preview:large","max-video-preview":"max-video-preview:-1"},"canonical":"https:\/\/marieclaire.be\/fr\/logements-airbnb-avec-vue-spectaculaire\/","next":"https:\/\/marieclaire.be\/fr\/logements-airbnb-avec-vue-spectaculaire\/2\/","og_locale":"fr_FR","og_type":"article","og_title":"9 logements Airbnb avec une vue \u00e0 couper le souffle - Marie Claire Belgique","og_description":"Si vous \u00eates toujours \u00e0 la recherche d'une location qui vous en mette plein les yeux, voici 9 logements Airbnb qui devraient vous charmer !","og_url":"https:\/\/marieclaire.be\/fr\/logements-airbnb-avec-vue-spectaculaire\/","og_site_name":"Marie Claire Belgique","article_publisher":"https:\/\/www.facebook.com\/MarieClaire.Belgique\/","article_published_time":"2023-08-28T05:39:07+00:00","article_modified_time":"2023-08-28T10:41:15+00:00","og_image":[{"width":1200,"height":628,"url":"https:\/\/marieclaire.be\/fr\/wp-content\/uploads\/2023\/08\/airbnb-avec-vue-8.jpg","type":"image\/jpeg"}],"author":"Marie Claire","twitter_misc":{"\u00c9crit par":"Marie Claire","Dur\u00e9e de lecture estim\u00e9e":"7 minutes"},"schema":{"@context":"https:\/\/schema.org","@graph":[{"@type":"NewsArticle","@id":"https:\/\/marieclaire.be\/fr\/logements-airbnb-avec-vue-spectaculaire\/#article","isPartOf":{"@id":"https:\/\/marieclaire.be\/fr\/logements-airbnb-avec-vue-spectaculaire\/"},"author":{"name":"Marie Claire","@id":"https:\/\/marieclaire.be\/fr\/#\/schema\/person\/6a5bc4eb4707dbc5cb47d17804a85f8c"},"headline":"9 logements Airbnb avec une vue \u00e0 couper le souffle","datePublished":"2023-08-28T05:39:07+00:00","dateModified":"2023-08-28T10:41:15+00:00","mainEntityOfPage":{"@id":"https:\/\/marieclaire.be\/fr\/logements-airbnb-avec-vue-spectaculaire\/"},"wordCount":1088,"publisher":{"@id":"https:\/\/marieclaire.be\/fr\/#organization"},"image":{"@id":"https:\/\/marieclaire.be\/fr\/logements-airbnb-avec-vue-spectaculaire\/#primaryimage"},"thumbnailUrl":"https:\/\/marieclaire.be\/fr\/wp-content\/uploads\/2023\/08\/airbnb-avec-vue-8.jpg","keywords":["voyage"],"articleSection":["Evasion","Lifestyle"],"inLanguage":"fr-FR"},{"@type":"WebPage","@id":"https:\/\/marieclaire.be\/fr\/logements-airbnb-avec-vue-spectaculaire\/","url":"https:\/\/marieclaire.be\/fr\/logements-airbnb-avec-vue-spectaculaire\/","name":"9 logements Airbnb avec une vue \u00e0 couper le souffle - Marie Claire Belgique","isPartOf":{"@id":"https:\/\/marieclaire.be\/fr\/#website"},"primaryImageOfPage":{"@id":"https:\/\/marieclaire.be\/fr\/logements-airbnb-avec-vue-spectaculaire\/#primaryimage"},"image":{"@id":"https:\/\/marieclaire.be\/fr\/logements-airbnb-avec-vue-spectaculaire\/#primaryimage"},"thumbnailUrl":"https:\/\/marieclaire.be\/fr\/wp-content\/uploads\/2023\/08\/airbnb-avec-vue-8.jpg","datePublished":"2023-08-28T05:39:07+00:00","dateModified":"2023-08-28T10:41:15+00:00","description":"Si vous \u00eates toujours \u00e0 la recherche d'une location qui vous en mette plein les yeux, voici 9 logements Airbnb qui devraient vous charmer !","inLanguage":"fr-FR","potentialAction":[{"@type":"ReadAction","target":["https:\/\/marieclaire.be\/fr\/logements-airbnb-avec-vue-spectaculaire\/"]}]},{"@type":"ImageObject","inLanguage":"fr-FR","@id":"https:\/\/marieclaire.be\/fr\/logements-airbnb-avec-vue-spectaculaire\/#primaryimage","url":"https:\/\/marieclaire.be\/fr\/wp-content\/uploads\/2023\/08\/airbnb-avec-vue-8.jpg","contentUrl":"https:\/\/marieclaire.be\/fr\/wp-content\/uploads\/2023\/08\/airbnb-avec-vue-8.jpg","width":1200,"height":628,"caption":"presse"},{"@type":"WebSite","@id":"https:\/\/marieclaire.be\/fr\/#website","url":"https:\/\/marieclaire.be\/fr\/","name":"Marie Claire Belgique","description":"Marie Claire Belgique, le magazine du style et de l\u2019intelligence qui parle de mode, des tendances, de la beaut\u00e9, de l\u2019actualit\u00e9 et de la culture","publisher":{"@id":"https:\/\/marieclaire.be\/fr\/#organization"},"potentialAction":[{"@type":"SearchAction","target":{"@type":"EntryPoint","urlTemplate":"https:\/\/marieclaire.be\/fr\/?s={search_term_string}"},"query-input":{"@type":"PropertyValueSpecification","valueRequired":true,"valueName":"search_term_string"}}],"inLanguage":"fr-FR"},{"@type":"Organization","@id":"https:\/\/marieclaire.be\/fr\/#organization","name":"Marie Claire","url":"https:\/\/marieclaire.be\/fr\/","logo":{"@type":"ImageObject","inLanguage":"fr-FR","@id":"https:\/\/marieclaire.be\/fr\/#\/schema\/logo\/image\/","url":"https:\/\/marieclaire.be\/fr\/wp-content\/uploads\/2018\/05\/mc-logo2.png","contentUrl":"https:\/\/marieclaire.be\/fr\/wp-content\/uploads\/2018\/05\/mc-logo2.png","width":1001,"height":189,"caption":"Marie Claire"},"image":{"@id":"https:\/\/marieclaire.be\/fr\/#\/schema\/logo\/image\/"},"sameAs":["https:\/\/www.facebook.com\/MarieClaire.Belgique\/","https:\/\/www.instagram.com\/marieclaire_belgique\/","https:\/\/fr.pinterest.com\/marieclairebe\/","https:\/\/www.youtube.com\/user\/BelgiumMarieClaire"]},{"@type":"Person","@id":"https:\/\/marieclaire.be\/fr\/#\/schema\/person\/6a5bc4eb4707dbc5cb47d17804a85f8c","name":"Marie Claire","image":{"@type":"ImageObject","inLanguage":"fr-FR","@id":"https:\/\/marieclaire.be\/fr\/wp-content\/uploads\/2016\/11\/mclogo-96x96.jpg","url":"https:\/\/marieclaire.be\/fr\/wp-content\/uploads\/2016\/11\/mclogo-96x96.jpg","contentUrl":"https:\/\/marieclaire.be\/fr\/wp-content\/uploads\/2016\/11\/mclogo-96x96.jpg","caption":"Marie Claire"},"url":"https:\/\/marieclaire.be\/fr\/author\/stagiaire\/"}]}},"_links":{"self":[{"href":"https:\/\/marieclaire.be\/fr\/wp-json\/wp\/v2\/posts\/129163","targetHints":{"allow":["GET"]}}],"collection":[{"href":"https:\/\/marieclaire.be\/fr\/wp-json\/wp\/v2\/posts"}],"about":[{"href":"https:\/\/marieclaire.be\/fr\/wp-json\/wp\/v2\/types\/post"}],"author":[{"embeddable":true,"href":"https:\/\/marieclaire.be\/fr\/wp-json\/wp\/v2\/users\/8"}],"replies":[{"embeddable":true,"href":"https:\/\/marieclaire.be\/fr\/wp-json\/wp\/v2\/comments?post=129163"}],"version-history":[{"count":10,"href":"https:\/\/marieclaire.be\/fr\/wp-json\/wp\/v2\/posts\/129163\/revisions"}],"predecessor-version":[{"id":129326,"href":"https:\/\/marieclaire.be\/fr\/wp-json\/wp\/v2\/posts\/129163\/revisions\/129326"}],"wp:featuredmedia":[{"embeddable":true,"href":"https:\/\/marieclaire.be\/fr\/wp-json\/wp\/v2\/media\/129174"}],"wp:attachment":[{"href":"https:\/\/marieclaire.be\/fr\/wp-json\/wp\/v2\/media?parent=129163"}],"wp:term":[{"taxonomy":"category","embeddable":true,"href":"https:\/\/marieclaire.be\/fr\/wp-json\/wp\/v2\/categories?post=129163"},{"taxonomy":"post_tag","embeddable":true,"href":"https:\/\/marieclaire.be\/fr\/wp-json\/wp\/v2\/tags?post=129163"}],"curies":[{"name":"wp","href":"https:\/\/api.w.org\/{rel}","templated":true}]}}