{"id":128274,"date":"2023-07-25T07:37:04","date_gmt":"2023-07-25T05:37:04","guid":{"rendered":"https:\/\/marieclaire.be\/fr\/?p=128274"},"modified":"2023-07-26T10:28:44","modified_gmt":"2023-07-26T08:28:44","slug":"tendance-mode-barbiecore","status":"publish","type":"post","link":"https:\/\/marieclaire.be\/fr\/tendance-mode-barbiecore\/","title":{"rendered":"Qu&#8217;est-ce que le Barbiecore ? Tout ce que vous devez savoir sur la tendance mode de l&#8217;\u00e9t\u00e9"},"content":{"rendered":"","protected":false},"excerpt":{"rendered":"\u00c0 moins que vous ayez v\u00e9cu dans une grotte ces derniers mois, vous savez probablement que le film tant attendu sur Barbie, avec Margot Robbie et Ryan Gosling dans les r\u00f4les de Barbie et Ken, est arriv\u00e9 dans les salles de cin\u00e9ma.","protected":false},"author":8,"featured_media":128411,"comment_status":"closed","ping_status":"closed","sticky":false,"template":"","format":"standard","meta":{"_acf_changed":false,"footnotes":""},"categories":[6,24],"tags":[3349],"class_list":["post-128274","post","type-post","status-publish","format-standard","has-post-thumbnail","hentry","category-mode","category-tendances","tag-barbie"],"acf":[],"_yoast_wpseo_title":null,"_yoast_wpseo_metadesc":"Le Barbiecore, c'est la tendance mode de l'\u00e9t\u00e9 qu'on doit \u00e0 la sortie du film de Greta Gerwig. On vous dit tout sur ce ph\u00e9nom\u00e8ne !","image_verticale":"128410","yoast_head":"<!-- This site is optimized with the Yoast SEO plugin v27.3 - https:\/\/yoast.com\/product\/yoast-seo-wordpress\/ -->\n<title>Qu&#039;est-ce que le Barbiecore ? Tout ce que vous devez savoir sur la tendance mode de l&#039;\u00e9t\u00e9 - Marie Claire Belgique<\/title>\n<meta name=\"description\" content=\"Le Barbiecore, c&#039;est la tendance mode de l&#039;\u00e9t\u00e9 qu&#039;on doit \u00e0 la sortie du film de Greta Gerwig. On vous dit tout sur ce ph\u00e9nom\u00e8ne !\" \/>\n<meta name=\"robots\" content=\"index, follow, max-snippet:-1, max-image-preview:large, max-video-preview:-1\" \/>\n<link rel=\"canonical\" href=\"https:\/\/marieclaire.be\/fr\/tendance-mode-barbiecore\/\" \/>\n<link rel=\"next\" href=\"https:\/\/marieclaire.be\/fr\/tendance-mode-barbiecore\/2\/\" \/>\n<meta property=\"og:locale\" content=\"fr_FR\" \/>\n<meta property=\"og:type\" content=\"article\" \/>\n<meta property=\"og:title\" content=\"Qu&#039;est-ce que le Barbiecore ? Tout ce que vous devez savoir sur la tendance mode de l&#039;\u00e9t\u00e9 - Marie Claire Belgique\" \/>\n<meta property=\"og:description\" content=\"Le Barbiecore, c&#039;est la tendance mode de l&#039;\u00e9t\u00e9 qu&#039;on doit \u00e0 la sortie du film de Greta Gerwig. On vous dit tout sur ce ph\u00e9nom\u00e8ne !\" \/>\n<meta property=\"og:url\" content=\"https:\/\/marieclaire.be\/fr\/tendance-mode-barbiecore\/\" \/>\n<meta property=\"og:site_name\" content=\"Marie Claire Belgique\" \/>\n<meta property=\"article:publisher\" content=\"https:\/\/www.facebook.com\/MarieClaire.Belgique\/\" \/>\n<meta property=\"article:published_time\" content=\"2023-07-25T05:37:04+00:00\" \/>\n<meta property=\"article:modified_time\" content=\"2023-07-26T08:28:44+00:00\" \/>\n<meta property=\"og:image\" content=\"https:\/\/marieclaire.be\/fr\/wp-content\/uploads\/2023\/07\/barbiecore-1.png\" \/>\n\t<meta property=\"og:image:width\" content=\"1200\" \/>\n\t<meta property=\"og:image:height\" content=\"628\" \/>\n\t<meta property=\"og:image:type\" content=\"image\/png\" \/>\n<meta name=\"author\" content=\"Marie Claire\" \/>\n<meta name=\"twitter:label1\" content=\"\u00c9crit par\" \/>\n\t<meta name=\"twitter:data1\" content=\"Marie Claire\" \/>\n\t<meta name=\"twitter:label2\" content=\"Dur\u00e9e de lecture estim\u00e9e\" \/>\n\t<meta name=\"twitter:data2\" content=\"3 minutes\" \/>\n<script type=\"application\/ld+json\" class=\"yoast-schema-graph\">{\"@context\":\"https:\\\/\\\/schema.org\",\"@graph\":[{\"@type\":\"NewsArticle\",\"@id\":\"https:\\\/\\\/marieclaire.be\\\/fr\\\/tendance-mode-barbiecore\\\/#article\",\"isPartOf\":{\"@id\":\"https:\\\/\\\/marieclaire.be\\\/fr\\\/tendance-mode-barbiecore\\\/\"},\"author\":{\"name\":\"Marie Claire\",\"@id\":\"https:\\\/\\\/marieclaire.be\\\/fr\\\/#\\\/schema\\\/person\\\/6a5bc4eb4707dbc5cb47d17804a85f8c\"},\"headline\":\"Qu&#8217;est-ce que le Barbiecore ? Tout ce que vous devez savoir sur la tendance mode de l&#8217;\u00e9t\u00e9\",\"datePublished\":\"2023-07-25T05:37:04+00:00\",\"dateModified\":\"2023-07-26T08:28:44+00:00\",\"mainEntityOfPage\":{\"@id\":\"https:\\\/\\\/marieclaire.be\\\/fr\\\/tendance-mode-barbiecore\\\/\"},\"wordCount\":589,\"publisher\":{\"@id\":\"https:\\\/\\\/marieclaire.be\\\/fr\\\/#organization\"},\"image\":{\"@id\":\"https:\\\/\\\/marieclaire.be\\\/fr\\\/tendance-mode-barbiecore\\\/#primaryimage\"},\"thumbnailUrl\":\"https:\\\/\\\/marieclaire.be\\\/fr\\\/wp-content\\\/uploads\\\/2023\\\/07\\\/barbiecore-1.png\",\"keywords\":[\"Barbie\"],\"articleSection\":[\"Mode\",\"Tendances\"],\"inLanguage\":\"fr-FR\"},{\"@type\":\"WebPage\",\"@id\":\"https:\\\/\\\/marieclaire.be\\\/fr\\\/tendance-mode-barbiecore\\\/\",\"url\":\"https:\\\/\\\/marieclaire.be\\\/fr\\\/tendance-mode-barbiecore\\\/\",\"name\":\"Qu'est-ce que le Barbiecore ? Tout ce que vous devez savoir sur la tendance mode de l'\u00e9t\u00e9 - Marie Claire Belgique\",\"isPartOf\":{\"@id\":\"https:\\\/\\\/marieclaire.be\\\/fr\\\/#website\"},\"primaryImageOfPage\":{\"@id\":\"https:\\\/\\\/marieclaire.be\\\/fr\\\/tendance-mode-barbiecore\\\/#primaryimage\"},\"image\":{\"@id\":\"https:\\\/\\\/marieclaire.be\\\/fr\\\/tendance-mode-barbiecore\\\/#primaryimage\"},\"thumbnailUrl\":\"https:\\\/\\\/marieclaire.be\\\/fr\\\/wp-content\\\/uploads\\\/2023\\\/07\\\/barbiecore-1.png\",\"datePublished\":\"2023-07-25T05:37:04+00:00\",\"dateModified\":\"2023-07-26T08:28:44+00:00\",\"description\":\"Le Barbiecore, c'est la tendance mode de l'\u00e9t\u00e9 qu'on doit \u00e0 la sortie du film de Greta Gerwig. On vous dit tout sur ce ph\u00e9nom\u00e8ne !\",\"inLanguage\":\"fr-FR\",\"potentialAction\":[{\"@type\":\"ReadAction\",\"target\":[\"https:\\\/\\\/marieclaire.be\\\/fr\\\/tendance-mode-barbiecore\\\/\"]}]},{\"@type\":\"ImageObject\",\"inLanguage\":\"fr-FR\",\"@id\":\"https:\\\/\\\/marieclaire.be\\\/fr\\\/tendance-mode-barbiecore\\\/#primaryimage\",\"url\":\"https:\\\/\\\/marieclaire.be\\\/fr\\\/wp-content\\\/uploads\\\/2023\\\/07\\\/barbiecore-1.png\",\"contentUrl\":\"https:\\\/\\\/marieclaire.be\\\/fr\\\/wp-content\\\/uploads\\\/2023\\\/07\\\/barbiecore-1.png\",\"width\":1200,\"height\":628,\"caption\":\"Getty Images\"},{\"@type\":\"WebSite\",\"@id\":\"https:\\\/\\\/marieclaire.be\\\/fr\\\/#website\",\"url\":\"https:\\\/\\\/marieclaire.be\\\/fr\\\/\",\"name\":\"Marie Claire Belgique\",\"description\":\"Marie Claire Belgique, le magazine du style et de l\u2019intelligence qui parle de mode, des tendances, de la beaut\u00e9, de l\u2019actualit\u00e9 et de la culture\",\"publisher\":{\"@id\":\"https:\\\/\\\/marieclaire.be\\\/fr\\\/#organization\"},\"potentialAction\":[{\"@type\":\"SearchAction\",\"target\":{\"@type\":\"EntryPoint\",\"urlTemplate\":\"https:\\\/\\\/marieclaire.be\\\/fr\\\/?s={search_term_string}\"},\"query-input\":{\"@type\":\"PropertyValueSpecification\",\"valueRequired\":true,\"valueName\":\"search_term_string\"}}],\"inLanguage\":\"fr-FR\"},{\"@type\":\"Organization\",\"@id\":\"https:\\\/\\\/marieclaire.be\\\/fr\\\/#organization\",\"name\":\"Marie Claire\",\"url\":\"https:\\\/\\\/marieclaire.be\\\/fr\\\/\",\"logo\":{\"@type\":\"ImageObject\",\"inLanguage\":\"fr-FR\",\"@id\":\"https:\\\/\\\/marieclaire.be\\\/fr\\\/#\\\/schema\\\/logo\\\/image\\\/\",\"url\":\"https:\\\/\\\/marieclaire.be\\\/fr\\\/wp-content\\\/uploads\\\/2018\\\/05\\\/mc-logo2.png\",\"contentUrl\":\"https:\\\/\\\/marieclaire.be\\\/fr\\\/wp-content\\\/uploads\\\/2018\\\/05\\\/mc-logo2.png\",\"width\":1001,\"height\":189,\"caption\":\"Marie Claire\"},\"image\":{\"@id\":\"https:\\\/\\\/marieclaire.be\\\/fr\\\/#\\\/schema\\\/logo\\\/image\\\/\"},\"sameAs\":[\"https:\\\/\\\/www.facebook.com\\\/MarieClaire.Belgique\\\/\",\"https:\\\/\\\/www.instagram.com\\\/marieclaire_belgique\\\/\",\"https:\\\/\\\/fr.pinterest.com\\\/marieclairebe\\\/\",\"https:\\\/\\\/www.youtube.com\\\/user\\\/BelgiumMarieClaire\"]},{\"@type\":\"Person\",\"@id\":\"https:\\\/\\\/marieclaire.be\\\/fr\\\/#\\\/schema\\\/person\\\/6a5bc4eb4707dbc5cb47d17804a85f8c\",\"name\":\"Marie Claire\",\"image\":{\"@type\":\"ImageObject\",\"inLanguage\":\"fr-FR\",\"@id\":\"https:\\\/\\\/marieclaire.be\\\/fr\\\/wp-content\\\/uploads\\\/2016\\\/11\\\/mclogo-96x96.jpg\",\"url\":\"https:\\\/\\\/marieclaire.be\\\/fr\\\/wp-content\\\/uploads\\\/2016\\\/11\\\/mclogo-96x96.jpg\",\"contentUrl\":\"https:\\\/\\\/marieclaire.be\\\/fr\\\/wp-content\\\/uploads\\\/2016\\\/11\\\/mclogo-96x96.jpg\",\"caption\":\"Marie Claire\"},\"url\":\"https:\\\/\\\/marieclaire.be\\\/fr\\\/author\\\/stagiaire\\\/\"}]}<\/script>\n<!-- \/ Yoast SEO plugin. -->","yoast_head_json":{"title":"Qu'est-ce que le Barbiecore ? Tout ce que vous devez savoir sur la tendance mode de l'\u00e9t\u00e9 - Marie Claire Belgique","description":"Le Barbiecore, c'est la tendance mode de l'\u00e9t\u00e9 qu'on doit \u00e0 la sortie du film de Greta Gerwig. On vous dit tout sur ce ph\u00e9nom\u00e8ne !","robots":{"index":"index","follow":"follow","max-snippet":"max-snippet:-1","max-image-preview":"max-image-preview:large","max-video-preview":"max-video-preview:-1"},"canonical":"https:\/\/marieclaire.be\/fr\/tendance-mode-barbiecore\/","next":"https:\/\/marieclaire.be\/fr\/tendance-mode-barbiecore\/2\/","og_locale":"fr_FR","og_type":"article","og_title":"Qu'est-ce que le Barbiecore ? Tout ce que vous devez savoir sur la tendance mode de l'\u00e9t\u00e9 - Marie Claire Belgique","og_description":"Le Barbiecore, c'est la tendance mode de l'\u00e9t\u00e9 qu'on doit \u00e0 la sortie du film de Greta Gerwig. On vous dit tout sur ce ph\u00e9nom\u00e8ne !","og_url":"https:\/\/marieclaire.be\/fr\/tendance-mode-barbiecore\/","og_site_name":"Marie Claire Belgique","article_publisher":"https:\/\/www.facebook.com\/MarieClaire.Belgique\/","article_published_time":"2023-07-25T05:37:04+00:00","article_modified_time":"2023-07-26T08:28:44+00:00","og_image":[{"width":1200,"height":628,"url":"https:\/\/marieclaire.be\/fr\/wp-content\/uploads\/2023\/07\/barbiecore-1.png","type":"image\/png"}],"author":"Marie Claire","twitter_misc":{"\u00c9crit par":"Marie Claire","Dur\u00e9e de lecture estim\u00e9e":"3 minutes"},"schema":{"@context":"https:\/\/schema.org","@graph":[{"@type":"NewsArticle","@id":"https:\/\/marieclaire.be\/fr\/tendance-mode-barbiecore\/#article","isPartOf":{"@id":"https:\/\/marieclaire.be\/fr\/tendance-mode-barbiecore\/"},"author":{"name":"Marie Claire","@id":"https:\/\/marieclaire.be\/fr\/#\/schema\/person\/6a5bc4eb4707dbc5cb47d17804a85f8c"},"headline":"Qu&#8217;est-ce que le Barbiecore ? Tout ce que vous devez savoir sur la tendance mode de l&#8217;\u00e9t\u00e9","datePublished":"2023-07-25T05:37:04+00:00","dateModified":"2023-07-26T08:28:44+00:00","mainEntityOfPage":{"@id":"https:\/\/marieclaire.be\/fr\/tendance-mode-barbiecore\/"},"wordCount":589,"publisher":{"@id":"https:\/\/marieclaire.be\/fr\/#organization"},"image":{"@id":"https:\/\/marieclaire.be\/fr\/tendance-mode-barbiecore\/#primaryimage"},"thumbnailUrl":"https:\/\/marieclaire.be\/fr\/wp-content\/uploads\/2023\/07\/barbiecore-1.png","keywords":["Barbie"],"articleSection":["Mode","Tendances"],"inLanguage":"fr-FR"},{"@type":"WebPage","@id":"https:\/\/marieclaire.be\/fr\/tendance-mode-barbiecore\/","url":"https:\/\/marieclaire.be\/fr\/tendance-mode-barbiecore\/","name":"Qu'est-ce que le Barbiecore ? Tout ce que vous devez savoir sur la tendance mode de l'\u00e9t\u00e9 - Marie Claire Belgique","isPartOf":{"@id":"https:\/\/marieclaire.be\/fr\/#website"},"primaryImageOfPage":{"@id":"https:\/\/marieclaire.be\/fr\/tendance-mode-barbiecore\/#primaryimage"},"image":{"@id":"https:\/\/marieclaire.be\/fr\/tendance-mode-barbiecore\/#primaryimage"},"thumbnailUrl":"https:\/\/marieclaire.be\/fr\/wp-content\/uploads\/2023\/07\/barbiecore-1.png","datePublished":"2023-07-25T05:37:04+00:00","dateModified":"2023-07-26T08:28:44+00:00","description":"Le Barbiecore, c'est la tendance mode de l'\u00e9t\u00e9 qu'on doit \u00e0 la sortie du film de Greta Gerwig. On vous dit tout sur ce ph\u00e9nom\u00e8ne !","inLanguage":"fr-FR","potentialAction":[{"@type":"ReadAction","target":["https:\/\/marieclaire.be\/fr\/tendance-mode-barbiecore\/"]}]},{"@type":"ImageObject","inLanguage":"fr-FR","@id":"https:\/\/marieclaire.be\/fr\/tendance-mode-barbiecore\/#primaryimage","url":"https:\/\/marieclaire.be\/fr\/wp-content\/uploads\/2023\/07\/barbiecore-1.png","contentUrl":"https:\/\/marieclaire.be\/fr\/wp-content\/uploads\/2023\/07\/barbiecore-1.png","width":1200,"height":628,"caption":"Getty Images"},{"@type":"WebSite","@id":"https:\/\/marieclaire.be\/fr\/#website","url":"https:\/\/marieclaire.be\/fr\/","name":"Marie Claire Belgique","description":"Marie Claire Belgique, le magazine du style et de l\u2019intelligence qui parle de mode, des tendances, de la beaut\u00e9, de l\u2019actualit\u00e9 et de la culture","publisher":{"@id":"https:\/\/marieclaire.be\/fr\/#organization"},"potentialAction":[{"@type":"SearchAction","target":{"@type":"EntryPoint","urlTemplate":"https:\/\/marieclaire.be\/fr\/?s={search_term_string}"},"query-input":{"@type":"PropertyValueSpecification","valueRequired":true,"valueName":"search_term_string"}}],"inLanguage":"fr-FR"},{"@type":"Organization","@id":"https:\/\/marieclaire.be\/fr\/#organization","name":"Marie Claire","url":"https:\/\/marieclaire.be\/fr\/","logo":{"@type":"ImageObject","inLanguage":"fr-FR","@id":"https:\/\/marieclaire.be\/fr\/#\/schema\/logo\/image\/","url":"https:\/\/marieclaire.be\/fr\/wp-content\/uploads\/2018\/05\/mc-logo2.png","contentUrl":"https:\/\/marieclaire.be\/fr\/wp-content\/uploads\/2018\/05\/mc-logo2.png","width":1001,"height":189,"caption":"Marie Claire"},"image":{"@id":"https:\/\/marieclaire.be\/fr\/#\/schema\/logo\/image\/"},"sameAs":["https:\/\/www.facebook.com\/MarieClaire.Belgique\/","https:\/\/www.instagram.com\/marieclaire_belgique\/","https:\/\/fr.pinterest.com\/marieclairebe\/","https:\/\/www.youtube.com\/user\/BelgiumMarieClaire"]},{"@type":"Person","@id":"https:\/\/marieclaire.be\/fr\/#\/schema\/person\/6a5bc4eb4707dbc5cb47d17804a85f8c","name":"Marie Claire","image":{"@type":"ImageObject","inLanguage":"fr-FR","@id":"https:\/\/marieclaire.be\/fr\/wp-content\/uploads\/2016\/11\/mclogo-96x96.jpg","url":"https:\/\/marieclaire.be\/fr\/wp-content\/uploads\/2016\/11\/mclogo-96x96.jpg","contentUrl":"https:\/\/marieclaire.be\/fr\/wp-content\/uploads\/2016\/11\/mclogo-96x96.jpg","caption":"Marie Claire"},"url":"https:\/\/marieclaire.be\/fr\/author\/stagiaire\/"}]}},"_links":{"self":[{"href":"https:\/\/marieclaire.be\/fr\/wp-json\/wp\/v2\/posts\/128274","targetHints":{"allow":["GET"]}}],"collection":[{"href":"https:\/\/marieclaire.be\/fr\/wp-json\/wp\/v2\/posts"}],"about":[{"href":"https:\/\/marieclaire.be\/fr\/wp-json\/wp\/v2\/types\/post"}],"author":[{"embeddable":true,"href":"https:\/\/marieclaire.be\/fr\/wp-json\/wp\/v2\/users\/8"}],"replies":[{"embeddable":true,"href":"https:\/\/marieclaire.be\/fr\/wp-json\/wp\/v2\/comments?post=128274"}],"version-history":[{"count":13,"href":"https:\/\/marieclaire.be\/fr\/wp-json\/wp\/v2\/posts\/128274\/revisions"}],"predecessor-version":[{"id":128424,"href":"https:\/\/marieclaire.be\/fr\/wp-json\/wp\/v2\/posts\/128274\/revisions\/128424"}],"wp:featuredmedia":[{"embeddable":true,"href":"https:\/\/marieclaire.be\/fr\/wp-json\/wp\/v2\/media\/128411"}],"wp:attachment":[{"href":"https:\/\/marieclaire.be\/fr\/wp-json\/wp\/v2\/media?parent=128274"}],"wp:term":[{"taxonomy":"category","embeddable":true,"href":"https:\/\/marieclaire.be\/fr\/wp-json\/wp\/v2\/categories?post=128274"},{"taxonomy":"post_tag","embeddable":true,"href":"https:\/\/marieclaire.be\/fr\/wp-json\/wp\/v2\/tags?post=128274"}],"curies":[{"name":"wp","href":"https:\/\/api.w.org\/{rel}","templated":true}]}}