{"id":128170,"date":"2023-07-20T07:02:28","date_gmt":"2023-07-20T05:02:28","guid":{"rendered":"https:\/\/marieclaire.be\/fr\/?p=128170"},"modified":"2023-07-19T00:10:39","modified_gmt":"2023-07-18T22:10:39","slug":"desert-atacama-decharges-vetements-abandonnes","status":"publish","type":"post","link":"https:\/\/marieclaire.be\/fr\/desert-atacama-decharges-vetements-abandonnes\/","title":{"rendered":"Au Chili, la plus grande d\u00e9charge de v\u00eatements au monde est visible depuis l&#8217;espace"},"content":{"rendered":"","protected":false},"excerpt":{"rendered":"Derri\u00e8re les dunes de sable du d\u00e9sert chilien d&#8217;Atacama, vous trouverez un tas de vestes de marque et d&#8217;autres v\u00eatements qui n&#8217;ont jamais eu de seconde vie, ni m\u00eame de premi\u00e8re vie.","protected":false},"author":30,"featured_media":128172,"comment_status":"closed","ping_status":"closed","sticky":false,"template":"","format":"standard","meta":{"_acf_changed":false,"footnotes":""},"categories":[66,1434],"tags":[1102,4094],"class_list":["post-128170","post","type-post","status-publish","format-standard","has-post-thumbnail","hentry","category-chronique-du-web","category-societe","tag-ecologie","tag-ecoresponsabilite"],"acf":[],"_yoast_wpseo_title":null,"_yoast_wpseo_metadesc":"C'est un triste record : des tonnes de v\u00eatements abandonn\u00e9s ont envahi le d\u00e9sert d'Atacama, au Chili. Une empreinte humaine d\u00e9sastreuse.","image_verticale":"128171","yoast_head":"<!-- This site is optimized with the Yoast SEO plugin v27.3 - https:\/\/yoast.com\/product\/yoast-seo-wordpress\/ -->\n<title>Au Chili, la plus grande d\u00e9charge de v\u00eatements au monde est visible depuis l&#039;espace - Marie Claire Belgique<\/title>\n<meta name=\"description\" content=\"C&#039;est un triste record : des tonnes de v\u00eatements abandonn\u00e9s ont envahi le d\u00e9sert d&#039;Atacama, au Chili. Une empreinte humaine d\u00e9sastreuse.\" \/>\n<meta name=\"robots\" content=\"index, follow, max-snippet:-1, max-image-preview:large, max-video-preview:-1\" \/>\n<link rel=\"canonical\" href=\"https:\/\/marieclaire.be\/fr\/desert-atacama-decharges-vetements-abandonnes\/\" \/>\n<link rel=\"next\" href=\"https:\/\/marieclaire.be\/fr\/desert-atacama-decharges-vetements-abandonnes\/2\/\" \/>\n<meta property=\"og:locale\" content=\"fr_FR\" \/>\n<meta property=\"og:type\" content=\"article\" \/>\n<meta property=\"og:title\" content=\"Au Chili, la plus grande d\u00e9charge de v\u00eatements au monde est visible depuis l&#039;espace - Marie Claire Belgique\" \/>\n<meta property=\"og:description\" content=\"C&#039;est un triste record : des tonnes de v\u00eatements abandonn\u00e9s ont envahi le d\u00e9sert d&#039;Atacama, au Chili. Une empreinte humaine d\u00e9sastreuse.\" \/>\n<meta property=\"og:url\" content=\"https:\/\/marieclaire.be\/fr\/desert-atacama-decharges-vetements-abandonnes\/\" \/>\n<meta property=\"og:site_name\" content=\"Marie Claire Belgique\" \/>\n<meta property=\"article:publisher\" content=\"https:\/\/www.facebook.com\/MarieClaire.Belgique\/\" \/>\n<meta property=\"article:published_time\" content=\"2023-07-20T05:02:28+00:00\" \/>\n<meta property=\"og:image\" content=\"https:\/\/marieclaire.be\/fr\/wp-content\/uploads\/2023\/07\/decharge-vetements.png\" \/>\n\t<meta property=\"og:image:width\" content=\"1200\" \/>\n\t<meta property=\"og:image:height\" content=\"628\" \/>\n\t<meta property=\"og:image:type\" content=\"image\/png\" \/>\n<meta name=\"author\" content=\"Malvine Sevrin\" \/>\n<meta name=\"twitter:label1\" content=\"\u00c9crit par\" \/>\n\t<meta name=\"twitter:data1\" content=\"Malvine Sevrin\" \/>\n\t<meta name=\"twitter:label2\" content=\"Dur\u00e9e de lecture estim\u00e9e\" \/>\n\t<meta name=\"twitter:data2\" content=\"3 minutes\" \/>\n<script type=\"application\/ld+json\" class=\"yoast-schema-graph\">{\"@context\":\"https:\\\/\\\/schema.org\",\"@graph\":[{\"@type\":\"NewsArticle\",\"@id\":\"https:\\\/\\\/marieclaire.be\\\/fr\\\/desert-atacama-decharges-vetements-abandonnes\\\/#article\",\"isPartOf\":{\"@id\":\"https:\\\/\\\/marieclaire.be\\\/fr\\\/desert-atacama-decharges-vetements-abandonnes\\\/\"},\"author\":{\"name\":\"Malvine Sevrin\",\"@id\":\"https:\\\/\\\/marieclaire.be\\\/fr\\\/#\\\/schema\\\/person\\\/c71bd7a8c3e622513c7531a39292a34e\"},\"headline\":\"Au Chili, la plus grande d\u00e9charge de v\u00eatements au monde est visible depuis l&#8217;espace\",\"datePublished\":\"2023-07-20T05:02:28+00:00\",\"mainEntityOfPage\":{\"@id\":\"https:\\\/\\\/marieclaire.be\\\/fr\\\/desert-atacama-decharges-vetements-abandonnes\\\/\"},\"wordCount\":494,\"publisher\":{\"@id\":\"https:\\\/\\\/marieclaire.be\\\/fr\\\/#organization\"},\"image\":{\"@id\":\"https:\\\/\\\/marieclaire.be\\\/fr\\\/desert-atacama-decharges-vetements-abandonnes\\\/#primaryimage\"},\"thumbnailUrl\":\"https:\\\/\\\/marieclaire.be\\\/fr\\\/wp-content\\\/uploads\\\/2023\\\/07\\\/decharge-vetements.png\",\"keywords\":[\"\u00e9cologie\",\"\u00e9coresponsabilit\u00e9\"],\"articleSection\":[\"Chronique du Web\",\"Soci\u00e9t\u00e9\"],\"inLanguage\":\"fr-FR\"},{\"@type\":\"WebPage\",\"@id\":\"https:\\\/\\\/marieclaire.be\\\/fr\\\/desert-atacama-decharges-vetements-abandonnes\\\/\",\"url\":\"https:\\\/\\\/marieclaire.be\\\/fr\\\/desert-atacama-decharges-vetements-abandonnes\\\/\",\"name\":\"Au Chili, la plus grande d\u00e9charge de v\u00eatements au monde est visible depuis l'espace - Marie Claire Belgique\",\"isPartOf\":{\"@id\":\"https:\\\/\\\/marieclaire.be\\\/fr\\\/#website\"},\"primaryImageOfPage\":{\"@id\":\"https:\\\/\\\/marieclaire.be\\\/fr\\\/desert-atacama-decharges-vetements-abandonnes\\\/#primaryimage\"},\"image\":{\"@id\":\"https:\\\/\\\/marieclaire.be\\\/fr\\\/desert-atacama-decharges-vetements-abandonnes\\\/#primaryimage\"},\"thumbnailUrl\":\"https:\\\/\\\/marieclaire.be\\\/fr\\\/wp-content\\\/uploads\\\/2023\\\/07\\\/decharge-vetements.png\",\"datePublished\":\"2023-07-20T05:02:28+00:00\",\"description\":\"C'est un triste record : des tonnes de v\u00eatements abandonn\u00e9s ont envahi le d\u00e9sert d'Atacama, au Chili. Une empreinte humaine d\u00e9sastreuse.\",\"inLanguage\":\"fr-FR\",\"potentialAction\":[{\"@type\":\"ReadAction\",\"target\":[\"https:\\\/\\\/marieclaire.be\\\/fr\\\/desert-atacama-decharges-vetements-abandonnes\\\/\"]}]},{\"@type\":\"ImageObject\",\"inLanguage\":\"fr-FR\",\"@id\":\"https:\\\/\\\/marieclaire.be\\\/fr\\\/desert-atacama-decharges-vetements-abandonnes\\\/#primaryimage\",\"url\":\"https:\\\/\\\/marieclaire.be\\\/fr\\\/wp-content\\\/uploads\\\/2023\\\/07\\\/decharge-vetements.png\",\"contentUrl\":\"https:\\\/\\\/marieclaire.be\\\/fr\\\/wp-content\\\/uploads\\\/2023\\\/07\\\/decharge-vetements.png\",\"width\":1200,\"height\":628,\"caption\":\"SkyFi\"},{\"@type\":\"WebSite\",\"@id\":\"https:\\\/\\\/marieclaire.be\\\/fr\\\/#website\",\"url\":\"https:\\\/\\\/marieclaire.be\\\/fr\\\/\",\"name\":\"Marie Claire Belgique\",\"description\":\"Marie Claire Belgique, le magazine du style et de l\u2019intelligence qui parle de mode, des tendances, de la beaut\u00e9, de l\u2019actualit\u00e9 et de la culture\",\"publisher\":{\"@id\":\"https:\\\/\\\/marieclaire.be\\\/fr\\\/#organization\"},\"potentialAction\":[{\"@type\":\"SearchAction\",\"target\":{\"@type\":\"EntryPoint\",\"urlTemplate\":\"https:\\\/\\\/marieclaire.be\\\/fr\\\/?s={search_term_string}\"},\"query-input\":{\"@type\":\"PropertyValueSpecification\",\"valueRequired\":true,\"valueName\":\"search_term_string\"}}],\"inLanguage\":\"fr-FR\"},{\"@type\":\"Organization\",\"@id\":\"https:\\\/\\\/marieclaire.be\\\/fr\\\/#organization\",\"name\":\"Marie Claire\",\"url\":\"https:\\\/\\\/marieclaire.be\\\/fr\\\/\",\"logo\":{\"@type\":\"ImageObject\",\"inLanguage\":\"fr-FR\",\"@id\":\"https:\\\/\\\/marieclaire.be\\\/fr\\\/#\\\/schema\\\/logo\\\/image\\\/\",\"url\":\"https:\\\/\\\/marieclaire.be\\\/fr\\\/wp-content\\\/uploads\\\/2018\\\/05\\\/mc-logo2.png\",\"contentUrl\":\"https:\\\/\\\/marieclaire.be\\\/fr\\\/wp-content\\\/uploads\\\/2018\\\/05\\\/mc-logo2.png\",\"width\":1001,\"height\":189,\"caption\":\"Marie Claire\"},\"image\":{\"@id\":\"https:\\\/\\\/marieclaire.be\\\/fr\\\/#\\\/schema\\\/logo\\\/image\\\/\"},\"sameAs\":[\"https:\\\/\\\/www.facebook.com\\\/MarieClaire.Belgique\\\/\",\"https:\\\/\\\/www.instagram.com\\\/marieclaire_belgique\\\/\",\"https:\\\/\\\/fr.pinterest.com\\\/marieclairebe\\\/\",\"https:\\\/\\\/www.youtube.com\\\/user\\\/BelgiumMarieClaire\"]},{\"@type\":\"Person\",\"@id\":\"https:\\\/\\\/marieclaire.be\\\/fr\\\/#\\\/schema\\\/person\\\/c71bd7a8c3e622513c7531a39292a34e\",\"name\":\"Malvine Sevrin\",\"image\":{\"@type\":\"ImageObject\",\"inLanguage\":\"fr-FR\",\"@id\":\"https:\\\/\\\/marieclaire.be\\\/fr\\\/wp-content\\\/uploads\\\/2017\\\/05\\\/capture-decran-2024-02-13-a-145920-96x96.png\",\"url\":\"https:\\\/\\\/marieclaire.be\\\/fr\\\/wp-content\\\/uploads\\\/2017\\\/05\\\/capture-decran-2024-02-13-a-145920-96x96.png\",\"contentUrl\":\"https:\\\/\\\/marieclaire.be\\\/fr\\\/wp-content\\\/uploads\\\/2017\\\/05\\\/capture-decran-2024-02-13-a-145920-96x96.png\",\"caption\":\"Malvine Sevrin\"},\"description\":\"Des podiums parisiens aux derni\u00e8res nouveaut\u00e9s skincare qui enflamment TikTok, je d\u00e9crypte les tendances pour Marie Claire Belgique. Passionn\u00e9e de voyage, de mode et de beaut\u00e9, je partage mes coups de coeur d\u00e9nich\u00e9s aux quatre coins du globe. En tant que r\u00e9dactrice en chef digital, j'ai \u00e9galement \u00e0 coeur de mettre en lumi\u00e8re les histoires inspirantes de femmes \u00e0 travers notre site et sur nos r\u00e9seaux sociaux.\",\"sameAs\":[\"https:\\\/\\\/www.instagram.com\\\/malvinesev\\\/\"],\"url\":\"https:\\\/\\\/marieclaire.be\\\/fr\\\/author\\\/malvine\\\/\"}]}<\/script>\n<!-- \/ Yoast SEO plugin. -->","yoast_head_json":{"title":"Au Chili, la plus grande d\u00e9charge de v\u00eatements au monde est visible depuis l'espace - Marie Claire Belgique","description":"C'est un triste record : des tonnes de v\u00eatements abandonn\u00e9s ont envahi le d\u00e9sert d'Atacama, au Chili. Une empreinte humaine d\u00e9sastreuse.","robots":{"index":"index","follow":"follow","max-snippet":"max-snippet:-1","max-image-preview":"max-image-preview:large","max-video-preview":"max-video-preview:-1"},"canonical":"https:\/\/marieclaire.be\/fr\/desert-atacama-decharges-vetements-abandonnes\/","next":"https:\/\/marieclaire.be\/fr\/desert-atacama-decharges-vetements-abandonnes\/2\/","og_locale":"fr_FR","og_type":"article","og_title":"Au Chili, la plus grande d\u00e9charge de v\u00eatements au monde est visible depuis l'espace - Marie Claire Belgique","og_description":"C'est un triste record : des tonnes de v\u00eatements abandonn\u00e9s ont envahi le d\u00e9sert d'Atacama, au Chili. Une empreinte humaine d\u00e9sastreuse.","og_url":"https:\/\/marieclaire.be\/fr\/desert-atacama-decharges-vetements-abandonnes\/","og_site_name":"Marie Claire Belgique","article_publisher":"https:\/\/www.facebook.com\/MarieClaire.Belgique\/","article_published_time":"2023-07-20T05:02:28+00:00","og_image":[{"width":1200,"height":628,"url":"https:\/\/marieclaire.be\/fr\/wp-content\/uploads\/2023\/07\/decharge-vetements.png","type":"image\/png"}],"author":"Malvine Sevrin","twitter_misc":{"\u00c9crit par":"Malvine Sevrin","Dur\u00e9e de lecture estim\u00e9e":"3 minutes"},"schema":{"@context":"https:\/\/schema.org","@graph":[{"@type":"NewsArticle","@id":"https:\/\/marieclaire.be\/fr\/desert-atacama-decharges-vetements-abandonnes\/#article","isPartOf":{"@id":"https:\/\/marieclaire.be\/fr\/desert-atacama-decharges-vetements-abandonnes\/"},"author":{"name":"Malvine Sevrin","@id":"https:\/\/marieclaire.be\/fr\/#\/schema\/person\/c71bd7a8c3e622513c7531a39292a34e"},"headline":"Au Chili, la plus grande d\u00e9charge de v\u00eatements au monde est visible depuis l&#8217;espace","datePublished":"2023-07-20T05:02:28+00:00","mainEntityOfPage":{"@id":"https:\/\/marieclaire.be\/fr\/desert-atacama-decharges-vetements-abandonnes\/"},"wordCount":494,"publisher":{"@id":"https:\/\/marieclaire.be\/fr\/#organization"},"image":{"@id":"https:\/\/marieclaire.be\/fr\/desert-atacama-decharges-vetements-abandonnes\/#primaryimage"},"thumbnailUrl":"https:\/\/marieclaire.be\/fr\/wp-content\/uploads\/2023\/07\/decharge-vetements.png","keywords":["\u00e9cologie","\u00e9coresponsabilit\u00e9"],"articleSection":["Chronique du Web","Soci\u00e9t\u00e9"],"inLanguage":"fr-FR"},{"@type":"WebPage","@id":"https:\/\/marieclaire.be\/fr\/desert-atacama-decharges-vetements-abandonnes\/","url":"https:\/\/marieclaire.be\/fr\/desert-atacama-decharges-vetements-abandonnes\/","name":"Au Chili, la plus grande d\u00e9charge de v\u00eatements au monde est visible depuis l'espace - Marie Claire Belgique","isPartOf":{"@id":"https:\/\/marieclaire.be\/fr\/#website"},"primaryImageOfPage":{"@id":"https:\/\/marieclaire.be\/fr\/desert-atacama-decharges-vetements-abandonnes\/#primaryimage"},"image":{"@id":"https:\/\/marieclaire.be\/fr\/desert-atacama-decharges-vetements-abandonnes\/#primaryimage"},"thumbnailUrl":"https:\/\/marieclaire.be\/fr\/wp-content\/uploads\/2023\/07\/decharge-vetements.png","datePublished":"2023-07-20T05:02:28+00:00","description":"C'est un triste record : des tonnes de v\u00eatements abandonn\u00e9s ont envahi le d\u00e9sert d'Atacama, au Chili. Une empreinte humaine d\u00e9sastreuse.","inLanguage":"fr-FR","potentialAction":[{"@type":"ReadAction","target":["https:\/\/marieclaire.be\/fr\/desert-atacama-decharges-vetements-abandonnes\/"]}]},{"@type":"ImageObject","inLanguage":"fr-FR","@id":"https:\/\/marieclaire.be\/fr\/desert-atacama-decharges-vetements-abandonnes\/#primaryimage","url":"https:\/\/marieclaire.be\/fr\/wp-content\/uploads\/2023\/07\/decharge-vetements.png","contentUrl":"https:\/\/marieclaire.be\/fr\/wp-content\/uploads\/2023\/07\/decharge-vetements.png","width":1200,"height":628,"caption":"SkyFi"},{"@type":"WebSite","@id":"https:\/\/marieclaire.be\/fr\/#website","url":"https:\/\/marieclaire.be\/fr\/","name":"Marie Claire Belgique","description":"Marie Claire Belgique, le magazine du style et de l\u2019intelligence qui parle de mode, des tendances, de la beaut\u00e9, de l\u2019actualit\u00e9 et de la culture","publisher":{"@id":"https:\/\/marieclaire.be\/fr\/#organization"},"potentialAction":[{"@type":"SearchAction","target":{"@type":"EntryPoint","urlTemplate":"https:\/\/marieclaire.be\/fr\/?s={search_term_string}"},"query-input":{"@type":"PropertyValueSpecification","valueRequired":true,"valueName":"search_term_string"}}],"inLanguage":"fr-FR"},{"@type":"Organization","@id":"https:\/\/marieclaire.be\/fr\/#organization","name":"Marie Claire","url":"https:\/\/marieclaire.be\/fr\/","logo":{"@type":"ImageObject","inLanguage":"fr-FR","@id":"https:\/\/marieclaire.be\/fr\/#\/schema\/logo\/image\/","url":"https:\/\/marieclaire.be\/fr\/wp-content\/uploads\/2018\/05\/mc-logo2.png","contentUrl":"https:\/\/marieclaire.be\/fr\/wp-content\/uploads\/2018\/05\/mc-logo2.png","width":1001,"height":189,"caption":"Marie Claire"},"image":{"@id":"https:\/\/marieclaire.be\/fr\/#\/schema\/logo\/image\/"},"sameAs":["https:\/\/www.facebook.com\/MarieClaire.Belgique\/","https:\/\/www.instagram.com\/marieclaire_belgique\/","https:\/\/fr.pinterest.com\/marieclairebe\/","https:\/\/www.youtube.com\/user\/BelgiumMarieClaire"]},{"@type":"Person","@id":"https:\/\/marieclaire.be\/fr\/#\/schema\/person\/c71bd7a8c3e622513c7531a39292a34e","name":"Malvine Sevrin","image":{"@type":"ImageObject","inLanguage":"fr-FR","@id":"https:\/\/marieclaire.be\/fr\/wp-content\/uploads\/2017\/05\/capture-decran-2024-02-13-a-145920-96x96.png","url":"https:\/\/marieclaire.be\/fr\/wp-content\/uploads\/2017\/05\/capture-decran-2024-02-13-a-145920-96x96.png","contentUrl":"https:\/\/marieclaire.be\/fr\/wp-content\/uploads\/2017\/05\/capture-decran-2024-02-13-a-145920-96x96.png","caption":"Malvine Sevrin"},"description":"Des podiums parisiens aux derni\u00e8res nouveaut\u00e9s skincare qui enflamment TikTok, je d\u00e9crypte les tendances pour Marie Claire Belgique. Passionn\u00e9e de voyage, de mode et de beaut\u00e9, je partage mes coups de coeur d\u00e9nich\u00e9s aux quatre coins du globe. En tant que r\u00e9dactrice en chef digital, j'ai \u00e9galement \u00e0 coeur de mettre en lumi\u00e8re les histoires inspirantes de femmes \u00e0 travers notre site et sur nos r\u00e9seaux sociaux.","sameAs":["https:\/\/www.instagram.com\/malvinesev\/"],"url":"https:\/\/marieclaire.be\/fr\/author\/malvine\/"}]}},"_links":{"self":[{"href":"https:\/\/marieclaire.be\/fr\/wp-json\/wp\/v2\/posts\/128170","targetHints":{"allow":["GET"]}}],"collection":[{"href":"https:\/\/marieclaire.be\/fr\/wp-json\/wp\/v2\/posts"}],"about":[{"href":"https:\/\/marieclaire.be\/fr\/wp-json\/wp\/v2\/types\/post"}],"author":[{"embeddable":true,"href":"https:\/\/marieclaire.be\/fr\/wp-json\/wp\/v2\/users\/30"}],"replies":[{"embeddable":true,"href":"https:\/\/marieclaire.be\/fr\/wp-json\/wp\/v2\/comments?post=128170"}],"version-history":[{"count":2,"href":"https:\/\/marieclaire.be\/fr\/wp-json\/wp\/v2\/posts\/128170\/revisions"}],"predecessor-version":[{"id":128174,"href":"https:\/\/marieclaire.be\/fr\/wp-json\/wp\/v2\/posts\/128170\/revisions\/128174"}],"wp:featuredmedia":[{"embeddable":true,"href":"https:\/\/marieclaire.be\/fr\/wp-json\/wp\/v2\/media\/128172"}],"wp:attachment":[{"href":"https:\/\/marieclaire.be\/fr\/wp-json\/wp\/v2\/media?parent=128170"}],"wp:term":[{"taxonomy":"category","embeddable":true,"href":"https:\/\/marieclaire.be\/fr\/wp-json\/wp\/v2\/categories?post=128170"},{"taxonomy":"post_tag","embeddable":true,"href":"https:\/\/marieclaire.be\/fr\/wp-json\/wp\/v2\/tags?post=128170"}],"curies":[{"name":"wp","href":"https:\/\/api.w.org\/{rel}","templated":true}]}}