{"id":128065,"date":"2023-07-18T07:25:30","date_gmt":"2023-07-18T05:25:30","guid":{"rendered":"https:\/\/marieclaire.be\/fr\/?p=128065"},"modified":"2023-07-18T10:55:19","modified_gmt":"2023-07-18T08:55:19","slug":"histoire-sac-birkin-hermes","status":"publish","type":"post","link":"https:\/\/marieclaire.be\/fr\/histoire-sac-birkin-hermes\/","title":{"rendered":"L&#8217;histoire de l&#8217;iconique sac Birkin d&#8217;Herm\u00e8s"},"content":{"rendered":"","protected":false},"excerpt":{"rendered":"Non seulement Jane Birkin elle-m\u00eame \u00e9tait une ic\u00f4ne, mais le l\u00e9gendaire Birkin d&#8217;Herm\u00e8s est \u00e9galement devenu un v\u00e9ritable classique, qui figure encore aujourd&#8217;hui en t\u00eate de la liste de souhaits de nombreuses femmes.","protected":false},"author":30,"featured_media":128098,"comment_status":"closed","ping_status":"closed","sticky":false,"template":"","format":"standard","meta":{"_acf_changed":false,"footnotes":""},"categories":[1592,6],"tags":[1336,406],"class_list":["post-128065","post","type-post","status-publish","format-standard","has-post-thumbnail","hentry","category-accessoires","category-mode","tag-hermes","tag-sac"],"acf":[],"_yoast_wpseo_title":null,"_yoast_wpseo_metadesc":"Plongeons dans l'histoire du sac le plus c\u00e9l\u00e8bre au monde, le l\u00e9gendaire Birkin d'Herm\u00e8s, inspir\u00e9 par l'ic\u00f4ne Jane Birkin elle-m\u00eame.","image_verticale":"128097","yoast_head":"<!-- This site is optimized with the Yoast SEO plugin v27.3 - https:\/\/yoast.com\/product\/yoast-seo-wordpress\/ -->\n<title>L&#039;histoire de l&#039;iconique sac Birkin d&#039;Herm\u00e8s - Marie Claire Belgique<\/title>\n<meta name=\"description\" content=\"Plongeons dans l&#039;histoire du sac le plus c\u00e9l\u00e8bre au monde, le l\u00e9gendaire Birkin d&#039;Herm\u00e8s, inspir\u00e9 par l&#039;ic\u00f4ne Jane Birkin elle-m\u00eame.\" \/>\n<meta name=\"robots\" content=\"index, follow, max-snippet:-1, max-image-preview:large, max-video-preview:-1\" \/>\n<link rel=\"canonical\" href=\"https:\/\/marieclaire.be\/fr\/histoire-sac-birkin-hermes\/\" \/>\n<link rel=\"next\" href=\"https:\/\/marieclaire.be\/fr\/histoire-sac-birkin-hermes\/2\/\" \/>\n<meta property=\"og:locale\" content=\"fr_FR\" \/>\n<meta property=\"og:type\" content=\"article\" \/>\n<meta property=\"og:title\" content=\"L&#039;histoire de l&#039;iconique sac Birkin d&#039;Herm\u00e8s - Marie Claire Belgique\" \/>\n<meta property=\"og:description\" content=\"Plongeons dans l&#039;histoire du sac le plus c\u00e9l\u00e8bre au monde, le l\u00e9gendaire Birkin d&#039;Herm\u00e8s, inspir\u00e9 par l&#039;ic\u00f4ne Jane Birkin elle-m\u00eame.\" \/>\n<meta property=\"og:url\" content=\"https:\/\/marieclaire.be\/fr\/histoire-sac-birkin-hermes\/\" \/>\n<meta property=\"og:site_name\" content=\"Marie Claire Belgique\" \/>\n<meta property=\"article:publisher\" content=\"https:\/\/www.facebook.com\/MarieClaire.Belgique\/\" \/>\n<meta property=\"article:published_time\" content=\"2023-07-18T05:25:30+00:00\" \/>\n<meta property=\"article:modified_time\" content=\"2023-07-18T08:55:19+00:00\" \/>\n<meta property=\"og:image\" content=\"https:\/\/marieclaire.be\/fr\/wp-content\/uploads\/2023\/07\/jane-birkin-hermes1.jpg\" \/>\n\t<meta property=\"og:image:width\" content=\"1280\" \/>\n\t<meta property=\"og:image:height\" content=\"670\" \/>\n\t<meta property=\"og:image:type\" content=\"image\/jpeg\" \/>\n<meta name=\"author\" content=\"Malvine Sevrin\" \/>\n<meta name=\"twitter:label1\" content=\"\u00c9crit par\" \/>\n\t<meta name=\"twitter:data1\" content=\"Malvine Sevrin\" \/>\n\t<meta name=\"twitter:label2\" content=\"Dur\u00e9e de lecture estim\u00e9e\" \/>\n\t<meta name=\"twitter:data2\" content=\"5 minutes\" \/>\n<script type=\"application\/ld+json\" class=\"yoast-schema-graph\">{\"@context\":\"https:\\\/\\\/schema.org\",\"@graph\":[{\"@type\":\"NewsArticle\",\"@id\":\"https:\\\/\\\/marieclaire.be\\\/fr\\\/histoire-sac-birkin-hermes\\\/#article\",\"isPartOf\":{\"@id\":\"https:\\\/\\\/marieclaire.be\\\/fr\\\/histoire-sac-birkin-hermes\\\/\"},\"author\":{\"name\":\"Malvine Sevrin\",\"@id\":\"https:\\\/\\\/marieclaire.be\\\/fr\\\/#\\\/schema\\\/person\\\/c71bd7a8c3e622513c7531a39292a34e\"},\"headline\":\"L&#8217;histoire de l&#8217;iconique sac Birkin d&#8217;Herm\u00e8s\",\"datePublished\":\"2023-07-18T05:25:30+00:00\",\"dateModified\":\"2023-07-18T08:55:19+00:00\",\"mainEntityOfPage\":{\"@id\":\"https:\\\/\\\/marieclaire.be\\\/fr\\\/histoire-sac-birkin-hermes\\\/\"},\"wordCount\":736,\"publisher\":{\"@id\":\"https:\\\/\\\/marieclaire.be\\\/fr\\\/#organization\"},\"image\":{\"@id\":\"https:\\\/\\\/marieclaire.be\\\/fr\\\/histoire-sac-birkin-hermes\\\/#primaryimage\"},\"thumbnailUrl\":\"https:\\\/\\\/marieclaire.be\\\/fr\\\/wp-content\\\/uploads\\\/2023\\\/07\\\/jane-birkin-hermes1.jpg\",\"keywords\":[\"Herm\u00e8s\",\"sac\"],\"articleSection\":[\"Accessoires\",\"Mode\"],\"inLanguage\":\"fr-FR\"},{\"@type\":\"WebPage\",\"@id\":\"https:\\\/\\\/marieclaire.be\\\/fr\\\/histoire-sac-birkin-hermes\\\/\",\"url\":\"https:\\\/\\\/marieclaire.be\\\/fr\\\/histoire-sac-birkin-hermes\\\/\",\"name\":\"L'histoire de l'iconique sac Birkin d'Herm\u00e8s - Marie Claire Belgique\",\"isPartOf\":{\"@id\":\"https:\\\/\\\/marieclaire.be\\\/fr\\\/#website\"},\"primaryImageOfPage\":{\"@id\":\"https:\\\/\\\/marieclaire.be\\\/fr\\\/histoire-sac-birkin-hermes\\\/#primaryimage\"},\"image\":{\"@id\":\"https:\\\/\\\/marieclaire.be\\\/fr\\\/histoire-sac-birkin-hermes\\\/#primaryimage\"},\"thumbnailUrl\":\"https:\\\/\\\/marieclaire.be\\\/fr\\\/wp-content\\\/uploads\\\/2023\\\/07\\\/jane-birkin-hermes1.jpg\",\"datePublished\":\"2023-07-18T05:25:30+00:00\",\"dateModified\":\"2023-07-18T08:55:19+00:00\",\"description\":\"Plongeons dans l'histoire du sac le plus c\u00e9l\u00e8bre au monde, le l\u00e9gendaire Birkin d'Herm\u00e8s, inspir\u00e9 par l'ic\u00f4ne Jane Birkin elle-m\u00eame.\",\"inLanguage\":\"fr-FR\",\"potentialAction\":[{\"@type\":\"ReadAction\",\"target\":[\"https:\\\/\\\/marieclaire.be\\\/fr\\\/histoire-sac-birkin-hermes\\\/\"]}]},{\"@type\":\"ImageObject\",\"inLanguage\":\"fr-FR\",\"@id\":\"https:\\\/\\\/marieclaire.be\\\/fr\\\/histoire-sac-birkin-hermes\\\/#primaryimage\",\"url\":\"https:\\\/\\\/marieclaire.be\\\/fr\\\/wp-content\\\/uploads\\\/2023\\\/07\\\/jane-birkin-hermes1.jpg\",\"contentUrl\":\"https:\\\/\\\/marieclaire.be\\\/fr\\\/wp-content\\\/uploads\\\/2023\\\/07\\\/jane-birkin-hermes1.jpg\",\"width\":1280,\"height\":670,\"caption\":\"MCB\"},{\"@type\":\"WebSite\",\"@id\":\"https:\\\/\\\/marieclaire.be\\\/fr\\\/#website\",\"url\":\"https:\\\/\\\/marieclaire.be\\\/fr\\\/\",\"name\":\"Marie Claire Belgique\",\"description\":\"Marie Claire Belgique, le magazine du style et de l\u2019intelligence qui parle de mode, des tendances, de la beaut\u00e9, de l\u2019actualit\u00e9 et de la culture\",\"publisher\":{\"@id\":\"https:\\\/\\\/marieclaire.be\\\/fr\\\/#organization\"},\"potentialAction\":[{\"@type\":\"SearchAction\",\"target\":{\"@type\":\"EntryPoint\",\"urlTemplate\":\"https:\\\/\\\/marieclaire.be\\\/fr\\\/?s={search_term_string}\"},\"query-input\":{\"@type\":\"PropertyValueSpecification\",\"valueRequired\":true,\"valueName\":\"search_term_string\"}}],\"inLanguage\":\"fr-FR\"},{\"@type\":\"Organization\",\"@id\":\"https:\\\/\\\/marieclaire.be\\\/fr\\\/#organization\",\"name\":\"Marie Claire\",\"url\":\"https:\\\/\\\/marieclaire.be\\\/fr\\\/\",\"logo\":{\"@type\":\"ImageObject\",\"inLanguage\":\"fr-FR\",\"@id\":\"https:\\\/\\\/marieclaire.be\\\/fr\\\/#\\\/schema\\\/logo\\\/image\\\/\",\"url\":\"https:\\\/\\\/marieclaire.be\\\/fr\\\/wp-content\\\/uploads\\\/2018\\\/05\\\/mc-logo2.png\",\"contentUrl\":\"https:\\\/\\\/marieclaire.be\\\/fr\\\/wp-content\\\/uploads\\\/2018\\\/05\\\/mc-logo2.png\",\"width\":1001,\"height\":189,\"caption\":\"Marie Claire\"},\"image\":{\"@id\":\"https:\\\/\\\/marieclaire.be\\\/fr\\\/#\\\/schema\\\/logo\\\/image\\\/\"},\"sameAs\":[\"https:\\\/\\\/www.facebook.com\\\/MarieClaire.Belgique\\\/\",\"https:\\\/\\\/www.instagram.com\\\/marieclaire_belgique\\\/\",\"https:\\\/\\\/fr.pinterest.com\\\/marieclairebe\\\/\",\"https:\\\/\\\/www.youtube.com\\\/user\\\/BelgiumMarieClaire\"]},{\"@type\":\"Person\",\"@id\":\"https:\\\/\\\/marieclaire.be\\\/fr\\\/#\\\/schema\\\/person\\\/c71bd7a8c3e622513c7531a39292a34e\",\"name\":\"Malvine Sevrin\",\"image\":{\"@type\":\"ImageObject\",\"inLanguage\":\"fr-FR\",\"@id\":\"https:\\\/\\\/marieclaire.be\\\/fr\\\/wp-content\\\/uploads\\\/2017\\\/05\\\/capture-decran-2024-02-13-a-145920-96x96.png\",\"url\":\"https:\\\/\\\/marieclaire.be\\\/fr\\\/wp-content\\\/uploads\\\/2017\\\/05\\\/capture-decran-2024-02-13-a-145920-96x96.png\",\"contentUrl\":\"https:\\\/\\\/marieclaire.be\\\/fr\\\/wp-content\\\/uploads\\\/2017\\\/05\\\/capture-decran-2024-02-13-a-145920-96x96.png\",\"caption\":\"Malvine Sevrin\"},\"description\":\"Des podiums parisiens aux derni\u00e8res nouveaut\u00e9s skincare qui enflamment TikTok, je d\u00e9crypte les tendances pour Marie Claire Belgique. Passionn\u00e9e de voyage, de mode et de beaut\u00e9, je partage mes coups de coeur d\u00e9nich\u00e9s aux quatre coins du globe. En tant que r\u00e9dactrice en chef digital, j'ai \u00e9galement \u00e0 coeur de mettre en lumi\u00e8re les histoires inspirantes de femmes \u00e0 travers notre site et sur nos r\u00e9seaux sociaux.\",\"sameAs\":[\"https:\\\/\\\/www.instagram.com\\\/malvinesev\\\/\"],\"url\":\"https:\\\/\\\/marieclaire.be\\\/fr\\\/author\\\/malvine\\\/\"}]}<\/script>\n<!-- \/ Yoast SEO plugin. -->","yoast_head_json":{"title":"L'histoire de l'iconique sac Birkin d'Herm\u00e8s - Marie Claire Belgique","description":"Plongeons dans l'histoire du sac le plus c\u00e9l\u00e8bre au monde, le l\u00e9gendaire Birkin d'Herm\u00e8s, inspir\u00e9 par l'ic\u00f4ne Jane Birkin elle-m\u00eame.","robots":{"index":"index","follow":"follow","max-snippet":"max-snippet:-1","max-image-preview":"max-image-preview:large","max-video-preview":"max-video-preview:-1"},"canonical":"https:\/\/marieclaire.be\/fr\/histoire-sac-birkin-hermes\/","next":"https:\/\/marieclaire.be\/fr\/histoire-sac-birkin-hermes\/2\/","og_locale":"fr_FR","og_type":"article","og_title":"L'histoire de l'iconique sac Birkin d'Herm\u00e8s - Marie Claire Belgique","og_description":"Plongeons dans l'histoire du sac le plus c\u00e9l\u00e8bre au monde, le l\u00e9gendaire Birkin d'Herm\u00e8s, inspir\u00e9 par l'ic\u00f4ne Jane Birkin elle-m\u00eame.","og_url":"https:\/\/marieclaire.be\/fr\/histoire-sac-birkin-hermes\/","og_site_name":"Marie Claire Belgique","article_publisher":"https:\/\/www.facebook.com\/MarieClaire.Belgique\/","article_published_time":"2023-07-18T05:25:30+00:00","article_modified_time":"2023-07-18T08:55:19+00:00","og_image":[{"width":1280,"height":670,"url":"https:\/\/marieclaire.be\/fr\/wp-content\/uploads\/2023\/07\/jane-birkin-hermes1.jpg","type":"image\/jpeg"}],"author":"Malvine Sevrin","twitter_misc":{"\u00c9crit par":"Malvine Sevrin","Dur\u00e9e de lecture estim\u00e9e":"5 minutes"},"schema":{"@context":"https:\/\/schema.org","@graph":[{"@type":"NewsArticle","@id":"https:\/\/marieclaire.be\/fr\/histoire-sac-birkin-hermes\/#article","isPartOf":{"@id":"https:\/\/marieclaire.be\/fr\/histoire-sac-birkin-hermes\/"},"author":{"name":"Malvine Sevrin","@id":"https:\/\/marieclaire.be\/fr\/#\/schema\/person\/c71bd7a8c3e622513c7531a39292a34e"},"headline":"L&#8217;histoire de l&#8217;iconique sac Birkin d&#8217;Herm\u00e8s","datePublished":"2023-07-18T05:25:30+00:00","dateModified":"2023-07-18T08:55:19+00:00","mainEntityOfPage":{"@id":"https:\/\/marieclaire.be\/fr\/histoire-sac-birkin-hermes\/"},"wordCount":736,"publisher":{"@id":"https:\/\/marieclaire.be\/fr\/#organization"},"image":{"@id":"https:\/\/marieclaire.be\/fr\/histoire-sac-birkin-hermes\/#primaryimage"},"thumbnailUrl":"https:\/\/marieclaire.be\/fr\/wp-content\/uploads\/2023\/07\/jane-birkin-hermes1.jpg","keywords":["Herm\u00e8s","sac"],"articleSection":["Accessoires","Mode"],"inLanguage":"fr-FR"},{"@type":"WebPage","@id":"https:\/\/marieclaire.be\/fr\/histoire-sac-birkin-hermes\/","url":"https:\/\/marieclaire.be\/fr\/histoire-sac-birkin-hermes\/","name":"L'histoire de l'iconique sac Birkin d'Herm\u00e8s - Marie Claire Belgique","isPartOf":{"@id":"https:\/\/marieclaire.be\/fr\/#website"},"primaryImageOfPage":{"@id":"https:\/\/marieclaire.be\/fr\/histoire-sac-birkin-hermes\/#primaryimage"},"image":{"@id":"https:\/\/marieclaire.be\/fr\/histoire-sac-birkin-hermes\/#primaryimage"},"thumbnailUrl":"https:\/\/marieclaire.be\/fr\/wp-content\/uploads\/2023\/07\/jane-birkin-hermes1.jpg","datePublished":"2023-07-18T05:25:30+00:00","dateModified":"2023-07-18T08:55:19+00:00","description":"Plongeons dans l'histoire du sac le plus c\u00e9l\u00e8bre au monde, le l\u00e9gendaire Birkin d'Herm\u00e8s, inspir\u00e9 par l'ic\u00f4ne Jane Birkin elle-m\u00eame.","inLanguage":"fr-FR","potentialAction":[{"@type":"ReadAction","target":["https:\/\/marieclaire.be\/fr\/histoire-sac-birkin-hermes\/"]}]},{"@type":"ImageObject","inLanguage":"fr-FR","@id":"https:\/\/marieclaire.be\/fr\/histoire-sac-birkin-hermes\/#primaryimage","url":"https:\/\/marieclaire.be\/fr\/wp-content\/uploads\/2023\/07\/jane-birkin-hermes1.jpg","contentUrl":"https:\/\/marieclaire.be\/fr\/wp-content\/uploads\/2023\/07\/jane-birkin-hermes1.jpg","width":1280,"height":670,"caption":"MCB"},{"@type":"WebSite","@id":"https:\/\/marieclaire.be\/fr\/#website","url":"https:\/\/marieclaire.be\/fr\/","name":"Marie Claire Belgique","description":"Marie Claire Belgique, le magazine du style et de l\u2019intelligence qui parle de mode, des tendances, de la beaut\u00e9, de l\u2019actualit\u00e9 et de la culture","publisher":{"@id":"https:\/\/marieclaire.be\/fr\/#organization"},"potentialAction":[{"@type":"SearchAction","target":{"@type":"EntryPoint","urlTemplate":"https:\/\/marieclaire.be\/fr\/?s={search_term_string}"},"query-input":{"@type":"PropertyValueSpecification","valueRequired":true,"valueName":"search_term_string"}}],"inLanguage":"fr-FR"},{"@type":"Organization","@id":"https:\/\/marieclaire.be\/fr\/#organization","name":"Marie Claire","url":"https:\/\/marieclaire.be\/fr\/","logo":{"@type":"ImageObject","inLanguage":"fr-FR","@id":"https:\/\/marieclaire.be\/fr\/#\/schema\/logo\/image\/","url":"https:\/\/marieclaire.be\/fr\/wp-content\/uploads\/2018\/05\/mc-logo2.png","contentUrl":"https:\/\/marieclaire.be\/fr\/wp-content\/uploads\/2018\/05\/mc-logo2.png","width":1001,"height":189,"caption":"Marie Claire"},"image":{"@id":"https:\/\/marieclaire.be\/fr\/#\/schema\/logo\/image\/"},"sameAs":["https:\/\/www.facebook.com\/MarieClaire.Belgique\/","https:\/\/www.instagram.com\/marieclaire_belgique\/","https:\/\/fr.pinterest.com\/marieclairebe\/","https:\/\/www.youtube.com\/user\/BelgiumMarieClaire"]},{"@type":"Person","@id":"https:\/\/marieclaire.be\/fr\/#\/schema\/person\/c71bd7a8c3e622513c7531a39292a34e","name":"Malvine Sevrin","image":{"@type":"ImageObject","inLanguage":"fr-FR","@id":"https:\/\/marieclaire.be\/fr\/wp-content\/uploads\/2017\/05\/capture-decran-2024-02-13-a-145920-96x96.png","url":"https:\/\/marieclaire.be\/fr\/wp-content\/uploads\/2017\/05\/capture-decran-2024-02-13-a-145920-96x96.png","contentUrl":"https:\/\/marieclaire.be\/fr\/wp-content\/uploads\/2017\/05\/capture-decran-2024-02-13-a-145920-96x96.png","caption":"Malvine Sevrin"},"description":"Des podiums parisiens aux derni\u00e8res nouveaut\u00e9s skincare qui enflamment TikTok, je d\u00e9crypte les tendances pour Marie Claire Belgique. Passionn\u00e9e de voyage, de mode et de beaut\u00e9, je partage mes coups de coeur d\u00e9nich\u00e9s aux quatre coins du globe. En tant que r\u00e9dactrice en chef digital, j'ai \u00e9galement \u00e0 coeur de mettre en lumi\u00e8re les histoires inspirantes de femmes \u00e0 travers notre site et sur nos r\u00e9seaux sociaux.","sameAs":["https:\/\/www.instagram.com\/malvinesev\/"],"url":"https:\/\/marieclaire.be\/fr\/author\/malvine\/"}]}},"_links":{"self":[{"href":"https:\/\/marieclaire.be\/fr\/wp-json\/wp\/v2\/posts\/128065","targetHints":{"allow":["GET"]}}],"collection":[{"href":"https:\/\/marieclaire.be\/fr\/wp-json\/wp\/v2\/posts"}],"about":[{"href":"https:\/\/marieclaire.be\/fr\/wp-json\/wp\/v2\/types\/post"}],"author":[{"embeddable":true,"href":"https:\/\/marieclaire.be\/fr\/wp-json\/wp\/v2\/users\/30"}],"replies":[{"embeddable":true,"href":"https:\/\/marieclaire.be\/fr\/wp-json\/wp\/v2\/comments?post=128065"}],"version-history":[{"count":8,"href":"https:\/\/marieclaire.be\/fr\/wp-json\/wp\/v2\/posts\/128065\/revisions"}],"predecessor-version":[{"id":128109,"href":"https:\/\/marieclaire.be\/fr\/wp-json\/wp\/v2\/posts\/128065\/revisions\/128109"}],"wp:featuredmedia":[{"embeddable":true,"href":"https:\/\/marieclaire.be\/fr\/wp-json\/wp\/v2\/media\/128098"}],"wp:attachment":[{"href":"https:\/\/marieclaire.be\/fr\/wp-json\/wp\/v2\/media?parent=128065"}],"wp:term":[{"taxonomy":"category","embeddable":true,"href":"https:\/\/marieclaire.be\/fr\/wp-json\/wp\/v2\/categories?post=128065"},{"taxonomy":"post_tag","embeddable":true,"href":"https:\/\/marieclaire.be\/fr\/wp-json\/wp\/v2\/tags?post=128065"}],"curies":[{"name":"wp","href":"https:\/\/api.w.org\/{rel}","templated":true}]}}