{"id":127858,"date":"2023-07-13T07:04:18","date_gmt":"2023-07-13T05:04:18","guid":{"rendered":"https:\/\/marieclaire.be\/fr\/?p=127858"},"modified":"2023-07-13T12:51:54","modified_gmt":"2023-07-13T10:51:54","slug":"historique-la-loi-stop-feminicide-votee-en-belgique","status":"publish","type":"post","link":"https:\/\/marieclaire.be\/fr\/historique-la-loi-stop-feminicide-votee-en-belgique\/","title":{"rendered":"En quoi consiste la loi historique &#8220;stop f\u00e9minicide&#8221; vot\u00e9e en Belgique ?"},"content":{"rendered":"","protected":false},"excerpt":{"rendered":"C&#8217;est une premi\u00e8re europ\u00e9enne, ce 29 juin, le Parlement f\u00e9d\u00e9ral belge a vot\u00e9 la loi anti-f\u00e9minicide qui vise \u00e0 lutter contre ce crime et \u00e0 mettre fin aux meurtres de femmes en raison de leur genre.","protected":false},"author":8,"featured_media":127872,"comment_status":"closed","ping_status":"closed","sticky":false,"template":"","format":"standard","meta":{"_acf_changed":false,"footnotes":""},"categories":[27,1434],"tags":[964],"class_list":["post-127858","post","type-post","status-publish","format-standard","has-post-thumbnail","hentry","category-combats-de-femme","category-societe","tag-feminisme"],"acf":[],"_yoast_wpseo_title":null,"_yoast_wpseo_metadesc":"C'est une premi\u00e8re en Europe, ce 29 juin, le Parlement f\u00e9d\u00e9ral belge a vot\u00e9 la loi \"stop f\u00e9minicide\". On vous explique ce qui va changer !","image_verticale":"127871","yoast_head":"<!-- This site is optimized with the Yoast SEO plugin v27.3 - https:\/\/yoast.com\/product\/yoast-seo-wordpress\/ -->\n<title>En quoi consiste la loi historique &quot;stop f\u00e9minicide&quot; vot\u00e9e en Belgique ? - Marie Claire Belgique<\/title>\n<meta name=\"description\" content=\"C&#039;est une premi\u00e8re en Europe, ce 29 juin, le Parlement f\u00e9d\u00e9ral belge a vot\u00e9 la loi &quot;stop f\u00e9minicide&quot;. On vous explique ce qui va changer !\" \/>\n<meta name=\"robots\" content=\"index, follow, max-snippet:-1, max-image-preview:large, max-video-preview:-1\" \/>\n<link rel=\"canonical\" href=\"https:\/\/marieclaire.be\/fr\/historique-la-loi-stop-feminicide-votee-en-belgique\/\" \/>\n<link rel=\"next\" href=\"https:\/\/marieclaire.be\/fr\/historique-la-loi-stop-feminicide-votee-en-belgique\/2\/\" \/>\n<meta property=\"og:locale\" content=\"fr_FR\" \/>\n<meta property=\"og:type\" content=\"article\" \/>\n<meta property=\"og:title\" content=\"En quoi consiste la loi historique &quot;stop f\u00e9minicide&quot; vot\u00e9e en Belgique ? - Marie Claire Belgique\" \/>\n<meta property=\"og:description\" content=\"C&#039;est une premi\u00e8re en Europe, ce 29 juin, le Parlement f\u00e9d\u00e9ral belge a vot\u00e9 la loi &quot;stop f\u00e9minicide&quot;. On vous explique ce qui va changer !\" \/>\n<meta property=\"og:url\" content=\"https:\/\/marieclaire.be\/fr\/historique-la-loi-stop-feminicide-votee-en-belgique\/\" \/>\n<meta property=\"og:site_name\" content=\"Marie Claire Belgique\" \/>\n<meta property=\"article:publisher\" content=\"https:\/\/www.facebook.com\/MarieClaire.Belgique\/\" \/>\n<meta property=\"article:published_time\" content=\"2023-07-13T05:04:18+00:00\" \/>\n<meta property=\"article:modified_time\" content=\"2023-07-13T10:51:54+00:00\" \/>\n<meta property=\"og:image\" content=\"https:\/\/marieclaire.be\/fr\/wp-content\/uploads\/2023\/07\/palais-de-justice.jpg\" \/>\n\t<meta property=\"og:image:width\" content=\"1200\" \/>\n\t<meta property=\"og:image:height\" content=\"628\" \/>\n\t<meta property=\"og:image:type\" content=\"image\/jpeg\" \/>\n<meta name=\"author\" content=\"Marie Claire\" \/>\n<meta name=\"twitter:label1\" content=\"\u00c9crit par\" \/>\n\t<meta name=\"twitter:data1\" content=\"Marie Claire\" \/>\n\t<meta name=\"twitter:label2\" content=\"Dur\u00e9e de lecture estim\u00e9e\" \/>\n\t<meta name=\"twitter:data2\" content=\"4 minutes\" \/>\n<script type=\"application\/ld+json\" class=\"yoast-schema-graph\">{\"@context\":\"https:\\\/\\\/schema.org\",\"@graph\":[{\"@type\":\"NewsArticle\",\"@id\":\"https:\\\/\\\/marieclaire.be\\\/fr\\\/historique-la-loi-stop-feminicide-votee-en-belgique\\\/#article\",\"isPartOf\":{\"@id\":\"https:\\\/\\\/marieclaire.be\\\/fr\\\/historique-la-loi-stop-feminicide-votee-en-belgique\\\/\"},\"author\":{\"name\":\"Marie Claire\",\"@id\":\"https:\\\/\\\/marieclaire.be\\\/fr\\\/#\\\/schema\\\/person\\\/6a5bc4eb4707dbc5cb47d17804a85f8c\"},\"headline\":\"En quoi consiste la loi historique &#8220;stop f\u00e9minicide&#8221; vot\u00e9e en Belgique ?\",\"datePublished\":\"2023-07-13T05:04:18+00:00\",\"dateModified\":\"2023-07-13T10:51:54+00:00\",\"mainEntityOfPage\":{\"@id\":\"https:\\\/\\\/marieclaire.be\\\/fr\\\/historique-la-loi-stop-feminicide-votee-en-belgique\\\/\"},\"wordCount\":669,\"publisher\":{\"@id\":\"https:\\\/\\\/marieclaire.be\\\/fr\\\/#organization\"},\"image\":{\"@id\":\"https:\\\/\\\/marieclaire.be\\\/fr\\\/historique-la-loi-stop-feminicide-votee-en-belgique\\\/#primaryimage\"},\"thumbnailUrl\":\"https:\\\/\\\/marieclaire.be\\\/fr\\\/wp-content\\\/uploads\\\/2023\\\/07\\\/palais-de-justice.jpg\",\"keywords\":[\"f\u00e9minisme\"],\"articleSection\":[\"Combats de femmes\",\"Soci\u00e9t\u00e9\"],\"inLanguage\":\"fr-FR\"},{\"@type\":\"WebPage\",\"@id\":\"https:\\\/\\\/marieclaire.be\\\/fr\\\/historique-la-loi-stop-feminicide-votee-en-belgique\\\/\",\"url\":\"https:\\\/\\\/marieclaire.be\\\/fr\\\/historique-la-loi-stop-feminicide-votee-en-belgique\\\/\",\"name\":\"En quoi consiste la loi historique \\\"stop f\u00e9minicide\\\" vot\u00e9e en Belgique ? - Marie Claire Belgique\",\"isPartOf\":{\"@id\":\"https:\\\/\\\/marieclaire.be\\\/fr\\\/#website\"},\"primaryImageOfPage\":{\"@id\":\"https:\\\/\\\/marieclaire.be\\\/fr\\\/historique-la-loi-stop-feminicide-votee-en-belgique\\\/#primaryimage\"},\"image\":{\"@id\":\"https:\\\/\\\/marieclaire.be\\\/fr\\\/historique-la-loi-stop-feminicide-votee-en-belgique\\\/#primaryimage\"},\"thumbnailUrl\":\"https:\\\/\\\/marieclaire.be\\\/fr\\\/wp-content\\\/uploads\\\/2023\\\/07\\\/palais-de-justice.jpg\",\"datePublished\":\"2023-07-13T05:04:18+00:00\",\"dateModified\":\"2023-07-13T10:51:54+00:00\",\"description\":\"C'est une premi\u00e8re en Europe, ce 29 juin, le Parlement f\u00e9d\u00e9ral belge a vot\u00e9 la loi \\\"stop f\u00e9minicide\\\". On vous explique ce qui va changer !\",\"inLanguage\":\"fr-FR\",\"potentialAction\":[{\"@type\":\"ReadAction\",\"target\":[\"https:\\\/\\\/marieclaire.be\\\/fr\\\/historique-la-loi-stop-feminicide-votee-en-belgique\\\/\"]}]},{\"@type\":\"ImageObject\",\"inLanguage\":\"fr-FR\",\"@id\":\"https:\\\/\\\/marieclaire.be\\\/fr\\\/historique-la-loi-stop-feminicide-votee-en-belgique\\\/#primaryimage\",\"url\":\"https:\\\/\\\/marieclaire.be\\\/fr\\\/wp-content\\\/uploads\\\/2023\\\/07\\\/palais-de-justice.jpg\",\"contentUrl\":\"https:\\\/\\\/marieclaire.be\\\/fr\\\/wp-content\\\/uploads\\\/2023\\\/07\\\/palais-de-justice.jpg\",\"width\":1200,\"height\":628,\"caption\":\"Pixabay\\\/LVER\"},{\"@type\":\"WebSite\",\"@id\":\"https:\\\/\\\/marieclaire.be\\\/fr\\\/#website\",\"url\":\"https:\\\/\\\/marieclaire.be\\\/fr\\\/\",\"name\":\"Marie Claire Belgique\",\"description\":\"Marie Claire Belgique, le magazine du style et de l\u2019intelligence qui parle de mode, des tendances, de la beaut\u00e9, de l\u2019actualit\u00e9 et de la culture\",\"publisher\":{\"@id\":\"https:\\\/\\\/marieclaire.be\\\/fr\\\/#organization\"},\"potentialAction\":[{\"@type\":\"SearchAction\",\"target\":{\"@type\":\"EntryPoint\",\"urlTemplate\":\"https:\\\/\\\/marieclaire.be\\\/fr\\\/?s={search_term_string}\"},\"query-input\":{\"@type\":\"PropertyValueSpecification\",\"valueRequired\":true,\"valueName\":\"search_term_string\"}}],\"inLanguage\":\"fr-FR\"},{\"@type\":\"Organization\",\"@id\":\"https:\\\/\\\/marieclaire.be\\\/fr\\\/#organization\",\"name\":\"Marie Claire\",\"url\":\"https:\\\/\\\/marieclaire.be\\\/fr\\\/\",\"logo\":{\"@type\":\"ImageObject\",\"inLanguage\":\"fr-FR\",\"@id\":\"https:\\\/\\\/marieclaire.be\\\/fr\\\/#\\\/schema\\\/logo\\\/image\\\/\",\"url\":\"https:\\\/\\\/marieclaire.be\\\/fr\\\/wp-content\\\/uploads\\\/2018\\\/05\\\/mc-logo2.png\",\"contentUrl\":\"https:\\\/\\\/marieclaire.be\\\/fr\\\/wp-content\\\/uploads\\\/2018\\\/05\\\/mc-logo2.png\",\"width\":1001,\"height\":189,\"caption\":\"Marie Claire\"},\"image\":{\"@id\":\"https:\\\/\\\/marieclaire.be\\\/fr\\\/#\\\/schema\\\/logo\\\/image\\\/\"},\"sameAs\":[\"https:\\\/\\\/www.facebook.com\\\/MarieClaire.Belgique\\\/\",\"https:\\\/\\\/www.instagram.com\\\/marieclaire_belgique\\\/\",\"https:\\\/\\\/fr.pinterest.com\\\/marieclairebe\\\/\",\"https:\\\/\\\/www.youtube.com\\\/user\\\/BelgiumMarieClaire\"]},{\"@type\":\"Person\",\"@id\":\"https:\\\/\\\/marieclaire.be\\\/fr\\\/#\\\/schema\\\/person\\\/6a5bc4eb4707dbc5cb47d17804a85f8c\",\"name\":\"Marie Claire\",\"image\":{\"@type\":\"ImageObject\",\"inLanguage\":\"fr-FR\",\"@id\":\"https:\\\/\\\/marieclaire.be\\\/fr\\\/wp-content\\\/uploads\\\/2016\\\/11\\\/mclogo-96x96.jpg\",\"url\":\"https:\\\/\\\/marieclaire.be\\\/fr\\\/wp-content\\\/uploads\\\/2016\\\/11\\\/mclogo-96x96.jpg\",\"contentUrl\":\"https:\\\/\\\/marieclaire.be\\\/fr\\\/wp-content\\\/uploads\\\/2016\\\/11\\\/mclogo-96x96.jpg\",\"caption\":\"Marie Claire\"},\"url\":\"https:\\\/\\\/marieclaire.be\\\/fr\\\/author\\\/stagiaire\\\/\"}]}<\/script>\n<!-- \/ Yoast SEO plugin. -->","yoast_head_json":{"title":"En quoi consiste la loi historique \"stop f\u00e9minicide\" vot\u00e9e en Belgique ? - Marie Claire Belgique","description":"C'est une premi\u00e8re en Europe, ce 29 juin, le Parlement f\u00e9d\u00e9ral belge a vot\u00e9 la loi \"stop f\u00e9minicide\". On vous explique ce qui va changer !","robots":{"index":"index","follow":"follow","max-snippet":"max-snippet:-1","max-image-preview":"max-image-preview:large","max-video-preview":"max-video-preview:-1"},"canonical":"https:\/\/marieclaire.be\/fr\/historique-la-loi-stop-feminicide-votee-en-belgique\/","next":"https:\/\/marieclaire.be\/fr\/historique-la-loi-stop-feminicide-votee-en-belgique\/2\/","og_locale":"fr_FR","og_type":"article","og_title":"En quoi consiste la loi historique \"stop f\u00e9minicide\" vot\u00e9e en Belgique ? - Marie Claire Belgique","og_description":"C'est une premi\u00e8re en Europe, ce 29 juin, le Parlement f\u00e9d\u00e9ral belge a vot\u00e9 la loi \"stop f\u00e9minicide\". On vous explique ce qui va changer !","og_url":"https:\/\/marieclaire.be\/fr\/historique-la-loi-stop-feminicide-votee-en-belgique\/","og_site_name":"Marie Claire Belgique","article_publisher":"https:\/\/www.facebook.com\/MarieClaire.Belgique\/","article_published_time":"2023-07-13T05:04:18+00:00","article_modified_time":"2023-07-13T10:51:54+00:00","og_image":[{"width":1200,"height":628,"url":"https:\/\/marieclaire.be\/fr\/wp-content\/uploads\/2023\/07\/palais-de-justice.jpg","type":"image\/jpeg"}],"author":"Marie Claire","twitter_misc":{"\u00c9crit par":"Marie Claire","Dur\u00e9e de lecture estim\u00e9e":"4 minutes"},"schema":{"@context":"https:\/\/schema.org","@graph":[{"@type":"NewsArticle","@id":"https:\/\/marieclaire.be\/fr\/historique-la-loi-stop-feminicide-votee-en-belgique\/#article","isPartOf":{"@id":"https:\/\/marieclaire.be\/fr\/historique-la-loi-stop-feminicide-votee-en-belgique\/"},"author":{"name":"Marie Claire","@id":"https:\/\/marieclaire.be\/fr\/#\/schema\/person\/6a5bc4eb4707dbc5cb47d17804a85f8c"},"headline":"En quoi consiste la loi historique &#8220;stop f\u00e9minicide&#8221; vot\u00e9e en Belgique ?","datePublished":"2023-07-13T05:04:18+00:00","dateModified":"2023-07-13T10:51:54+00:00","mainEntityOfPage":{"@id":"https:\/\/marieclaire.be\/fr\/historique-la-loi-stop-feminicide-votee-en-belgique\/"},"wordCount":669,"publisher":{"@id":"https:\/\/marieclaire.be\/fr\/#organization"},"image":{"@id":"https:\/\/marieclaire.be\/fr\/historique-la-loi-stop-feminicide-votee-en-belgique\/#primaryimage"},"thumbnailUrl":"https:\/\/marieclaire.be\/fr\/wp-content\/uploads\/2023\/07\/palais-de-justice.jpg","keywords":["f\u00e9minisme"],"articleSection":["Combats de femmes","Soci\u00e9t\u00e9"],"inLanguage":"fr-FR"},{"@type":"WebPage","@id":"https:\/\/marieclaire.be\/fr\/historique-la-loi-stop-feminicide-votee-en-belgique\/","url":"https:\/\/marieclaire.be\/fr\/historique-la-loi-stop-feminicide-votee-en-belgique\/","name":"En quoi consiste la loi historique \"stop f\u00e9minicide\" vot\u00e9e en Belgique ? - Marie Claire Belgique","isPartOf":{"@id":"https:\/\/marieclaire.be\/fr\/#website"},"primaryImageOfPage":{"@id":"https:\/\/marieclaire.be\/fr\/historique-la-loi-stop-feminicide-votee-en-belgique\/#primaryimage"},"image":{"@id":"https:\/\/marieclaire.be\/fr\/historique-la-loi-stop-feminicide-votee-en-belgique\/#primaryimage"},"thumbnailUrl":"https:\/\/marieclaire.be\/fr\/wp-content\/uploads\/2023\/07\/palais-de-justice.jpg","datePublished":"2023-07-13T05:04:18+00:00","dateModified":"2023-07-13T10:51:54+00:00","description":"C'est une premi\u00e8re en Europe, ce 29 juin, le Parlement f\u00e9d\u00e9ral belge a vot\u00e9 la loi \"stop f\u00e9minicide\". On vous explique ce qui va changer !","inLanguage":"fr-FR","potentialAction":[{"@type":"ReadAction","target":["https:\/\/marieclaire.be\/fr\/historique-la-loi-stop-feminicide-votee-en-belgique\/"]}]},{"@type":"ImageObject","inLanguage":"fr-FR","@id":"https:\/\/marieclaire.be\/fr\/historique-la-loi-stop-feminicide-votee-en-belgique\/#primaryimage","url":"https:\/\/marieclaire.be\/fr\/wp-content\/uploads\/2023\/07\/palais-de-justice.jpg","contentUrl":"https:\/\/marieclaire.be\/fr\/wp-content\/uploads\/2023\/07\/palais-de-justice.jpg","width":1200,"height":628,"caption":"Pixabay\/LVER"},{"@type":"WebSite","@id":"https:\/\/marieclaire.be\/fr\/#website","url":"https:\/\/marieclaire.be\/fr\/","name":"Marie Claire Belgique","description":"Marie Claire Belgique, le magazine du style et de l\u2019intelligence qui parle de mode, des tendances, de la beaut\u00e9, de l\u2019actualit\u00e9 et de la culture","publisher":{"@id":"https:\/\/marieclaire.be\/fr\/#organization"},"potentialAction":[{"@type":"SearchAction","target":{"@type":"EntryPoint","urlTemplate":"https:\/\/marieclaire.be\/fr\/?s={search_term_string}"},"query-input":{"@type":"PropertyValueSpecification","valueRequired":true,"valueName":"search_term_string"}}],"inLanguage":"fr-FR"},{"@type":"Organization","@id":"https:\/\/marieclaire.be\/fr\/#organization","name":"Marie Claire","url":"https:\/\/marieclaire.be\/fr\/","logo":{"@type":"ImageObject","inLanguage":"fr-FR","@id":"https:\/\/marieclaire.be\/fr\/#\/schema\/logo\/image\/","url":"https:\/\/marieclaire.be\/fr\/wp-content\/uploads\/2018\/05\/mc-logo2.png","contentUrl":"https:\/\/marieclaire.be\/fr\/wp-content\/uploads\/2018\/05\/mc-logo2.png","width":1001,"height":189,"caption":"Marie Claire"},"image":{"@id":"https:\/\/marieclaire.be\/fr\/#\/schema\/logo\/image\/"},"sameAs":["https:\/\/www.facebook.com\/MarieClaire.Belgique\/","https:\/\/www.instagram.com\/marieclaire_belgique\/","https:\/\/fr.pinterest.com\/marieclairebe\/","https:\/\/www.youtube.com\/user\/BelgiumMarieClaire"]},{"@type":"Person","@id":"https:\/\/marieclaire.be\/fr\/#\/schema\/person\/6a5bc4eb4707dbc5cb47d17804a85f8c","name":"Marie Claire","image":{"@type":"ImageObject","inLanguage":"fr-FR","@id":"https:\/\/marieclaire.be\/fr\/wp-content\/uploads\/2016\/11\/mclogo-96x96.jpg","url":"https:\/\/marieclaire.be\/fr\/wp-content\/uploads\/2016\/11\/mclogo-96x96.jpg","contentUrl":"https:\/\/marieclaire.be\/fr\/wp-content\/uploads\/2016\/11\/mclogo-96x96.jpg","caption":"Marie Claire"},"url":"https:\/\/marieclaire.be\/fr\/author\/stagiaire\/"}]}},"_links":{"self":[{"href":"https:\/\/marieclaire.be\/fr\/wp-json\/wp\/v2\/posts\/127858","targetHints":{"allow":["GET"]}}],"collection":[{"href":"https:\/\/marieclaire.be\/fr\/wp-json\/wp\/v2\/posts"}],"about":[{"href":"https:\/\/marieclaire.be\/fr\/wp-json\/wp\/v2\/types\/post"}],"author":[{"embeddable":true,"href":"https:\/\/marieclaire.be\/fr\/wp-json\/wp\/v2\/users\/8"}],"replies":[{"embeddable":true,"href":"https:\/\/marieclaire.be\/fr\/wp-json\/wp\/v2\/comments?post=127858"}],"version-history":[{"count":13,"href":"https:\/\/marieclaire.be\/fr\/wp-json\/wp\/v2\/posts\/127858\/revisions"}],"predecessor-version":[{"id":127963,"href":"https:\/\/marieclaire.be\/fr\/wp-json\/wp\/v2\/posts\/127858\/revisions\/127963"}],"wp:featuredmedia":[{"embeddable":true,"href":"https:\/\/marieclaire.be\/fr\/wp-json\/wp\/v2\/media\/127872"}],"wp:attachment":[{"href":"https:\/\/marieclaire.be\/fr\/wp-json\/wp\/v2\/media?parent=127858"}],"wp:term":[{"taxonomy":"category","embeddable":true,"href":"https:\/\/marieclaire.be\/fr\/wp-json\/wp\/v2\/categories?post=127858"},{"taxonomy":"post_tag","embeddable":true,"href":"https:\/\/marieclaire.be\/fr\/wp-json\/wp\/v2\/tags?post=127858"}],"curies":[{"name":"wp","href":"https:\/\/api.w.org\/{rel}","templated":true}]}}