{"id":126543,"date":"2023-05-18T07:38:20","date_gmt":"2023-05-18T05:38:20","guid":{"rendered":"https:\/\/marieclaire.be\/fr\/?p=126543"},"modified":"2023-05-23T14:31:09","modified_gmt":"2023-05-23T12:31:09","slug":"festival-gastronomique-etoile-fourchette","status":"publish","type":"post","link":"https:\/\/marieclaire.be\/fr\/festival-gastronomique-etoile-fourchette\/","title":{"rendered":"Le festival multi-\u00e9toil\u00e9 Fourchette : le rendez-vous culinaire \u00e0 ne pas manquer \u00e0 Gand"},"content":{"rendered":"","protected":false},"excerpt":{"rendered":"La gastronomie belge n\u2019a rien \u00e0 envier \u00e0 celle de ses voisins ! Le festival culinaire Fourchette le prouve une cinqui\u00e8me fois en r\u00e9unissant 15 grands chefs du plat pays, du 27 au 29 mai, lors d\u2019un long week-end touchant les \u00e9toiles.","protected":false},"author":71,"featured_media":126801,"comment_status":"closed","ping_status":"closed","sticky":false,"template":"","format":"standard","meta":{"_acf_changed":false,"footnotes":""},"categories":[806,67],"tags":[893,943,838],"class_list":["post-126543","post","type-post","status-publish","format-standard","has-post-thumbnail","hentry","category-food","category-lifestyle","tag-belgique","tag-gand","tag-restaurant"],"acf":[],"_yoast_wpseo_title":null,"_yoast_wpseo_metadesc":"Un repas multi-\u00e9toil\u00e9 ? C\u2019est possible avec le festival culinaire Fourchette qui r\u00e9unira 15 grands chefs belges du 27 au 29 mai \u00e0 Gand !","image_verticale":"126802","yoast_head":"<!-- This site is optimized with the Yoast SEO plugin v27.3 - https:\/\/yoast.com\/product\/yoast-seo-wordpress\/ -->\n<title>Le festival multi-\u00e9toil\u00e9 Fourchette : le rendez-vous culinaire \u00e0 ne pas manquer \u00e0 Gand - Marie Claire Belgique<\/title>\n<meta name=\"description\" content=\"Un repas multi-\u00e9toil\u00e9 ? C\u2019est possible avec le festival culinaire Fourchette qui r\u00e9unira 15 grands chefs belges du 27 au 29 mai \u00e0 Gand !\" \/>\n<meta name=\"robots\" content=\"index, follow, max-snippet:-1, max-image-preview:large, max-video-preview:-1\" \/>\n<link rel=\"canonical\" href=\"https:\/\/marieclaire.be\/fr\/festival-gastronomique-etoile-fourchette\/\" \/>\n<link rel=\"next\" href=\"https:\/\/marieclaire.be\/fr\/festival-gastronomique-etoile-fourchette\/2\/\" \/>\n<meta property=\"og:locale\" content=\"fr_FR\" \/>\n<meta property=\"og:type\" content=\"article\" \/>\n<meta property=\"og:title\" content=\"Le festival multi-\u00e9toil\u00e9 Fourchette : le rendez-vous culinaire \u00e0 ne pas manquer \u00e0 Gand - Marie Claire Belgique\" \/>\n<meta property=\"og:description\" content=\"Un repas multi-\u00e9toil\u00e9 ? C\u2019est possible avec le festival culinaire Fourchette qui r\u00e9unira 15 grands chefs belges du 27 au 29 mai \u00e0 Gand !\" \/>\n<meta property=\"og:url\" content=\"https:\/\/marieclaire.be\/fr\/festival-gastronomique-etoile-fourchette\/\" \/>\n<meta property=\"og:site_name\" content=\"Marie Claire Belgique\" \/>\n<meta property=\"article:publisher\" content=\"https:\/\/www.facebook.com\/MarieClaire.Belgique\/\" \/>\n<meta property=\"article:published_time\" content=\"2023-05-18T05:38:20+00:00\" \/>\n<meta property=\"article:modified_time\" content=\"2023-05-23T12:31:09+00:00\" \/>\n<meta property=\"og:image\" content=\"https:\/\/marieclaire.be\/fr\/wp-content\/uploads\/2023\/05\/mc-fourchette-fb.png\" \/>\n\t<meta property=\"og:image:width\" content=\"1200\" \/>\n\t<meta property=\"og:image:height\" content=\"628\" \/>\n\t<meta property=\"og:image:type\" content=\"image\/png\" \/>\n<meta name=\"author\" content=\"Romane Henkinbrant\" \/>\n<meta name=\"twitter:label1\" content=\"\u00c9crit par\" \/>\n\t<meta name=\"twitter:data1\" content=\"Romane Henkinbrant\" \/>\n\t<meta name=\"twitter:label2\" content=\"Dur\u00e9e de lecture estim\u00e9e\" \/>\n\t<meta name=\"twitter:data2\" content=\"3 minutes\" \/>\n<script type=\"application\/ld+json\" class=\"yoast-schema-graph\">{\"@context\":\"https:\\\/\\\/schema.org\",\"@graph\":[{\"@type\":\"NewsArticle\",\"@id\":\"https:\\\/\\\/marieclaire.be\\\/fr\\\/festival-gastronomique-etoile-fourchette\\\/#article\",\"isPartOf\":{\"@id\":\"https:\\\/\\\/marieclaire.be\\\/fr\\\/festival-gastronomique-etoile-fourchette\\\/\"},\"author\":{\"name\":\"Romane Henkinbrant\",\"@id\":\"https:\\\/\\\/marieclaire.be\\\/fr\\\/#\\\/schema\\\/person\\\/7e552cfe4a87823753ac7fca7a28b705\"},\"headline\":\"Le festival multi-\u00e9toil\u00e9 Fourchette : le rendez-vous culinaire \u00e0 ne pas manquer \u00e0 Gand\",\"datePublished\":\"2023-05-18T05:38:20+00:00\",\"dateModified\":\"2023-05-23T12:31:09+00:00\",\"mainEntityOfPage\":{\"@id\":\"https:\\\/\\\/marieclaire.be\\\/fr\\\/festival-gastronomique-etoile-fourchette\\\/\"},\"wordCount\":520,\"publisher\":{\"@id\":\"https:\\\/\\\/marieclaire.be\\\/fr\\\/#organization\"},\"image\":{\"@id\":\"https:\\\/\\\/marieclaire.be\\\/fr\\\/festival-gastronomique-etoile-fourchette\\\/#primaryimage\"},\"thumbnailUrl\":\"https:\\\/\\\/marieclaire.be\\\/fr\\\/wp-content\\\/uploads\\\/2023\\\/05\\\/mc-fourchette-fb.png\",\"keywords\":[\"belgique\",\"Gand\",\"restaurant\"],\"articleSection\":[\"Food\",\"Lifestyle\"],\"inLanguage\":\"fr-FR\"},{\"@type\":\"WebPage\",\"@id\":\"https:\\\/\\\/marieclaire.be\\\/fr\\\/festival-gastronomique-etoile-fourchette\\\/\",\"url\":\"https:\\\/\\\/marieclaire.be\\\/fr\\\/festival-gastronomique-etoile-fourchette\\\/\",\"name\":\"Le festival multi-\u00e9toil\u00e9 Fourchette : le rendez-vous culinaire \u00e0 ne pas manquer \u00e0 Gand - Marie Claire Belgique\",\"isPartOf\":{\"@id\":\"https:\\\/\\\/marieclaire.be\\\/fr\\\/#website\"},\"primaryImageOfPage\":{\"@id\":\"https:\\\/\\\/marieclaire.be\\\/fr\\\/festival-gastronomique-etoile-fourchette\\\/#primaryimage\"},\"image\":{\"@id\":\"https:\\\/\\\/marieclaire.be\\\/fr\\\/festival-gastronomique-etoile-fourchette\\\/#primaryimage\"},\"thumbnailUrl\":\"https:\\\/\\\/marieclaire.be\\\/fr\\\/wp-content\\\/uploads\\\/2023\\\/05\\\/mc-fourchette-fb.png\",\"datePublished\":\"2023-05-18T05:38:20+00:00\",\"dateModified\":\"2023-05-23T12:31:09+00:00\",\"description\":\"Un repas multi-\u00e9toil\u00e9 ? C\u2019est possible avec le festival culinaire Fourchette qui r\u00e9unira 15 grands chefs belges du 27 au 29 mai \u00e0 Gand !\",\"inLanguage\":\"fr-FR\",\"potentialAction\":[{\"@type\":\"ReadAction\",\"target\":[\"https:\\\/\\\/marieclaire.be\\\/fr\\\/festival-gastronomique-etoile-fourchette\\\/\"]}]},{\"@type\":\"ImageObject\",\"inLanguage\":\"fr-FR\",\"@id\":\"https:\\\/\\\/marieclaire.be\\\/fr\\\/festival-gastronomique-etoile-fourchette\\\/#primaryimage\",\"url\":\"https:\\\/\\\/marieclaire.be\\\/fr\\\/wp-content\\\/uploads\\\/2023\\\/05\\\/mc-fourchette-fb.png\",\"contentUrl\":\"https:\\\/\\\/marieclaire.be\\\/fr\\\/wp-content\\\/uploads\\\/2023\\\/05\\\/mc-fourchette-fb.png\",\"width\":1200,\"height\":628,\"caption\":\"Fourchette\"},{\"@type\":\"WebSite\",\"@id\":\"https:\\\/\\\/marieclaire.be\\\/fr\\\/#website\",\"url\":\"https:\\\/\\\/marieclaire.be\\\/fr\\\/\",\"name\":\"Marie Claire Belgique\",\"description\":\"Marie Claire Belgique, le magazine du style et de l\u2019intelligence qui parle de mode, des tendances, de la beaut\u00e9, de l\u2019actualit\u00e9 et de la culture\",\"publisher\":{\"@id\":\"https:\\\/\\\/marieclaire.be\\\/fr\\\/#organization\"},\"potentialAction\":[{\"@type\":\"SearchAction\",\"target\":{\"@type\":\"EntryPoint\",\"urlTemplate\":\"https:\\\/\\\/marieclaire.be\\\/fr\\\/?s={search_term_string}\"},\"query-input\":{\"@type\":\"PropertyValueSpecification\",\"valueRequired\":true,\"valueName\":\"search_term_string\"}}],\"inLanguage\":\"fr-FR\"},{\"@type\":\"Organization\",\"@id\":\"https:\\\/\\\/marieclaire.be\\\/fr\\\/#organization\",\"name\":\"Marie Claire\",\"url\":\"https:\\\/\\\/marieclaire.be\\\/fr\\\/\",\"logo\":{\"@type\":\"ImageObject\",\"inLanguage\":\"fr-FR\",\"@id\":\"https:\\\/\\\/marieclaire.be\\\/fr\\\/#\\\/schema\\\/logo\\\/image\\\/\",\"url\":\"https:\\\/\\\/marieclaire.be\\\/fr\\\/wp-content\\\/uploads\\\/2018\\\/05\\\/mc-logo2.png\",\"contentUrl\":\"https:\\\/\\\/marieclaire.be\\\/fr\\\/wp-content\\\/uploads\\\/2018\\\/05\\\/mc-logo2.png\",\"width\":1001,\"height\":189,\"caption\":\"Marie Claire\"},\"image\":{\"@id\":\"https:\\\/\\\/marieclaire.be\\\/fr\\\/#\\\/schema\\\/logo\\\/image\\\/\"},\"sameAs\":[\"https:\\\/\\\/www.facebook.com\\\/MarieClaire.Belgique\\\/\",\"https:\\\/\\\/www.instagram.com\\\/marieclaire_belgique\\\/\",\"https:\\\/\\\/fr.pinterest.com\\\/marieclairebe\\\/\",\"https:\\\/\\\/www.youtube.com\\\/user\\\/BelgiumMarieClaire\"]},{\"@type\":\"Person\",\"@id\":\"https:\\\/\\\/marieclaire.be\\\/fr\\\/#\\\/schema\\\/person\\\/7e552cfe4a87823753ac7fca7a28b705\",\"name\":\"Romane Henkinbrant\",\"image\":{\"@type\":\"ImageObject\",\"inLanguage\":\"fr-FR\",\"@id\":\"https:\\\/\\\/marieclaire.be\\\/fr\\\/wp-content\\\/uploads\\\/2022\\\/10\\\/cbc74c76-01fc-4f4e-ad26-e1f297d2eb35-96x96.jpg\",\"url\":\"https:\\\/\\\/marieclaire.be\\\/fr\\\/wp-content\\\/uploads\\\/2022\\\/10\\\/cbc74c76-01fc-4f4e-ad26-e1f297d2eb35-96x96.jpg\",\"contentUrl\":\"https:\\\/\\\/marieclaire.be\\\/fr\\\/wp-content\\\/uploads\\\/2022\\\/10\\\/cbc74c76-01fc-4f4e-ad26-e1f297d2eb35-96x96.jpg\",\"caption\":\"Romane Henkinbrant\"},\"description\":\"Grande affam\u00e9e toujours en qu\u00eate des derni\u00e8res adresses durables, des meilleurs vins naturels et produits locaux, qui croit fermement que manger en dit autant sur soi que sur celleux qui nous entourent.\",\"sameAs\":[\"https:\\\/\\\/www.instagram.com\\\/romane_hkbt\\\/\"],\"url\":\"https:\\\/\\\/marieclaire.be\\\/fr\\\/author\\\/romanehenkinbranthotmail-com\\\/\"}]}<\/script>\n<!-- \/ Yoast SEO plugin. -->","yoast_head_json":{"title":"Le festival multi-\u00e9toil\u00e9 Fourchette : le rendez-vous culinaire \u00e0 ne pas manquer \u00e0 Gand - Marie Claire Belgique","description":"Un repas multi-\u00e9toil\u00e9 ? C\u2019est possible avec le festival culinaire Fourchette qui r\u00e9unira 15 grands chefs belges du 27 au 29 mai \u00e0 Gand !","robots":{"index":"index","follow":"follow","max-snippet":"max-snippet:-1","max-image-preview":"max-image-preview:large","max-video-preview":"max-video-preview:-1"},"canonical":"https:\/\/marieclaire.be\/fr\/festival-gastronomique-etoile-fourchette\/","next":"https:\/\/marieclaire.be\/fr\/festival-gastronomique-etoile-fourchette\/2\/","og_locale":"fr_FR","og_type":"article","og_title":"Le festival multi-\u00e9toil\u00e9 Fourchette : le rendez-vous culinaire \u00e0 ne pas manquer \u00e0 Gand - Marie Claire Belgique","og_description":"Un repas multi-\u00e9toil\u00e9 ? C\u2019est possible avec le festival culinaire Fourchette qui r\u00e9unira 15 grands chefs belges du 27 au 29 mai \u00e0 Gand !","og_url":"https:\/\/marieclaire.be\/fr\/festival-gastronomique-etoile-fourchette\/","og_site_name":"Marie Claire Belgique","article_publisher":"https:\/\/www.facebook.com\/MarieClaire.Belgique\/","article_published_time":"2023-05-18T05:38:20+00:00","article_modified_time":"2023-05-23T12:31:09+00:00","og_image":[{"width":1200,"height":628,"url":"https:\/\/marieclaire.be\/fr\/wp-content\/uploads\/2023\/05\/mc-fourchette-fb.png","type":"image\/png"}],"author":"Romane Henkinbrant","twitter_misc":{"\u00c9crit par":"Romane Henkinbrant","Dur\u00e9e de lecture estim\u00e9e":"3 minutes"},"schema":{"@context":"https:\/\/schema.org","@graph":[{"@type":"NewsArticle","@id":"https:\/\/marieclaire.be\/fr\/festival-gastronomique-etoile-fourchette\/#article","isPartOf":{"@id":"https:\/\/marieclaire.be\/fr\/festival-gastronomique-etoile-fourchette\/"},"author":{"name":"Romane Henkinbrant","@id":"https:\/\/marieclaire.be\/fr\/#\/schema\/person\/7e552cfe4a87823753ac7fca7a28b705"},"headline":"Le festival multi-\u00e9toil\u00e9 Fourchette : le rendez-vous culinaire \u00e0 ne pas manquer \u00e0 Gand","datePublished":"2023-05-18T05:38:20+00:00","dateModified":"2023-05-23T12:31:09+00:00","mainEntityOfPage":{"@id":"https:\/\/marieclaire.be\/fr\/festival-gastronomique-etoile-fourchette\/"},"wordCount":520,"publisher":{"@id":"https:\/\/marieclaire.be\/fr\/#organization"},"image":{"@id":"https:\/\/marieclaire.be\/fr\/festival-gastronomique-etoile-fourchette\/#primaryimage"},"thumbnailUrl":"https:\/\/marieclaire.be\/fr\/wp-content\/uploads\/2023\/05\/mc-fourchette-fb.png","keywords":["belgique","Gand","restaurant"],"articleSection":["Food","Lifestyle"],"inLanguage":"fr-FR"},{"@type":"WebPage","@id":"https:\/\/marieclaire.be\/fr\/festival-gastronomique-etoile-fourchette\/","url":"https:\/\/marieclaire.be\/fr\/festival-gastronomique-etoile-fourchette\/","name":"Le festival multi-\u00e9toil\u00e9 Fourchette : le rendez-vous culinaire \u00e0 ne pas manquer \u00e0 Gand - Marie Claire Belgique","isPartOf":{"@id":"https:\/\/marieclaire.be\/fr\/#website"},"primaryImageOfPage":{"@id":"https:\/\/marieclaire.be\/fr\/festival-gastronomique-etoile-fourchette\/#primaryimage"},"image":{"@id":"https:\/\/marieclaire.be\/fr\/festival-gastronomique-etoile-fourchette\/#primaryimage"},"thumbnailUrl":"https:\/\/marieclaire.be\/fr\/wp-content\/uploads\/2023\/05\/mc-fourchette-fb.png","datePublished":"2023-05-18T05:38:20+00:00","dateModified":"2023-05-23T12:31:09+00:00","description":"Un repas multi-\u00e9toil\u00e9 ? C\u2019est possible avec le festival culinaire Fourchette qui r\u00e9unira 15 grands chefs belges du 27 au 29 mai \u00e0 Gand !","inLanguage":"fr-FR","potentialAction":[{"@type":"ReadAction","target":["https:\/\/marieclaire.be\/fr\/festival-gastronomique-etoile-fourchette\/"]}]},{"@type":"ImageObject","inLanguage":"fr-FR","@id":"https:\/\/marieclaire.be\/fr\/festival-gastronomique-etoile-fourchette\/#primaryimage","url":"https:\/\/marieclaire.be\/fr\/wp-content\/uploads\/2023\/05\/mc-fourchette-fb.png","contentUrl":"https:\/\/marieclaire.be\/fr\/wp-content\/uploads\/2023\/05\/mc-fourchette-fb.png","width":1200,"height":628,"caption":"Fourchette"},{"@type":"WebSite","@id":"https:\/\/marieclaire.be\/fr\/#website","url":"https:\/\/marieclaire.be\/fr\/","name":"Marie Claire Belgique","description":"Marie Claire Belgique, le magazine du style et de l\u2019intelligence qui parle de mode, des tendances, de la beaut\u00e9, de l\u2019actualit\u00e9 et de la culture","publisher":{"@id":"https:\/\/marieclaire.be\/fr\/#organization"},"potentialAction":[{"@type":"SearchAction","target":{"@type":"EntryPoint","urlTemplate":"https:\/\/marieclaire.be\/fr\/?s={search_term_string}"},"query-input":{"@type":"PropertyValueSpecification","valueRequired":true,"valueName":"search_term_string"}}],"inLanguage":"fr-FR"},{"@type":"Organization","@id":"https:\/\/marieclaire.be\/fr\/#organization","name":"Marie Claire","url":"https:\/\/marieclaire.be\/fr\/","logo":{"@type":"ImageObject","inLanguage":"fr-FR","@id":"https:\/\/marieclaire.be\/fr\/#\/schema\/logo\/image\/","url":"https:\/\/marieclaire.be\/fr\/wp-content\/uploads\/2018\/05\/mc-logo2.png","contentUrl":"https:\/\/marieclaire.be\/fr\/wp-content\/uploads\/2018\/05\/mc-logo2.png","width":1001,"height":189,"caption":"Marie Claire"},"image":{"@id":"https:\/\/marieclaire.be\/fr\/#\/schema\/logo\/image\/"},"sameAs":["https:\/\/www.facebook.com\/MarieClaire.Belgique\/","https:\/\/www.instagram.com\/marieclaire_belgique\/","https:\/\/fr.pinterest.com\/marieclairebe\/","https:\/\/www.youtube.com\/user\/BelgiumMarieClaire"]},{"@type":"Person","@id":"https:\/\/marieclaire.be\/fr\/#\/schema\/person\/7e552cfe4a87823753ac7fca7a28b705","name":"Romane Henkinbrant","image":{"@type":"ImageObject","inLanguage":"fr-FR","@id":"https:\/\/marieclaire.be\/fr\/wp-content\/uploads\/2022\/10\/cbc74c76-01fc-4f4e-ad26-e1f297d2eb35-96x96.jpg","url":"https:\/\/marieclaire.be\/fr\/wp-content\/uploads\/2022\/10\/cbc74c76-01fc-4f4e-ad26-e1f297d2eb35-96x96.jpg","contentUrl":"https:\/\/marieclaire.be\/fr\/wp-content\/uploads\/2022\/10\/cbc74c76-01fc-4f4e-ad26-e1f297d2eb35-96x96.jpg","caption":"Romane Henkinbrant"},"description":"Grande affam\u00e9e toujours en qu\u00eate des derni\u00e8res adresses durables, des meilleurs vins naturels et produits locaux, qui croit fermement que manger en dit autant sur soi que sur celleux qui nous entourent.","sameAs":["https:\/\/www.instagram.com\/romane_hkbt\/"],"url":"https:\/\/marieclaire.be\/fr\/author\/romanehenkinbranthotmail-com\/"}]}},"_links":{"self":[{"href":"https:\/\/marieclaire.be\/fr\/wp-json\/wp\/v2\/posts\/126543","targetHints":{"allow":["GET"]}}],"collection":[{"href":"https:\/\/marieclaire.be\/fr\/wp-json\/wp\/v2\/posts"}],"about":[{"href":"https:\/\/marieclaire.be\/fr\/wp-json\/wp\/v2\/types\/post"}],"author":[{"embeddable":true,"href":"https:\/\/marieclaire.be\/fr\/wp-json\/wp\/v2\/users\/71"}],"replies":[{"embeddable":true,"href":"https:\/\/marieclaire.be\/fr\/wp-json\/wp\/v2\/comments?post=126543"}],"version-history":[{"count":12,"href":"https:\/\/marieclaire.be\/fr\/wp-json\/wp\/v2\/posts\/126543\/revisions"}],"predecessor-version":[{"id":126804,"href":"https:\/\/marieclaire.be\/fr\/wp-json\/wp\/v2\/posts\/126543\/revisions\/126804"}],"wp:featuredmedia":[{"embeddable":true,"href":"https:\/\/marieclaire.be\/fr\/wp-json\/wp\/v2\/media\/126801"}],"wp:attachment":[{"href":"https:\/\/marieclaire.be\/fr\/wp-json\/wp\/v2\/media?parent=126543"}],"wp:term":[{"taxonomy":"category","embeddable":true,"href":"https:\/\/marieclaire.be\/fr\/wp-json\/wp\/v2\/categories?post=126543"},{"taxonomy":"post_tag","embeddable":true,"href":"https:\/\/marieclaire.be\/fr\/wp-json\/wp\/v2\/tags?post=126543"}],"curies":[{"name":"wp","href":"https:\/\/api.w.org\/{rel}","templated":true}]}}