{"id":125601,"date":"2025-08-29T07:45:30","date_gmt":"2025-08-29T05:45:30","guid":{"rendered":"https:\/\/marieclaire.be\/fr\/?p=125601"},"modified":"2025-08-29T10:17:53","modified_gmt":"2025-08-29T08:17:53","slug":"marche-a-pied-quotidienne-est-elle-suffisante-pour-garder-la-forme","status":"publish","type":"post","link":"https:\/\/marieclaire.be\/fr\/marche-a-pied-quotidienne-est-elle-suffisante-pour-garder-la-forme\/","title":{"rendered":"La marche \u00e0 pied quotidienne est-elle suffisante pour garder la forme ?"},"content":{"rendered":"","protected":false},"excerpt":{"rendered":"On conna\u00eet les nombreux b\u00e9n\u00e9fices de la marche \u00e0 pied, mais suffit-elle vraiment \u00e0 garder la forme ?\nGr\u00e2ce aux multiples \u00e9tudes men\u00e9es \u00e0 ce sujet, on sait aujourd\u2019hui que la marche \u00e0 pied est un outil bien-\u00eatre et sant\u00e9 de choix.","protected":false},"author":30,"featured_media":125605,"comment_status":"closed","ping_status":"closed","sticky":false,"template":"","format":"standard","meta":{"_acf_changed":false,"footnotes":""},"categories":[21,1433,78],"tags":[],"class_list":["post-125601","post","type-post","status-publish","format-standard","has-post-thumbnail","hentry","category-wellness","category-sante","category-sport"],"acf":[],"_yoast_wpseo_title":null,"_yoast_wpseo_metadesc":"On conna\u00eet les nombreux b\u00e9n\u00e9fices de la marche \u00e0 pied, mais suffit-elle vraiment \u00e0 garder la forme ?","image_verticale":"125604","yoast_head":"<!-- This site is optimized with the Yoast SEO plugin v27.3 - https:\/\/yoast.com\/product\/yoast-seo-wordpress\/ -->\n<title>La marche \u00e0 pied quotidienne est-elle suffisante pour garder la forme ? - Marie Claire Belgique<\/title>\n<meta name=\"description\" content=\"On conna\u00eet les nombreux b\u00e9n\u00e9fices de la marche \u00e0 pied, mais suffit-elle vraiment \u00e0 garder la forme ?\" \/>\n<meta name=\"robots\" content=\"index, follow, max-snippet:-1, max-image-preview:large, max-video-preview:-1\" \/>\n<link rel=\"canonical\" href=\"https:\/\/www.marieclaire.fr\/marcher-quotidiennement-suffit-il-a-nous-maintenir-en-forme,1450918.asp\" \/>\n<link rel=\"next\" href=\"https:\/\/marieclaire.be\/fr\/marche-a-pied-quotidienne-est-elle-suffisante-pour-garder-la-forme\/2\/\" \/>\n<meta property=\"og:locale\" content=\"fr_FR\" \/>\n<meta property=\"og:type\" content=\"article\" \/>\n<meta property=\"og:title\" content=\"La marche \u00e0 pied quotidienne est-elle suffisante pour garder la forme ? - Marie Claire Belgique\" \/>\n<meta property=\"og:description\" content=\"On conna\u00eet les nombreux b\u00e9n\u00e9fices de la marche \u00e0 pied, mais suffit-elle vraiment \u00e0 garder la forme ?\" \/>\n<meta property=\"og:url\" content=\"https:\/\/www.marieclaire.fr\/marcher-quotidiennement-suffit-il-a-nous-maintenir-en-forme,1450918.asp\" \/>\n<meta property=\"og:site_name\" content=\"Marie Claire Belgique\" \/>\n<meta property=\"article:publisher\" content=\"https:\/\/www.facebook.com\/MarieClaire.Belgique\/\" \/>\n<meta property=\"article:published_time\" content=\"2025-08-29T05:45:30+00:00\" \/>\n<meta property=\"article:modified_time\" content=\"2025-08-29T08:17:53+00:00\" \/>\n<meta property=\"og:image\" content=\"https:\/\/marieclaire.be\/fr\/wp-content\/uploads\/2023\/04\/marche-a-pied.png\" \/>\n\t<meta property=\"og:image:width\" content=\"1200\" \/>\n\t<meta property=\"og:image:height\" content=\"628\" \/>\n\t<meta property=\"og:image:type\" content=\"image\/png\" \/>\n<meta name=\"author\" content=\"Malvine Sevrin\" \/>\n<meta name=\"twitter:label1\" content=\"\u00c9crit par\" \/>\n\t<meta name=\"twitter:data1\" content=\"Malvine Sevrin\" \/>\n\t<meta name=\"twitter:label2\" content=\"Dur\u00e9e de lecture estim\u00e9e\" \/>\n\t<meta name=\"twitter:data2\" content=\"4 minutes\" \/>\n<script type=\"application\/ld+json\" class=\"yoast-schema-graph\">{\"@context\":\"https:\\\/\\\/schema.org\",\"@graph\":[{\"@type\":\"NewsArticle\",\"@id\":\"https:\\\/\\\/www.marieclaire.fr\\\/marcher-quotidiennement-suffit-il-a-nous-maintenir-en-forme%2c1450918.asp#article\",\"isPartOf\":{\"@id\":\"https:\\\/\\\/marieclaire.be\\\/fr\\\/marche-a-pied-quotidienne-est-elle-suffisante-pour-garder-la-forme\\\/\"},\"author\":{\"name\":\"Malvine Sevrin\",\"@id\":\"https:\\\/\\\/marieclaire.be\\\/fr\\\/#\\\/schema\\\/person\\\/c71bd7a8c3e622513c7531a39292a34e\"},\"headline\":\"La marche \u00e0 pied quotidienne est-elle suffisante pour garder la forme ?\",\"datePublished\":\"2025-08-29T05:45:30+00:00\",\"dateModified\":\"2025-08-29T08:17:53+00:00\",\"mainEntityOfPage\":{\"@id\":\"https:\\\/\\\/marieclaire.be\\\/fr\\\/marche-a-pied-quotidienne-est-elle-suffisante-pour-garder-la-forme\\\/\"},\"wordCount\":785,\"publisher\":{\"@id\":\"https:\\\/\\\/marieclaire.be\\\/fr\\\/#organization\"},\"image\":{\"@id\":\"https:\\\/\\\/www.marieclaire.fr\\\/marcher-quotidiennement-suffit-il-a-nous-maintenir-en-forme%2c1450918.asp#primaryimage\"},\"thumbnailUrl\":\"https:\\\/\\\/marieclaire.be\\\/fr\\\/wp-content\\\/uploads\\\/2023\\\/04\\\/marche-a-pied.png\",\"articleSection\":[\"Bien-\u00eatre\",\"Sant\u00e9\",\"Sport\"],\"inLanguage\":\"fr-FR\"},{\"@type\":\"WebPage\",\"@id\":\"https:\\\/\\\/marieclaire.be\\\/fr\\\/marche-a-pied-quotidienne-est-elle-suffisante-pour-garder-la-forme\\\/\",\"url\":\"https:\\\/\\\/www.marieclaire.fr\\\/marcher-quotidiennement-suffit-il-a-nous-maintenir-en-forme%2c1450918.asp\",\"name\":\"La marche \u00e0 pied quotidienne est-elle suffisante pour garder la forme ? - Marie Claire Belgique\",\"isPartOf\":{\"@id\":\"https:\\\/\\\/marieclaire.be\\\/fr\\\/#website\"},\"primaryImageOfPage\":{\"@id\":\"https:\\\/\\\/www.marieclaire.fr\\\/marcher-quotidiennement-suffit-il-a-nous-maintenir-en-forme%2c1450918.asp#primaryimage\"},\"image\":{\"@id\":\"https:\\\/\\\/www.marieclaire.fr\\\/marcher-quotidiennement-suffit-il-a-nous-maintenir-en-forme%2c1450918.asp#primaryimage\"},\"thumbnailUrl\":\"https:\\\/\\\/marieclaire.be\\\/fr\\\/wp-content\\\/uploads\\\/2023\\\/04\\\/marche-a-pied.png\",\"datePublished\":\"2025-08-29T05:45:30+00:00\",\"dateModified\":\"2025-08-29T08:17:53+00:00\",\"description\":\"On conna\u00eet les nombreux b\u00e9n\u00e9fices de la marche \u00e0 pied, mais suffit-elle vraiment \u00e0 garder la forme ?\",\"inLanguage\":\"fr-FR\",\"potentialAction\":[{\"@type\":\"ReadAction\",\"target\":[\"https:\\\/\\\/www.marieclaire.fr\\\/marcher-quotidiennement-suffit-il-a-nous-maintenir-en-forme%2c1450918.asp\"]}]},{\"@type\":\"ImageObject\",\"inLanguage\":\"fr-FR\",\"@id\":\"https:\\\/\\\/www.marieclaire.fr\\\/marcher-quotidiennement-suffit-il-a-nous-maintenir-en-forme%2c1450918.asp#primaryimage\",\"url\":\"https:\\\/\\\/marieclaire.be\\\/fr\\\/wp-content\\\/uploads\\\/2023\\\/04\\\/marche-a-pied.png\",\"contentUrl\":\"https:\\\/\\\/marieclaire.be\\\/fr\\\/wp-content\\\/uploads\\\/2023\\\/04\\\/marche-a-pied.png\",\"width\":1200,\"height\":628,\"caption\":\"Getty Images\"},{\"@type\":\"WebSite\",\"@id\":\"https:\\\/\\\/marieclaire.be\\\/fr\\\/#website\",\"url\":\"https:\\\/\\\/marieclaire.be\\\/fr\\\/\",\"name\":\"Marie Claire Belgique\",\"description\":\"Marie Claire Belgique, le magazine du style et de l\u2019intelligence qui parle de mode, des tendances, de la beaut\u00e9, de l\u2019actualit\u00e9 et de la culture\",\"publisher\":{\"@id\":\"https:\\\/\\\/marieclaire.be\\\/fr\\\/#organization\"},\"potentialAction\":[{\"@type\":\"SearchAction\",\"target\":{\"@type\":\"EntryPoint\",\"urlTemplate\":\"https:\\\/\\\/marieclaire.be\\\/fr\\\/?s={search_term_string}\"},\"query-input\":{\"@type\":\"PropertyValueSpecification\",\"valueRequired\":true,\"valueName\":\"search_term_string\"}}],\"inLanguage\":\"fr-FR\"},{\"@type\":\"Organization\",\"@id\":\"https:\\\/\\\/marieclaire.be\\\/fr\\\/#organization\",\"name\":\"Marie Claire\",\"url\":\"https:\\\/\\\/marieclaire.be\\\/fr\\\/\",\"logo\":{\"@type\":\"ImageObject\",\"inLanguage\":\"fr-FR\",\"@id\":\"https:\\\/\\\/marieclaire.be\\\/fr\\\/#\\\/schema\\\/logo\\\/image\\\/\",\"url\":\"https:\\\/\\\/marieclaire.be\\\/fr\\\/wp-content\\\/uploads\\\/2018\\\/05\\\/mc-logo2.png\",\"contentUrl\":\"https:\\\/\\\/marieclaire.be\\\/fr\\\/wp-content\\\/uploads\\\/2018\\\/05\\\/mc-logo2.png\",\"width\":1001,\"height\":189,\"caption\":\"Marie Claire\"},\"image\":{\"@id\":\"https:\\\/\\\/marieclaire.be\\\/fr\\\/#\\\/schema\\\/logo\\\/image\\\/\"},\"sameAs\":[\"https:\\\/\\\/www.facebook.com\\\/MarieClaire.Belgique\\\/\",\"https:\\\/\\\/www.instagram.com\\\/marieclaire_belgique\\\/\",\"https:\\\/\\\/fr.pinterest.com\\\/marieclairebe\\\/\",\"https:\\\/\\\/www.youtube.com\\\/user\\\/BelgiumMarieClaire\"]},{\"@type\":\"Person\",\"@id\":\"https:\\\/\\\/marieclaire.be\\\/fr\\\/#\\\/schema\\\/person\\\/c71bd7a8c3e622513c7531a39292a34e\",\"name\":\"Malvine Sevrin\",\"image\":{\"@type\":\"ImageObject\",\"inLanguage\":\"fr-FR\",\"@id\":\"https:\\\/\\\/marieclaire.be\\\/fr\\\/wp-content\\\/uploads\\\/2017\\\/05\\\/capture-decran-2024-02-13-a-145920-96x96.png\",\"url\":\"https:\\\/\\\/marieclaire.be\\\/fr\\\/wp-content\\\/uploads\\\/2017\\\/05\\\/capture-decran-2024-02-13-a-145920-96x96.png\",\"contentUrl\":\"https:\\\/\\\/marieclaire.be\\\/fr\\\/wp-content\\\/uploads\\\/2017\\\/05\\\/capture-decran-2024-02-13-a-145920-96x96.png\",\"caption\":\"Malvine Sevrin\"},\"description\":\"Des podiums parisiens aux derni\u00e8res nouveaut\u00e9s skincare qui enflamment TikTok, je d\u00e9crypte les tendances pour Marie Claire Belgique. Passionn\u00e9e de voyage, de mode et de beaut\u00e9, je partage mes coups de coeur d\u00e9nich\u00e9s aux quatre coins du globe. En tant que r\u00e9dactrice en chef digital, j'ai \u00e9galement \u00e0 coeur de mettre en lumi\u00e8re les histoires inspirantes de femmes \u00e0 travers notre site et sur nos r\u00e9seaux sociaux.\",\"sameAs\":[\"https:\\\/\\\/www.instagram.com\\\/malvinesev\\\/\"],\"url\":\"https:\\\/\\\/marieclaire.be\\\/fr\\\/author\\\/malvine\\\/\"}]}<\/script>\n<!-- \/ Yoast SEO plugin. -->","yoast_head_json":{"title":"La marche \u00e0 pied quotidienne est-elle suffisante pour garder la forme ? - Marie Claire Belgique","description":"On conna\u00eet les nombreux b\u00e9n\u00e9fices de la marche \u00e0 pied, mais suffit-elle vraiment \u00e0 garder la forme ?","robots":{"index":"index","follow":"follow","max-snippet":"max-snippet:-1","max-image-preview":"max-image-preview:large","max-video-preview":"max-video-preview:-1"},"canonical":"https:\/\/www.marieclaire.fr\/marcher-quotidiennement-suffit-il-a-nous-maintenir-en-forme,1450918.asp","next":"https:\/\/marieclaire.be\/fr\/marche-a-pied-quotidienne-est-elle-suffisante-pour-garder-la-forme\/2\/","og_locale":"fr_FR","og_type":"article","og_title":"La marche \u00e0 pied quotidienne est-elle suffisante pour garder la forme ? - Marie Claire Belgique","og_description":"On conna\u00eet les nombreux b\u00e9n\u00e9fices de la marche \u00e0 pied, mais suffit-elle vraiment \u00e0 garder la forme ?","og_url":"https:\/\/www.marieclaire.fr\/marcher-quotidiennement-suffit-il-a-nous-maintenir-en-forme,1450918.asp","og_site_name":"Marie Claire Belgique","article_publisher":"https:\/\/www.facebook.com\/MarieClaire.Belgique\/","article_published_time":"2025-08-29T05:45:30+00:00","article_modified_time":"2025-08-29T08:17:53+00:00","og_image":[{"width":1200,"height":628,"url":"https:\/\/marieclaire.be\/fr\/wp-content\/uploads\/2023\/04\/marche-a-pied.png","type":"image\/png"}],"author":"Malvine Sevrin","twitter_misc":{"\u00c9crit par":"Malvine Sevrin","Dur\u00e9e de lecture estim\u00e9e":"4 minutes"},"schema":{"@context":"https:\/\/schema.org","@graph":[{"@type":"NewsArticle","@id":"https:\/\/www.marieclaire.fr\/marcher-quotidiennement-suffit-il-a-nous-maintenir-en-forme%2c1450918.asp#article","isPartOf":{"@id":"https:\/\/marieclaire.be\/fr\/marche-a-pied-quotidienne-est-elle-suffisante-pour-garder-la-forme\/"},"author":{"name":"Malvine Sevrin","@id":"https:\/\/marieclaire.be\/fr\/#\/schema\/person\/c71bd7a8c3e622513c7531a39292a34e"},"headline":"La marche \u00e0 pied quotidienne est-elle suffisante pour garder la forme ?","datePublished":"2025-08-29T05:45:30+00:00","dateModified":"2025-08-29T08:17:53+00:00","mainEntityOfPage":{"@id":"https:\/\/marieclaire.be\/fr\/marche-a-pied-quotidienne-est-elle-suffisante-pour-garder-la-forme\/"},"wordCount":785,"publisher":{"@id":"https:\/\/marieclaire.be\/fr\/#organization"},"image":{"@id":"https:\/\/www.marieclaire.fr\/marcher-quotidiennement-suffit-il-a-nous-maintenir-en-forme%2c1450918.asp#primaryimage"},"thumbnailUrl":"https:\/\/marieclaire.be\/fr\/wp-content\/uploads\/2023\/04\/marche-a-pied.png","articleSection":["Bien-\u00eatre","Sant\u00e9","Sport"],"inLanguage":"fr-FR"},{"@type":"WebPage","@id":"https:\/\/marieclaire.be\/fr\/marche-a-pied-quotidienne-est-elle-suffisante-pour-garder-la-forme\/","url":"https:\/\/www.marieclaire.fr\/marcher-quotidiennement-suffit-il-a-nous-maintenir-en-forme%2c1450918.asp","name":"La marche \u00e0 pied quotidienne est-elle suffisante pour garder la forme ? - Marie Claire Belgique","isPartOf":{"@id":"https:\/\/marieclaire.be\/fr\/#website"},"primaryImageOfPage":{"@id":"https:\/\/www.marieclaire.fr\/marcher-quotidiennement-suffit-il-a-nous-maintenir-en-forme%2c1450918.asp#primaryimage"},"image":{"@id":"https:\/\/www.marieclaire.fr\/marcher-quotidiennement-suffit-il-a-nous-maintenir-en-forme%2c1450918.asp#primaryimage"},"thumbnailUrl":"https:\/\/marieclaire.be\/fr\/wp-content\/uploads\/2023\/04\/marche-a-pied.png","datePublished":"2025-08-29T05:45:30+00:00","dateModified":"2025-08-29T08:17:53+00:00","description":"On conna\u00eet les nombreux b\u00e9n\u00e9fices de la marche \u00e0 pied, mais suffit-elle vraiment \u00e0 garder la forme ?","inLanguage":"fr-FR","potentialAction":[{"@type":"ReadAction","target":["https:\/\/www.marieclaire.fr\/marcher-quotidiennement-suffit-il-a-nous-maintenir-en-forme%2c1450918.asp"]}]},{"@type":"ImageObject","inLanguage":"fr-FR","@id":"https:\/\/www.marieclaire.fr\/marcher-quotidiennement-suffit-il-a-nous-maintenir-en-forme%2c1450918.asp#primaryimage","url":"https:\/\/marieclaire.be\/fr\/wp-content\/uploads\/2023\/04\/marche-a-pied.png","contentUrl":"https:\/\/marieclaire.be\/fr\/wp-content\/uploads\/2023\/04\/marche-a-pied.png","width":1200,"height":628,"caption":"Getty Images"},{"@type":"WebSite","@id":"https:\/\/marieclaire.be\/fr\/#website","url":"https:\/\/marieclaire.be\/fr\/","name":"Marie Claire Belgique","description":"Marie Claire Belgique, le magazine du style et de l\u2019intelligence qui parle de mode, des tendances, de la beaut\u00e9, de l\u2019actualit\u00e9 et de la culture","publisher":{"@id":"https:\/\/marieclaire.be\/fr\/#organization"},"potentialAction":[{"@type":"SearchAction","target":{"@type":"EntryPoint","urlTemplate":"https:\/\/marieclaire.be\/fr\/?s={search_term_string}"},"query-input":{"@type":"PropertyValueSpecification","valueRequired":true,"valueName":"search_term_string"}}],"inLanguage":"fr-FR"},{"@type":"Organization","@id":"https:\/\/marieclaire.be\/fr\/#organization","name":"Marie Claire","url":"https:\/\/marieclaire.be\/fr\/","logo":{"@type":"ImageObject","inLanguage":"fr-FR","@id":"https:\/\/marieclaire.be\/fr\/#\/schema\/logo\/image\/","url":"https:\/\/marieclaire.be\/fr\/wp-content\/uploads\/2018\/05\/mc-logo2.png","contentUrl":"https:\/\/marieclaire.be\/fr\/wp-content\/uploads\/2018\/05\/mc-logo2.png","width":1001,"height":189,"caption":"Marie Claire"},"image":{"@id":"https:\/\/marieclaire.be\/fr\/#\/schema\/logo\/image\/"},"sameAs":["https:\/\/www.facebook.com\/MarieClaire.Belgique\/","https:\/\/www.instagram.com\/marieclaire_belgique\/","https:\/\/fr.pinterest.com\/marieclairebe\/","https:\/\/www.youtube.com\/user\/BelgiumMarieClaire"]},{"@type":"Person","@id":"https:\/\/marieclaire.be\/fr\/#\/schema\/person\/c71bd7a8c3e622513c7531a39292a34e","name":"Malvine Sevrin","image":{"@type":"ImageObject","inLanguage":"fr-FR","@id":"https:\/\/marieclaire.be\/fr\/wp-content\/uploads\/2017\/05\/capture-decran-2024-02-13-a-145920-96x96.png","url":"https:\/\/marieclaire.be\/fr\/wp-content\/uploads\/2017\/05\/capture-decran-2024-02-13-a-145920-96x96.png","contentUrl":"https:\/\/marieclaire.be\/fr\/wp-content\/uploads\/2017\/05\/capture-decran-2024-02-13-a-145920-96x96.png","caption":"Malvine Sevrin"},"description":"Des podiums parisiens aux derni\u00e8res nouveaut\u00e9s skincare qui enflamment TikTok, je d\u00e9crypte les tendances pour Marie Claire Belgique. Passionn\u00e9e de voyage, de mode et de beaut\u00e9, je partage mes coups de coeur d\u00e9nich\u00e9s aux quatre coins du globe. En tant que r\u00e9dactrice en chef digital, j'ai \u00e9galement \u00e0 coeur de mettre en lumi\u00e8re les histoires inspirantes de femmes \u00e0 travers notre site et sur nos r\u00e9seaux sociaux.","sameAs":["https:\/\/www.instagram.com\/malvinesev\/"],"url":"https:\/\/marieclaire.be\/fr\/author\/malvine\/"}]}},"_links":{"self":[{"href":"https:\/\/marieclaire.be\/fr\/wp-json\/wp\/v2\/posts\/125601","targetHints":{"allow":["GET"]}}],"collection":[{"href":"https:\/\/marieclaire.be\/fr\/wp-json\/wp\/v2\/posts"}],"about":[{"href":"https:\/\/marieclaire.be\/fr\/wp-json\/wp\/v2\/types\/post"}],"author":[{"embeddable":true,"href":"https:\/\/marieclaire.be\/fr\/wp-json\/wp\/v2\/users\/30"}],"replies":[{"embeddable":true,"href":"https:\/\/marieclaire.be\/fr\/wp-json\/wp\/v2\/comments?post=125601"}],"version-history":[{"count":5,"href":"https:\/\/marieclaire.be\/fr\/wp-json\/wp\/v2\/posts\/125601\/revisions"}],"predecessor-version":[{"id":125609,"href":"https:\/\/marieclaire.be\/fr\/wp-json\/wp\/v2\/posts\/125601\/revisions\/125609"}],"wp:featuredmedia":[{"embeddable":true,"href":"https:\/\/marieclaire.be\/fr\/wp-json\/wp\/v2\/media\/125605"}],"wp:attachment":[{"href":"https:\/\/marieclaire.be\/fr\/wp-json\/wp\/v2\/media?parent=125601"}],"wp:term":[{"taxonomy":"category","embeddable":true,"href":"https:\/\/marieclaire.be\/fr\/wp-json\/wp\/v2\/categories?post=125601"},{"taxonomy":"post_tag","embeddable":true,"href":"https:\/\/marieclaire.be\/fr\/wp-json\/wp\/v2\/tags?post=125601"}],"curies":[{"name":"wp","href":"https:\/\/api.w.org\/{rel}","templated":true}]}}