{"id":120461,"date":"2022-11-12T14:09:03","date_gmt":"2022-11-12T13:09:03","guid":{"rendered":"https:\/\/marieclaire.be\/fr\/?p=120461"},"modified":"2022-11-10T22:52:43","modified_gmt":"2022-11-10T21:52:43","slug":"quand-faut-il-opter-pour-une-voiture-familiale","status":"publish","type":"post","link":"https:\/\/marieclaire.be\/fr\/quand-faut-il-opter-pour-une-voiture-familiale\/","title":{"rendered":"Quand faut-il opter pour une voiture familiale ?"},"content":{"rendered":"","protected":false},"excerpt":{"rendered":"Les voitures familiales sont des moyens de transport que vous pouvez utiliser au quotidien ou pour les longs trajets. ...","protected":false},"author":70,"featured_media":120462,"comment_status":"closed","ping_status":"closed","sticky":false,"template":"","format":"standard","meta":{"_acf_changed":false,"footnotes":""},"categories":[67,1725],"tags":[],"class_list":["post-120461","post","type-post","status-publish","format-standard","has-post-thumbnail","hentry","category-lifestyle","category-vie-pratique"],"acf":[],"_yoast_wpseo_title":"Guide du choix d\u2019une voiture familiale","_yoast_wpseo_metadesc":"Les voitures familiales sont un segment automobile qui s\u00e9duit de plus en plus. D\u00e9couvrez pourquoi les adopter et comment les choisir.","image_verticale":"","yoast_head":"<!-- This site is optimized with the Yoast SEO plugin v27.3 - https:\/\/yoast.com\/product\/yoast-seo-wordpress\/ -->\n<title>Guide du choix d\u2019une voiture familiale<\/title>\n<meta name=\"description\" content=\"Les voitures familiales sont un segment automobile qui s\u00e9duit de plus en plus. D\u00e9couvrez pourquoi les adopter et comment les choisir.\" \/>\n<meta name=\"robots\" content=\"index, follow, max-snippet:-1, max-image-preview:large, max-video-preview:-1\" \/>\n<link rel=\"canonical\" href=\"https:\/\/marieclaire.be\/fr\/quand-faut-il-opter-pour-une-voiture-familiale\/\" \/>\n<meta property=\"og:locale\" content=\"fr_FR\" \/>\n<meta property=\"og:type\" content=\"article\" \/>\n<meta property=\"og:title\" content=\"Guide du choix d\u2019une voiture familiale\" \/>\n<meta property=\"og:description\" content=\"Les voitures familiales sont un segment automobile qui s\u00e9duit de plus en plus. D\u00e9couvrez pourquoi les adopter et comment les choisir.\" \/>\n<meta property=\"og:url\" content=\"https:\/\/marieclaire.be\/fr\/quand-faut-il-opter-pour-une-voiture-familiale\/\" \/>\n<meta property=\"og:site_name\" content=\"Marie Claire Belgique\" \/>\n<meta property=\"article:publisher\" content=\"https:\/\/www.facebook.com\/MarieClaire.Belgique\/\" \/>\n<meta property=\"article:published_time\" content=\"2022-11-12T13:09:03+00:00\" \/>\n<meta property=\"og:image\" content=\"https:\/\/marieclaire.be\/fr\/wp-content\/uploads\/2022\/11\/shutterstock-2051440676-min-compressed-scaled.jpg\" \/>\n\t<meta property=\"og:image:width\" content=\"2048\" \/>\n\t<meta property=\"og:image:height\" content=\"1228\" \/>\n\t<meta property=\"og:image:type\" content=\"image\/jpeg\" \/>\n<meta name=\"author\" content=\"Marie Claire Partenaire\" \/>\n<meta name=\"twitter:label1\" content=\"\u00c9crit par\" \/>\n\t<meta name=\"twitter:data1\" content=\"Marie Claire Partenaire\" \/>\n\t<meta name=\"twitter:label2\" content=\"Dur\u00e9e de lecture estim\u00e9e\" \/>\n\t<meta name=\"twitter:data2\" content=\"2 minutes\" \/>\n<script type=\"application\/ld+json\" class=\"yoast-schema-graph\">{\"@context\":\"https:\\\/\\\/schema.org\",\"@graph\":[{\"@type\":\"NewsArticle\",\"@id\":\"https:\\\/\\\/marieclaire.be\\\/fr\\\/quand-faut-il-opter-pour-une-voiture-familiale\\\/#article\",\"isPartOf\":{\"@id\":\"https:\\\/\\\/marieclaire.be\\\/fr\\\/quand-faut-il-opter-pour-une-voiture-familiale\\\/\"},\"author\":{\"name\":\"Marie Claire Partenaire\",\"@id\":\"https:\\\/\\\/marieclaire.be\\\/fr\\\/#\\\/schema\\\/person\\\/c9f308ff3e5a63cb3efc0ae1c0c0a3fd\"},\"headline\":\"Quand faut-il opter pour une voiture familiale ?\",\"datePublished\":\"2022-11-12T13:09:03+00:00\",\"mainEntityOfPage\":{\"@id\":\"https:\\\/\\\/marieclaire.be\\\/fr\\\/quand-faut-il-opter-pour-une-voiture-familiale\\\/\"},\"wordCount\":427,\"publisher\":{\"@id\":\"https:\\\/\\\/marieclaire.be\\\/fr\\\/#organization\"},\"image\":{\"@id\":\"https:\\\/\\\/marieclaire.be\\\/fr\\\/quand-faut-il-opter-pour-une-voiture-familiale\\\/#primaryimage\"},\"thumbnailUrl\":\"https:\\\/\\\/marieclaire.be\\\/fr\\\/wp-content\\\/uploads\\\/2022\\\/11\\\/shutterstock-2051440676-min-compressed.jpg\",\"articleSection\":[\"Lifestyle\",\"Vie pratique\"],\"inLanguage\":\"fr-FR\"},{\"@type\":\"WebPage\",\"@id\":\"https:\\\/\\\/marieclaire.be\\\/fr\\\/quand-faut-il-opter-pour-une-voiture-familiale\\\/\",\"url\":\"https:\\\/\\\/marieclaire.be\\\/fr\\\/quand-faut-il-opter-pour-une-voiture-familiale\\\/\",\"name\":\"Guide du choix d\u2019une voiture familiale\",\"isPartOf\":{\"@id\":\"https:\\\/\\\/marieclaire.be\\\/fr\\\/#website\"},\"primaryImageOfPage\":{\"@id\":\"https:\\\/\\\/marieclaire.be\\\/fr\\\/quand-faut-il-opter-pour-une-voiture-familiale\\\/#primaryimage\"},\"image\":{\"@id\":\"https:\\\/\\\/marieclaire.be\\\/fr\\\/quand-faut-il-opter-pour-une-voiture-familiale\\\/#primaryimage\"},\"thumbnailUrl\":\"https:\\\/\\\/marieclaire.be\\\/fr\\\/wp-content\\\/uploads\\\/2022\\\/11\\\/shutterstock-2051440676-min-compressed.jpg\",\"datePublished\":\"2022-11-12T13:09:03+00:00\",\"description\":\"Les voitures familiales sont un segment automobile qui s\u00e9duit de plus en plus. D\u00e9couvrez pourquoi les adopter et comment les choisir.\",\"breadcrumb\":{\"@id\":\"https:\\\/\\\/marieclaire.be\\\/fr\\\/quand-faut-il-opter-pour-une-voiture-familiale\\\/#breadcrumb\"},\"inLanguage\":\"fr-FR\",\"potentialAction\":[{\"@type\":\"ReadAction\",\"target\":[\"https:\\\/\\\/marieclaire.be\\\/fr\\\/quand-faut-il-opter-pour-une-voiture-familiale\\\/\"]}]},{\"@type\":\"ImageObject\",\"inLanguage\":\"fr-FR\",\"@id\":\"https:\\\/\\\/marieclaire.be\\\/fr\\\/quand-faut-il-opter-pour-une-voiture-familiale\\\/#primaryimage\",\"url\":\"https:\\\/\\\/marieclaire.be\\\/fr\\\/wp-content\\\/uploads\\\/2022\\\/11\\\/shutterstock-2051440676-min-compressed.jpg\",\"contentUrl\":\"https:\\\/\\\/marieclaire.be\\\/fr\\\/wp-content\\\/uploads\\\/2022\\\/11\\\/shutterstock-2051440676-min-compressed.jpg\",\"width\":2048,\"height\":1228},{\"@type\":\"BreadcrumbList\",\"@id\":\"https:\\\/\\\/marieclaire.be\\\/fr\\\/quand-faut-il-opter-pour-une-voiture-familiale\\\/#breadcrumb\",\"itemListElement\":[{\"@type\":\"ListItem\",\"position\":1,\"name\":\"Accueil\",\"item\":\"https:\\\/\\\/marieclaire.be\\\/fr\\\/\"},{\"@type\":\"ListItem\",\"position\":2,\"name\":\"Quand faut-il opter pour une voiture familiale ?\"}]},{\"@type\":\"WebSite\",\"@id\":\"https:\\\/\\\/marieclaire.be\\\/fr\\\/#website\",\"url\":\"https:\\\/\\\/marieclaire.be\\\/fr\\\/\",\"name\":\"Marie Claire Belgique\",\"description\":\"Marie Claire Belgique, le magazine du style et de l\u2019intelligence qui parle de mode, des tendances, de la beaut\u00e9, de l\u2019actualit\u00e9 et de la culture\",\"publisher\":{\"@id\":\"https:\\\/\\\/marieclaire.be\\\/fr\\\/#organization\"},\"potentialAction\":[{\"@type\":\"SearchAction\",\"target\":{\"@type\":\"EntryPoint\",\"urlTemplate\":\"https:\\\/\\\/marieclaire.be\\\/fr\\\/?s={search_term_string}\"},\"query-input\":{\"@type\":\"PropertyValueSpecification\",\"valueRequired\":true,\"valueName\":\"search_term_string\"}}],\"inLanguage\":\"fr-FR\"},{\"@type\":\"Organization\",\"@id\":\"https:\\\/\\\/marieclaire.be\\\/fr\\\/#organization\",\"name\":\"Marie Claire\",\"url\":\"https:\\\/\\\/marieclaire.be\\\/fr\\\/\",\"logo\":{\"@type\":\"ImageObject\",\"inLanguage\":\"fr-FR\",\"@id\":\"https:\\\/\\\/marieclaire.be\\\/fr\\\/#\\\/schema\\\/logo\\\/image\\\/\",\"url\":\"https:\\\/\\\/marieclaire.be\\\/fr\\\/wp-content\\\/uploads\\\/2018\\\/05\\\/mc-logo2.png\",\"contentUrl\":\"https:\\\/\\\/marieclaire.be\\\/fr\\\/wp-content\\\/uploads\\\/2018\\\/05\\\/mc-logo2.png\",\"width\":1001,\"height\":189,\"caption\":\"Marie Claire\"},\"image\":{\"@id\":\"https:\\\/\\\/marieclaire.be\\\/fr\\\/#\\\/schema\\\/logo\\\/image\\\/\"},\"sameAs\":[\"https:\\\/\\\/www.facebook.com\\\/MarieClaire.Belgique\\\/\",\"https:\\\/\\\/www.instagram.com\\\/marieclaire_belgique\\\/\",\"https:\\\/\\\/fr.pinterest.com\\\/marieclairebe\\\/\",\"https:\\\/\\\/www.youtube.com\\\/user\\\/BelgiumMarieClaire\"]},{\"@type\":\"Person\",\"@id\":\"https:\\\/\\\/marieclaire.be\\\/fr\\\/#\\\/schema\\\/person\\\/c9f308ff3e5a63cb3efc0ae1c0c0a3fd\",\"name\":\"Marie Claire Partenaire\",\"image\":{\"@type\":\"ImageObject\",\"inLanguage\":\"fr-FR\",\"@id\":\"https:\\\/\\\/secure.gravatar.com\\\/avatar\\\/081d2cd4575981df403100e247f888ad2ab94033015c4f0b86a6c6d09d3d121c?s=96&d=mm&r=g\",\"url\":\"https:\\\/\\\/secure.gravatar.com\\\/avatar\\\/081d2cd4575981df403100e247f888ad2ab94033015c4f0b86a6c6d09d3d121c?s=96&d=mm&r=g\",\"contentUrl\":\"https:\\\/\\\/secure.gravatar.com\\\/avatar\\\/081d2cd4575981df403100e247f888ad2ab94033015c4f0b86a6c6d09d3d121c?s=96&d=mm&r=g\",\"caption\":\"Marie Claire Partenaire\"},\"url\":\"https:\\\/\\\/marieclaire.be\\\/fr\\\/author\\\/reworldmediaseo\\\/\"}]}<\/script>\n<!-- \/ Yoast SEO plugin. -->","yoast_head_json":{"title":"Guide du choix d\u2019une voiture familiale","description":"Les voitures familiales sont un segment automobile qui s\u00e9duit de plus en plus. D\u00e9couvrez pourquoi les adopter et comment les choisir.","robots":{"index":"index","follow":"follow","max-snippet":"max-snippet:-1","max-image-preview":"max-image-preview:large","max-video-preview":"max-video-preview:-1"},"canonical":"https:\/\/marieclaire.be\/fr\/quand-faut-il-opter-pour-une-voiture-familiale\/","og_locale":"fr_FR","og_type":"article","og_title":"Guide du choix d\u2019une voiture familiale","og_description":"Les voitures familiales sont un segment automobile qui s\u00e9duit de plus en plus. D\u00e9couvrez pourquoi les adopter et comment les choisir.","og_url":"https:\/\/marieclaire.be\/fr\/quand-faut-il-opter-pour-une-voiture-familiale\/","og_site_name":"Marie Claire Belgique","article_publisher":"https:\/\/www.facebook.com\/MarieClaire.Belgique\/","article_published_time":"2022-11-12T13:09:03+00:00","og_image":[{"width":2048,"height":1228,"url":"https:\/\/marieclaire.be\/fr\/wp-content\/uploads\/2022\/11\/shutterstock-2051440676-min-compressed-scaled.jpg","type":"image\/jpeg"}],"author":"Marie Claire Partenaire","twitter_misc":{"\u00c9crit par":"Marie Claire Partenaire","Dur\u00e9e de lecture estim\u00e9e":"2 minutes"},"schema":{"@context":"https:\/\/schema.org","@graph":[{"@type":"NewsArticle","@id":"https:\/\/marieclaire.be\/fr\/quand-faut-il-opter-pour-une-voiture-familiale\/#article","isPartOf":{"@id":"https:\/\/marieclaire.be\/fr\/quand-faut-il-opter-pour-une-voiture-familiale\/"},"author":{"name":"Marie Claire Partenaire","@id":"https:\/\/marieclaire.be\/fr\/#\/schema\/person\/c9f308ff3e5a63cb3efc0ae1c0c0a3fd"},"headline":"Quand faut-il opter pour une voiture familiale ?","datePublished":"2022-11-12T13:09:03+00:00","mainEntityOfPage":{"@id":"https:\/\/marieclaire.be\/fr\/quand-faut-il-opter-pour-une-voiture-familiale\/"},"wordCount":427,"publisher":{"@id":"https:\/\/marieclaire.be\/fr\/#organization"},"image":{"@id":"https:\/\/marieclaire.be\/fr\/quand-faut-il-opter-pour-une-voiture-familiale\/#primaryimage"},"thumbnailUrl":"https:\/\/marieclaire.be\/fr\/wp-content\/uploads\/2022\/11\/shutterstock-2051440676-min-compressed.jpg","articleSection":["Lifestyle","Vie pratique"],"inLanguage":"fr-FR"},{"@type":"WebPage","@id":"https:\/\/marieclaire.be\/fr\/quand-faut-il-opter-pour-une-voiture-familiale\/","url":"https:\/\/marieclaire.be\/fr\/quand-faut-il-opter-pour-une-voiture-familiale\/","name":"Guide du choix d\u2019une voiture familiale","isPartOf":{"@id":"https:\/\/marieclaire.be\/fr\/#website"},"primaryImageOfPage":{"@id":"https:\/\/marieclaire.be\/fr\/quand-faut-il-opter-pour-une-voiture-familiale\/#primaryimage"},"image":{"@id":"https:\/\/marieclaire.be\/fr\/quand-faut-il-opter-pour-une-voiture-familiale\/#primaryimage"},"thumbnailUrl":"https:\/\/marieclaire.be\/fr\/wp-content\/uploads\/2022\/11\/shutterstock-2051440676-min-compressed.jpg","datePublished":"2022-11-12T13:09:03+00:00","description":"Les voitures familiales sont un segment automobile qui s\u00e9duit de plus en plus. D\u00e9couvrez pourquoi les adopter et comment les choisir.","breadcrumb":{"@id":"https:\/\/marieclaire.be\/fr\/quand-faut-il-opter-pour-une-voiture-familiale\/#breadcrumb"},"inLanguage":"fr-FR","potentialAction":[{"@type":"ReadAction","target":["https:\/\/marieclaire.be\/fr\/quand-faut-il-opter-pour-une-voiture-familiale\/"]}]},{"@type":"ImageObject","inLanguage":"fr-FR","@id":"https:\/\/marieclaire.be\/fr\/quand-faut-il-opter-pour-une-voiture-familiale\/#primaryimage","url":"https:\/\/marieclaire.be\/fr\/wp-content\/uploads\/2022\/11\/shutterstock-2051440676-min-compressed.jpg","contentUrl":"https:\/\/marieclaire.be\/fr\/wp-content\/uploads\/2022\/11\/shutterstock-2051440676-min-compressed.jpg","width":2048,"height":1228},{"@type":"BreadcrumbList","@id":"https:\/\/marieclaire.be\/fr\/quand-faut-il-opter-pour-une-voiture-familiale\/#breadcrumb","itemListElement":[{"@type":"ListItem","position":1,"name":"Accueil","item":"https:\/\/marieclaire.be\/fr\/"},{"@type":"ListItem","position":2,"name":"Quand faut-il opter pour une voiture familiale ?"}]},{"@type":"WebSite","@id":"https:\/\/marieclaire.be\/fr\/#website","url":"https:\/\/marieclaire.be\/fr\/","name":"Marie Claire Belgique","description":"Marie Claire Belgique, le magazine du style et de l\u2019intelligence qui parle de mode, des tendances, de la beaut\u00e9, de l\u2019actualit\u00e9 et de la culture","publisher":{"@id":"https:\/\/marieclaire.be\/fr\/#organization"},"potentialAction":[{"@type":"SearchAction","target":{"@type":"EntryPoint","urlTemplate":"https:\/\/marieclaire.be\/fr\/?s={search_term_string}"},"query-input":{"@type":"PropertyValueSpecification","valueRequired":true,"valueName":"search_term_string"}}],"inLanguage":"fr-FR"},{"@type":"Organization","@id":"https:\/\/marieclaire.be\/fr\/#organization","name":"Marie Claire","url":"https:\/\/marieclaire.be\/fr\/","logo":{"@type":"ImageObject","inLanguage":"fr-FR","@id":"https:\/\/marieclaire.be\/fr\/#\/schema\/logo\/image\/","url":"https:\/\/marieclaire.be\/fr\/wp-content\/uploads\/2018\/05\/mc-logo2.png","contentUrl":"https:\/\/marieclaire.be\/fr\/wp-content\/uploads\/2018\/05\/mc-logo2.png","width":1001,"height":189,"caption":"Marie Claire"},"image":{"@id":"https:\/\/marieclaire.be\/fr\/#\/schema\/logo\/image\/"},"sameAs":["https:\/\/www.facebook.com\/MarieClaire.Belgique\/","https:\/\/www.instagram.com\/marieclaire_belgique\/","https:\/\/fr.pinterest.com\/marieclairebe\/","https:\/\/www.youtube.com\/user\/BelgiumMarieClaire"]},{"@type":"Person","@id":"https:\/\/marieclaire.be\/fr\/#\/schema\/person\/c9f308ff3e5a63cb3efc0ae1c0c0a3fd","name":"Marie Claire Partenaire","image":{"@type":"ImageObject","inLanguage":"fr-FR","@id":"https:\/\/secure.gravatar.com\/avatar\/081d2cd4575981df403100e247f888ad2ab94033015c4f0b86a6c6d09d3d121c?s=96&d=mm&r=g","url":"https:\/\/secure.gravatar.com\/avatar\/081d2cd4575981df403100e247f888ad2ab94033015c4f0b86a6c6d09d3d121c?s=96&d=mm&r=g","contentUrl":"https:\/\/secure.gravatar.com\/avatar\/081d2cd4575981df403100e247f888ad2ab94033015c4f0b86a6c6d09d3d121c?s=96&d=mm&r=g","caption":"Marie Claire Partenaire"},"url":"https:\/\/marieclaire.be\/fr\/author\/reworldmediaseo\/"}]}},"_links":{"self":[{"href":"https:\/\/marieclaire.be\/fr\/wp-json\/wp\/v2\/posts\/120461","targetHints":{"allow":["GET"]}}],"collection":[{"href":"https:\/\/marieclaire.be\/fr\/wp-json\/wp\/v2\/posts"}],"about":[{"href":"https:\/\/marieclaire.be\/fr\/wp-json\/wp\/v2\/types\/post"}],"author":[{"embeddable":true,"href":"https:\/\/marieclaire.be\/fr\/wp-json\/wp\/v2\/users\/70"}],"replies":[{"embeddable":true,"href":"https:\/\/marieclaire.be\/fr\/wp-json\/wp\/v2\/comments?post=120461"}],"version-history":[{"count":1,"href":"https:\/\/marieclaire.be\/fr\/wp-json\/wp\/v2\/posts\/120461\/revisions"}],"predecessor-version":[{"id":120463,"href":"https:\/\/marieclaire.be\/fr\/wp-json\/wp\/v2\/posts\/120461\/revisions\/120463"}],"wp:featuredmedia":[{"embeddable":true,"href":"https:\/\/marieclaire.be\/fr\/wp-json\/wp\/v2\/media\/120462"}],"wp:attachment":[{"href":"https:\/\/marieclaire.be\/fr\/wp-json\/wp\/v2\/media?parent=120461"}],"wp:term":[{"taxonomy":"category","embeddable":true,"href":"https:\/\/marieclaire.be\/fr\/wp-json\/wp\/v2\/categories?post=120461"},{"taxonomy":"post_tag","embeddable":true,"href":"https:\/\/marieclaire.be\/fr\/wp-json\/wp\/v2\/tags?post=120461"}],"curies":[{"name":"wp","href":"https:\/\/api.w.org\/{rel}","templated":true}]}}