{"id":119679,"date":"2022-10-18T06:15:09","date_gmt":"2022-10-18T04:15:09","guid":{"rendered":"https:\/\/marieclaire.be\/fr\/?p=119679"},"modified":"2022-10-17T11:27:19","modified_gmt":"2022-10-17T09:27:19","slug":"top-chef-arnaud-delvenne-burger-belge","status":"publish","type":"post","link":"https:\/\/marieclaire.be\/fr\/top-chef-arnaud-delvenne-burger-belge\/","title":{"rendered":"Le Top Chef Arnaud Delvenne signe un \u00ab\u00a0Black and White Burger\u00a0\u00bb 100% belge"},"content":{"rendered":"","protected":false},"excerpt":{"rendered":"Le li\u00e9geois Arnaud Delvenne est \u00e0 toutes les tables ! Apr\u00e8s une collab estivale r\u00e9ussie avec Pok\u00e9 House, c\u2019est avec la c\u00e9l\u00e8bre cha\u00eene Black and White Burger que le Top Chef s\u2019associe pour proposer en \u00e9dition limit\u00e9e un sandwich \u00e0 l\u2019accent belge.","protected":false},"author":71,"featured_media":119681,"comment_status":"closed","ping_status":"closed","sticky":false,"template":"","format":"standard","meta":{"_acf_changed":false,"footnotes":""},"categories":[806,67],"tags":[893,838],"class_list":["post-119679","post","type-post","status-publish","format-standard","has-post-thumbnail","hentry","category-food","category-lifestyle","tag-belgique","tag-restaurant"],"acf":[],"_yoast_wpseo_title":null,"_yoast_wpseo_metadesc":"Arnaud Delvenne, finaliste li\u00e9geois de Top Chef 2022, sort ses couteaux pour Black and White Burger \u00e0 l'occasion d'une collab exclusive !","image_verticale":"119680","yoast_head":"<!-- This site is optimized with the Yoast SEO plugin v27.3 - https:\/\/yoast.com\/product\/yoast-seo-wordpress\/ -->\n<title>Le Top Chef Arnaud Delvenne signe un \u00ab\u00a0Black and White Burger\u00a0\u00bb 100% belge - Marie Claire Belgique<\/title>\n<meta name=\"description\" content=\"Arnaud Delvenne, finaliste li\u00e9geois de Top Chef 2022, sort ses couteaux pour Black and White Burger \u00e0 l&#039;occasion d&#039;une collab exclusive !\" \/>\n<meta name=\"robots\" content=\"index, follow, max-snippet:-1, max-image-preview:large, max-video-preview:-1\" \/>\n<link rel=\"canonical\" href=\"https:\/\/marieclaire.be\/fr\/top-chef-arnaud-delvenne-burger-belge\/\" \/>\n<link rel=\"next\" href=\"https:\/\/marieclaire.be\/fr\/top-chef-arnaud-delvenne-burger-belge\/2\/\" \/>\n<meta property=\"og:locale\" content=\"fr_FR\" \/>\n<meta property=\"og:type\" content=\"article\" \/>\n<meta property=\"og:title\" content=\"Le Top Chef Arnaud Delvenne signe un \u00ab\u00a0Black and White Burger\u00a0\u00bb 100% belge - Marie Claire Belgique\" \/>\n<meta property=\"og:description\" content=\"Arnaud Delvenne, finaliste li\u00e9geois de Top Chef 2022, sort ses couteaux pour Black and White Burger \u00e0 l&#039;occasion d&#039;une collab exclusive !\" \/>\n<meta property=\"og:url\" content=\"https:\/\/marieclaire.be\/fr\/top-chef-arnaud-delvenne-burger-belge\/\" \/>\n<meta property=\"og:site_name\" content=\"Marie Claire Belgique\" \/>\n<meta property=\"article:publisher\" content=\"https:\/\/www.facebook.com\/MarieClaire.Belgique\/\" \/>\n<meta property=\"article:published_time\" content=\"2022-10-18T04:15:09+00:00\" \/>\n<meta property=\"og:image\" content=\"https:\/\/marieclaire.be\/fr\/wp-content\/uploads\/2022\/10\/mc-bw-burger-fb.jpg\" \/>\n\t<meta property=\"og:image:width\" content=\"1200\" \/>\n\t<meta property=\"og:image:height\" content=\"628\" \/>\n\t<meta property=\"og:image:type\" content=\"image\/jpeg\" \/>\n<meta name=\"author\" content=\"Romane Henkinbrant\" \/>\n<meta name=\"twitter:label1\" content=\"\u00c9crit par\" \/>\n\t<meta name=\"twitter:data1\" content=\"Romane Henkinbrant\" \/>\n\t<meta name=\"twitter:label2\" content=\"Dur\u00e9e de lecture estim\u00e9e\" \/>\n\t<meta name=\"twitter:data2\" content=\"2 minutes\" \/>\n<script type=\"application\/ld+json\" class=\"yoast-schema-graph\">{\"@context\":\"https:\\\/\\\/schema.org\",\"@graph\":[{\"@type\":\"NewsArticle\",\"@id\":\"https:\\\/\\\/marieclaire.be\\\/fr\\\/top-chef-arnaud-delvenne-burger-belge\\\/#article\",\"isPartOf\":{\"@id\":\"https:\\\/\\\/marieclaire.be\\\/fr\\\/top-chef-arnaud-delvenne-burger-belge\\\/\"},\"author\":{\"name\":\"Romane Henkinbrant\",\"@id\":\"https:\\\/\\\/marieclaire.be\\\/fr\\\/#\\\/schema\\\/person\\\/7e552cfe4a87823753ac7fca7a28b705\"},\"headline\":\"Le Top Chef Arnaud Delvenne signe un \u00ab\u00a0Black and White Burger\u00a0\u00bb 100% belge\",\"datePublished\":\"2022-10-18T04:15:09+00:00\",\"mainEntityOfPage\":{\"@id\":\"https:\\\/\\\/marieclaire.be\\\/fr\\\/top-chef-arnaud-delvenne-burger-belge\\\/\"},\"wordCount\":332,\"publisher\":{\"@id\":\"https:\\\/\\\/marieclaire.be\\\/fr\\\/#organization\"},\"image\":{\"@id\":\"https:\\\/\\\/marieclaire.be\\\/fr\\\/top-chef-arnaud-delvenne-burger-belge\\\/#primaryimage\"},\"thumbnailUrl\":\"https:\\\/\\\/marieclaire.be\\\/fr\\\/wp-content\\\/uploads\\\/2022\\\/10\\\/mc-bw-burger-fb.jpg\",\"keywords\":[\"belgique\",\"restaurant\"],\"articleSection\":[\"Food\",\"Lifestyle\"],\"inLanguage\":\"fr-FR\"},{\"@type\":\"WebPage\",\"@id\":\"https:\\\/\\\/marieclaire.be\\\/fr\\\/top-chef-arnaud-delvenne-burger-belge\\\/\",\"url\":\"https:\\\/\\\/marieclaire.be\\\/fr\\\/top-chef-arnaud-delvenne-burger-belge\\\/\",\"name\":\"Le Top Chef Arnaud Delvenne signe un \u00ab\u00a0Black and White Burger\u00a0\u00bb 100% belge - Marie Claire Belgique\",\"isPartOf\":{\"@id\":\"https:\\\/\\\/marieclaire.be\\\/fr\\\/#website\"},\"primaryImageOfPage\":{\"@id\":\"https:\\\/\\\/marieclaire.be\\\/fr\\\/top-chef-arnaud-delvenne-burger-belge\\\/#primaryimage\"},\"image\":{\"@id\":\"https:\\\/\\\/marieclaire.be\\\/fr\\\/top-chef-arnaud-delvenne-burger-belge\\\/#primaryimage\"},\"thumbnailUrl\":\"https:\\\/\\\/marieclaire.be\\\/fr\\\/wp-content\\\/uploads\\\/2022\\\/10\\\/mc-bw-burger-fb.jpg\",\"datePublished\":\"2022-10-18T04:15:09+00:00\",\"description\":\"Arnaud Delvenne, finaliste li\u00e9geois de Top Chef 2022, sort ses couteaux pour Black and White Burger \u00e0 l'occasion d'une collab exclusive !\",\"inLanguage\":\"fr-FR\",\"potentialAction\":[{\"@type\":\"ReadAction\",\"target\":[\"https:\\\/\\\/marieclaire.be\\\/fr\\\/top-chef-arnaud-delvenne-burger-belge\\\/\"]}]},{\"@type\":\"ImageObject\",\"inLanguage\":\"fr-FR\",\"@id\":\"https:\\\/\\\/marieclaire.be\\\/fr\\\/top-chef-arnaud-delvenne-burger-belge\\\/#primaryimage\",\"url\":\"https:\\\/\\\/marieclaire.be\\\/fr\\\/wp-content\\\/uploads\\\/2022\\\/10\\\/mc-bw-burger-fb.jpg\",\"contentUrl\":\"https:\\\/\\\/marieclaire.be\\\/fr\\\/wp-content\\\/uploads\\\/2022\\\/10\\\/mc-bw-burger-fb.jpg\",\"width\":1200,\"height\":628,\"caption\":\"Presse\"},{\"@type\":\"WebSite\",\"@id\":\"https:\\\/\\\/marieclaire.be\\\/fr\\\/#website\",\"url\":\"https:\\\/\\\/marieclaire.be\\\/fr\\\/\",\"name\":\"Marie Claire Belgique\",\"description\":\"Marie Claire Belgique, le magazine du style et de l\u2019intelligence qui parle de mode, des tendances, de la beaut\u00e9, de l\u2019actualit\u00e9 et de la culture\",\"publisher\":{\"@id\":\"https:\\\/\\\/marieclaire.be\\\/fr\\\/#organization\"},\"potentialAction\":[{\"@type\":\"SearchAction\",\"target\":{\"@type\":\"EntryPoint\",\"urlTemplate\":\"https:\\\/\\\/marieclaire.be\\\/fr\\\/?s={search_term_string}\"},\"query-input\":{\"@type\":\"PropertyValueSpecification\",\"valueRequired\":true,\"valueName\":\"search_term_string\"}}],\"inLanguage\":\"fr-FR\"},{\"@type\":\"Organization\",\"@id\":\"https:\\\/\\\/marieclaire.be\\\/fr\\\/#organization\",\"name\":\"Marie Claire\",\"url\":\"https:\\\/\\\/marieclaire.be\\\/fr\\\/\",\"logo\":{\"@type\":\"ImageObject\",\"inLanguage\":\"fr-FR\",\"@id\":\"https:\\\/\\\/marieclaire.be\\\/fr\\\/#\\\/schema\\\/logo\\\/image\\\/\",\"url\":\"https:\\\/\\\/marieclaire.be\\\/fr\\\/wp-content\\\/uploads\\\/2018\\\/05\\\/mc-logo2.png\",\"contentUrl\":\"https:\\\/\\\/marieclaire.be\\\/fr\\\/wp-content\\\/uploads\\\/2018\\\/05\\\/mc-logo2.png\",\"width\":1001,\"height\":189,\"caption\":\"Marie Claire\"},\"image\":{\"@id\":\"https:\\\/\\\/marieclaire.be\\\/fr\\\/#\\\/schema\\\/logo\\\/image\\\/\"},\"sameAs\":[\"https:\\\/\\\/www.facebook.com\\\/MarieClaire.Belgique\\\/\",\"https:\\\/\\\/www.instagram.com\\\/marieclaire_belgique\\\/\",\"https:\\\/\\\/fr.pinterest.com\\\/marieclairebe\\\/\",\"https:\\\/\\\/www.youtube.com\\\/user\\\/BelgiumMarieClaire\"]},{\"@type\":\"Person\",\"@id\":\"https:\\\/\\\/marieclaire.be\\\/fr\\\/#\\\/schema\\\/person\\\/7e552cfe4a87823753ac7fca7a28b705\",\"name\":\"Romane Henkinbrant\",\"image\":{\"@type\":\"ImageObject\",\"inLanguage\":\"fr-FR\",\"@id\":\"https:\\\/\\\/marieclaire.be\\\/fr\\\/wp-content\\\/uploads\\\/2022\\\/10\\\/cbc74c76-01fc-4f4e-ad26-e1f297d2eb35-96x96.jpg\",\"url\":\"https:\\\/\\\/marieclaire.be\\\/fr\\\/wp-content\\\/uploads\\\/2022\\\/10\\\/cbc74c76-01fc-4f4e-ad26-e1f297d2eb35-96x96.jpg\",\"contentUrl\":\"https:\\\/\\\/marieclaire.be\\\/fr\\\/wp-content\\\/uploads\\\/2022\\\/10\\\/cbc74c76-01fc-4f4e-ad26-e1f297d2eb35-96x96.jpg\",\"caption\":\"Romane Henkinbrant\"},\"description\":\"Grande affam\u00e9e toujours en qu\u00eate des derni\u00e8res adresses durables, des meilleurs vins naturels et produits locaux, qui croit fermement que manger en dit autant sur soi que sur celleux qui nous entourent.\",\"sameAs\":[\"https:\\\/\\\/www.instagram.com\\\/romane_hkbt\\\/\"],\"url\":\"https:\\\/\\\/marieclaire.be\\\/fr\\\/author\\\/romanehenkinbranthotmail-com\\\/\"}]}<\/script>\n<!-- \/ Yoast SEO plugin. -->","yoast_head_json":{"title":"Le Top Chef Arnaud Delvenne signe un \u00ab\u00a0Black and White Burger\u00a0\u00bb 100% belge - Marie Claire Belgique","description":"Arnaud Delvenne, finaliste li\u00e9geois de Top Chef 2022, sort ses couteaux pour Black and White Burger \u00e0 l'occasion d'une collab exclusive !","robots":{"index":"index","follow":"follow","max-snippet":"max-snippet:-1","max-image-preview":"max-image-preview:large","max-video-preview":"max-video-preview:-1"},"canonical":"https:\/\/marieclaire.be\/fr\/top-chef-arnaud-delvenne-burger-belge\/","next":"https:\/\/marieclaire.be\/fr\/top-chef-arnaud-delvenne-burger-belge\/2\/","og_locale":"fr_FR","og_type":"article","og_title":"Le Top Chef Arnaud Delvenne signe un \u00ab\u00a0Black and White Burger\u00a0\u00bb 100% belge - Marie Claire Belgique","og_description":"Arnaud Delvenne, finaliste li\u00e9geois de Top Chef 2022, sort ses couteaux pour Black and White Burger \u00e0 l'occasion d'une collab exclusive !","og_url":"https:\/\/marieclaire.be\/fr\/top-chef-arnaud-delvenne-burger-belge\/","og_site_name":"Marie Claire Belgique","article_publisher":"https:\/\/www.facebook.com\/MarieClaire.Belgique\/","article_published_time":"2022-10-18T04:15:09+00:00","og_image":[{"width":1200,"height":628,"url":"https:\/\/marieclaire.be\/fr\/wp-content\/uploads\/2022\/10\/mc-bw-burger-fb.jpg","type":"image\/jpeg"}],"author":"Romane Henkinbrant","twitter_misc":{"\u00c9crit par":"Romane Henkinbrant","Dur\u00e9e de lecture estim\u00e9e":"2 minutes"},"schema":{"@context":"https:\/\/schema.org","@graph":[{"@type":"NewsArticle","@id":"https:\/\/marieclaire.be\/fr\/top-chef-arnaud-delvenne-burger-belge\/#article","isPartOf":{"@id":"https:\/\/marieclaire.be\/fr\/top-chef-arnaud-delvenne-burger-belge\/"},"author":{"name":"Romane Henkinbrant","@id":"https:\/\/marieclaire.be\/fr\/#\/schema\/person\/7e552cfe4a87823753ac7fca7a28b705"},"headline":"Le Top Chef Arnaud Delvenne signe un \u00ab\u00a0Black and White Burger\u00a0\u00bb 100% belge","datePublished":"2022-10-18T04:15:09+00:00","mainEntityOfPage":{"@id":"https:\/\/marieclaire.be\/fr\/top-chef-arnaud-delvenne-burger-belge\/"},"wordCount":332,"publisher":{"@id":"https:\/\/marieclaire.be\/fr\/#organization"},"image":{"@id":"https:\/\/marieclaire.be\/fr\/top-chef-arnaud-delvenne-burger-belge\/#primaryimage"},"thumbnailUrl":"https:\/\/marieclaire.be\/fr\/wp-content\/uploads\/2022\/10\/mc-bw-burger-fb.jpg","keywords":["belgique","restaurant"],"articleSection":["Food","Lifestyle"],"inLanguage":"fr-FR"},{"@type":"WebPage","@id":"https:\/\/marieclaire.be\/fr\/top-chef-arnaud-delvenne-burger-belge\/","url":"https:\/\/marieclaire.be\/fr\/top-chef-arnaud-delvenne-burger-belge\/","name":"Le Top Chef Arnaud Delvenne signe un \u00ab\u00a0Black and White Burger\u00a0\u00bb 100% belge - Marie Claire Belgique","isPartOf":{"@id":"https:\/\/marieclaire.be\/fr\/#website"},"primaryImageOfPage":{"@id":"https:\/\/marieclaire.be\/fr\/top-chef-arnaud-delvenne-burger-belge\/#primaryimage"},"image":{"@id":"https:\/\/marieclaire.be\/fr\/top-chef-arnaud-delvenne-burger-belge\/#primaryimage"},"thumbnailUrl":"https:\/\/marieclaire.be\/fr\/wp-content\/uploads\/2022\/10\/mc-bw-burger-fb.jpg","datePublished":"2022-10-18T04:15:09+00:00","description":"Arnaud Delvenne, finaliste li\u00e9geois de Top Chef 2022, sort ses couteaux pour Black and White Burger \u00e0 l'occasion d'une collab exclusive !","inLanguage":"fr-FR","potentialAction":[{"@type":"ReadAction","target":["https:\/\/marieclaire.be\/fr\/top-chef-arnaud-delvenne-burger-belge\/"]}]},{"@type":"ImageObject","inLanguage":"fr-FR","@id":"https:\/\/marieclaire.be\/fr\/top-chef-arnaud-delvenne-burger-belge\/#primaryimage","url":"https:\/\/marieclaire.be\/fr\/wp-content\/uploads\/2022\/10\/mc-bw-burger-fb.jpg","contentUrl":"https:\/\/marieclaire.be\/fr\/wp-content\/uploads\/2022\/10\/mc-bw-burger-fb.jpg","width":1200,"height":628,"caption":"Presse"},{"@type":"WebSite","@id":"https:\/\/marieclaire.be\/fr\/#website","url":"https:\/\/marieclaire.be\/fr\/","name":"Marie Claire Belgique","description":"Marie Claire Belgique, le magazine du style et de l\u2019intelligence qui parle de mode, des tendances, de la beaut\u00e9, de l\u2019actualit\u00e9 et de la culture","publisher":{"@id":"https:\/\/marieclaire.be\/fr\/#organization"},"potentialAction":[{"@type":"SearchAction","target":{"@type":"EntryPoint","urlTemplate":"https:\/\/marieclaire.be\/fr\/?s={search_term_string}"},"query-input":{"@type":"PropertyValueSpecification","valueRequired":true,"valueName":"search_term_string"}}],"inLanguage":"fr-FR"},{"@type":"Organization","@id":"https:\/\/marieclaire.be\/fr\/#organization","name":"Marie Claire","url":"https:\/\/marieclaire.be\/fr\/","logo":{"@type":"ImageObject","inLanguage":"fr-FR","@id":"https:\/\/marieclaire.be\/fr\/#\/schema\/logo\/image\/","url":"https:\/\/marieclaire.be\/fr\/wp-content\/uploads\/2018\/05\/mc-logo2.png","contentUrl":"https:\/\/marieclaire.be\/fr\/wp-content\/uploads\/2018\/05\/mc-logo2.png","width":1001,"height":189,"caption":"Marie Claire"},"image":{"@id":"https:\/\/marieclaire.be\/fr\/#\/schema\/logo\/image\/"},"sameAs":["https:\/\/www.facebook.com\/MarieClaire.Belgique\/","https:\/\/www.instagram.com\/marieclaire_belgique\/","https:\/\/fr.pinterest.com\/marieclairebe\/","https:\/\/www.youtube.com\/user\/BelgiumMarieClaire"]},{"@type":"Person","@id":"https:\/\/marieclaire.be\/fr\/#\/schema\/person\/7e552cfe4a87823753ac7fca7a28b705","name":"Romane Henkinbrant","image":{"@type":"ImageObject","inLanguage":"fr-FR","@id":"https:\/\/marieclaire.be\/fr\/wp-content\/uploads\/2022\/10\/cbc74c76-01fc-4f4e-ad26-e1f297d2eb35-96x96.jpg","url":"https:\/\/marieclaire.be\/fr\/wp-content\/uploads\/2022\/10\/cbc74c76-01fc-4f4e-ad26-e1f297d2eb35-96x96.jpg","contentUrl":"https:\/\/marieclaire.be\/fr\/wp-content\/uploads\/2022\/10\/cbc74c76-01fc-4f4e-ad26-e1f297d2eb35-96x96.jpg","caption":"Romane Henkinbrant"},"description":"Grande affam\u00e9e toujours en qu\u00eate des derni\u00e8res adresses durables, des meilleurs vins naturels et produits locaux, qui croit fermement que manger en dit autant sur soi que sur celleux qui nous entourent.","sameAs":["https:\/\/www.instagram.com\/romane_hkbt\/"],"url":"https:\/\/marieclaire.be\/fr\/author\/romanehenkinbranthotmail-com\/"}]}},"_links":{"self":[{"href":"https:\/\/marieclaire.be\/fr\/wp-json\/wp\/v2\/posts\/119679","targetHints":{"allow":["GET"]}}],"collection":[{"href":"https:\/\/marieclaire.be\/fr\/wp-json\/wp\/v2\/posts"}],"about":[{"href":"https:\/\/marieclaire.be\/fr\/wp-json\/wp\/v2\/types\/post"}],"author":[{"embeddable":true,"href":"https:\/\/marieclaire.be\/fr\/wp-json\/wp\/v2\/users\/71"}],"replies":[{"embeddable":true,"href":"https:\/\/marieclaire.be\/fr\/wp-json\/wp\/v2\/comments?post=119679"}],"version-history":[{"count":7,"href":"https:\/\/marieclaire.be\/fr\/wp-json\/wp\/v2\/posts\/119679\/revisions"}],"predecessor-version":[{"id":119688,"href":"https:\/\/marieclaire.be\/fr\/wp-json\/wp\/v2\/posts\/119679\/revisions\/119688"}],"wp:featuredmedia":[{"embeddable":true,"href":"https:\/\/marieclaire.be\/fr\/wp-json\/wp\/v2\/media\/119681"}],"wp:attachment":[{"href":"https:\/\/marieclaire.be\/fr\/wp-json\/wp\/v2\/media?parent=119679"}],"wp:term":[{"taxonomy":"category","embeddable":true,"href":"https:\/\/marieclaire.be\/fr\/wp-json\/wp\/v2\/categories?post=119679"},{"taxonomy":"post_tag","embeddable":true,"href":"https:\/\/marieclaire.be\/fr\/wp-json\/wp\/v2\/tags?post=119679"}],"curies":[{"name":"wp","href":"https:\/\/api.w.org\/{rel}","templated":true}]}}