{"id":118336,"date":"2022-08-26T07:23:55","date_gmt":"2022-08-26T05:23:55","guid":{"rendered":"https:\/\/marieclaire.be\/fr\/?p=118336"},"modified":"2022-08-26T08:57:53","modified_gmt":"2022-08-26T06:57:53","slug":"portrait-topmodel-anouck-lepere","status":"publish","type":"post","link":"https:\/\/marieclaire.be\/fr\/portrait-topmodel-anouck-lepere\/","title":{"rendered":"Tout ce qu&#8217;il faut savoir sur notre cover girl Anouck Lep\u00e8re"},"content":{"rendered":"","protected":false},"excerpt":{"rendered":"Depuis le d\u00e9but des ann\u00e9es 2000, Anouck Lep\u00e8re a d\u00e9fil\u00e9 pour les maisons de couture les plus prestigieuses. ...","protected":false},"author":30,"featured_media":118397,"comment_status":"closed","ping_status":"closed","sticky":false,"template":"","format":"standard","meta":{"_acf_changed":false,"footnotes":""},"categories":[22,6],"tags":[],"class_list":["post-118336","post","type-post","status-publish","format-standard","has-post-thumbnail","hentry","category-defiles","category-mode"],"acf":[],"_yoast_wpseo_title":null,"_yoast_wpseo_metadesc":"Depuis le d\u00e9but des ann\u00e9es 2000, Anouck Lep\u00e8re a d\u00e9fil\u00e9 pour les maisons de couture les plus prestigieuses.","image_verticale":"118396","yoast_head":"<!-- This site is optimized with the Yoast SEO plugin v27.3 - https:\/\/yoast.com\/product\/yoast-seo-wordpress\/ -->\n<title>Tout ce qu&#039;il faut savoir sur notre cover girl Anouck Lep\u00e8re - Marie Claire Belgique<\/title>\n<meta name=\"description\" content=\"Depuis le d\u00e9but des ann\u00e9es 2000, Anouck Lep\u00e8re a d\u00e9fil\u00e9 pour les maisons de couture les plus prestigieuses.\" \/>\n<meta name=\"robots\" content=\"index, follow, max-snippet:-1, max-image-preview:large, max-video-preview:-1\" \/>\n<link rel=\"canonical\" href=\"https:\/\/marieclaire.be\/fr\/portrait-topmodel-anouck-lepere\/\" \/>\n<link rel=\"next\" href=\"https:\/\/marieclaire.be\/fr\/portrait-topmodel-anouck-lepere\/2\/\" \/>\n<meta property=\"og:locale\" content=\"fr_FR\" \/>\n<meta property=\"og:type\" content=\"article\" \/>\n<meta property=\"og:title\" content=\"Tout ce qu&#039;il faut savoir sur notre cover girl Anouck Lep\u00e8re - Marie Claire Belgique\" \/>\n<meta property=\"og:description\" content=\"Depuis le d\u00e9but des ann\u00e9es 2000, Anouck Lep\u00e8re a d\u00e9fil\u00e9 pour les maisons de couture les plus prestigieuses.\" \/>\n<meta property=\"og:url\" content=\"https:\/\/marieclaire.be\/fr\/portrait-topmodel-anouck-lepere\/\" \/>\n<meta property=\"og:site_name\" content=\"Marie Claire Belgique\" \/>\n<meta property=\"article:publisher\" content=\"https:\/\/www.facebook.com\/MarieClaire.Belgique\/\" \/>\n<meta property=\"article:published_time\" content=\"2022-08-26T05:23:55+00:00\" \/>\n<meta property=\"article:modified_time\" content=\"2022-08-26T06:57:53+00:00\" \/>\n<meta property=\"og:image\" content=\"https:\/\/marieclaire.be\/fr\/wp-content\/uploads\/2022\/08\/lepere-anouck.jpg\" \/>\n\t<meta property=\"og:image:width\" content=\"1200\" \/>\n\t<meta property=\"og:image:height\" content=\"628\" \/>\n\t<meta property=\"og:image:type\" content=\"image\/jpeg\" \/>\n<meta name=\"author\" content=\"Malvine Sevrin\" \/>\n<meta name=\"twitter:label1\" content=\"\u00c9crit par\" \/>\n\t<meta name=\"twitter:data1\" content=\"Malvine Sevrin\" \/>\n\t<meta name=\"twitter:label2\" content=\"Dur\u00e9e de lecture estim\u00e9e\" \/>\n\t<meta name=\"twitter:data2\" content=\"6 minutes\" \/>\n<script type=\"application\/ld+json\" class=\"yoast-schema-graph\">{\"@context\":\"https:\\\/\\\/schema.org\",\"@graph\":[{\"@type\":\"NewsArticle\",\"@id\":\"https:\\\/\\\/marieclaire.be\\\/fr\\\/portrait-topmodel-anouck-lepere\\\/#article\",\"isPartOf\":{\"@id\":\"https:\\\/\\\/marieclaire.be\\\/fr\\\/portrait-topmodel-anouck-lepere\\\/\"},\"author\":{\"name\":\"Malvine Sevrin\",\"@id\":\"https:\\\/\\\/marieclaire.be\\\/fr\\\/#\\\/schema\\\/person\\\/c71bd7a8c3e622513c7531a39292a34e\"},\"headline\":\"Tout ce qu&#8217;il faut savoir sur notre cover girl Anouck Lep\u00e8re\",\"datePublished\":\"2022-08-26T05:23:55+00:00\",\"dateModified\":\"2022-08-26T06:57:53+00:00\",\"mainEntityOfPage\":{\"@id\":\"https:\\\/\\\/marieclaire.be\\\/fr\\\/portrait-topmodel-anouck-lepere\\\/\"},\"wordCount\":1273,\"publisher\":{\"@id\":\"https:\\\/\\\/marieclaire.be\\\/fr\\\/#organization\"},\"image\":{\"@id\":\"https:\\\/\\\/marieclaire.be\\\/fr\\\/portrait-topmodel-anouck-lepere\\\/#primaryimage\"},\"thumbnailUrl\":\"https:\\\/\\\/marieclaire.be\\\/fr\\\/wp-content\\\/uploads\\\/2022\\\/08\\\/lepere-anouck.jpg\",\"articleSection\":[\"D\u00e9fil\u00e9s\",\"Mode\"],\"inLanguage\":\"fr-FR\"},{\"@type\":\"WebPage\",\"@id\":\"https:\\\/\\\/marieclaire.be\\\/fr\\\/portrait-topmodel-anouck-lepere\\\/\",\"url\":\"https:\\\/\\\/marieclaire.be\\\/fr\\\/portrait-topmodel-anouck-lepere\\\/\",\"name\":\"Tout ce qu'il faut savoir sur notre cover girl Anouck Lep\u00e8re - Marie Claire Belgique\",\"isPartOf\":{\"@id\":\"https:\\\/\\\/marieclaire.be\\\/fr\\\/#website\"},\"primaryImageOfPage\":{\"@id\":\"https:\\\/\\\/marieclaire.be\\\/fr\\\/portrait-topmodel-anouck-lepere\\\/#primaryimage\"},\"image\":{\"@id\":\"https:\\\/\\\/marieclaire.be\\\/fr\\\/portrait-topmodel-anouck-lepere\\\/#primaryimage\"},\"thumbnailUrl\":\"https:\\\/\\\/marieclaire.be\\\/fr\\\/wp-content\\\/uploads\\\/2022\\\/08\\\/lepere-anouck.jpg\",\"datePublished\":\"2022-08-26T05:23:55+00:00\",\"dateModified\":\"2022-08-26T06:57:53+00:00\",\"description\":\"Depuis le d\u00e9but des ann\u00e9es 2000, Anouck Lep\u00e8re a d\u00e9fil\u00e9 pour les maisons de couture les plus prestigieuses.\",\"inLanguage\":\"fr-FR\",\"potentialAction\":[{\"@type\":\"ReadAction\",\"target\":[\"https:\\\/\\\/marieclaire.be\\\/fr\\\/portrait-topmodel-anouck-lepere\\\/\"]}]},{\"@type\":\"ImageObject\",\"inLanguage\":\"fr-FR\",\"@id\":\"https:\\\/\\\/marieclaire.be\\\/fr\\\/portrait-topmodel-anouck-lepere\\\/#primaryimage\",\"url\":\"https:\\\/\\\/marieclaire.be\\\/fr\\\/wp-content\\\/uploads\\\/2022\\\/08\\\/lepere-anouck.jpg\",\"contentUrl\":\"https:\\\/\\\/marieclaire.be\\\/fr\\\/wp-content\\\/uploads\\\/2022\\\/08\\\/lepere-anouck.jpg\",\"width\":1200,\"height\":628,\"caption\":\"Emil Pabon\"},{\"@type\":\"WebSite\",\"@id\":\"https:\\\/\\\/marieclaire.be\\\/fr\\\/#website\",\"url\":\"https:\\\/\\\/marieclaire.be\\\/fr\\\/\",\"name\":\"Marie Claire Belgique\",\"description\":\"Marie Claire Belgique, le magazine du style et de l\u2019intelligence qui parle de mode, des tendances, de la beaut\u00e9, de l\u2019actualit\u00e9 et de la culture\",\"publisher\":{\"@id\":\"https:\\\/\\\/marieclaire.be\\\/fr\\\/#organization\"},\"potentialAction\":[{\"@type\":\"SearchAction\",\"target\":{\"@type\":\"EntryPoint\",\"urlTemplate\":\"https:\\\/\\\/marieclaire.be\\\/fr\\\/?s={search_term_string}\"},\"query-input\":{\"@type\":\"PropertyValueSpecification\",\"valueRequired\":true,\"valueName\":\"search_term_string\"}}],\"inLanguage\":\"fr-FR\"},{\"@type\":\"Organization\",\"@id\":\"https:\\\/\\\/marieclaire.be\\\/fr\\\/#organization\",\"name\":\"Marie Claire\",\"url\":\"https:\\\/\\\/marieclaire.be\\\/fr\\\/\",\"logo\":{\"@type\":\"ImageObject\",\"inLanguage\":\"fr-FR\",\"@id\":\"https:\\\/\\\/marieclaire.be\\\/fr\\\/#\\\/schema\\\/logo\\\/image\\\/\",\"url\":\"https:\\\/\\\/marieclaire.be\\\/fr\\\/wp-content\\\/uploads\\\/2018\\\/05\\\/mc-logo2.png\",\"contentUrl\":\"https:\\\/\\\/marieclaire.be\\\/fr\\\/wp-content\\\/uploads\\\/2018\\\/05\\\/mc-logo2.png\",\"width\":1001,\"height\":189,\"caption\":\"Marie Claire\"},\"image\":{\"@id\":\"https:\\\/\\\/marieclaire.be\\\/fr\\\/#\\\/schema\\\/logo\\\/image\\\/\"},\"sameAs\":[\"https:\\\/\\\/www.facebook.com\\\/MarieClaire.Belgique\\\/\",\"https:\\\/\\\/www.instagram.com\\\/marieclaire_belgique\\\/\",\"https:\\\/\\\/fr.pinterest.com\\\/marieclairebe\\\/\",\"https:\\\/\\\/www.youtube.com\\\/user\\\/BelgiumMarieClaire\"]},{\"@type\":\"Person\",\"@id\":\"https:\\\/\\\/marieclaire.be\\\/fr\\\/#\\\/schema\\\/person\\\/c71bd7a8c3e622513c7531a39292a34e\",\"name\":\"Malvine Sevrin\",\"image\":{\"@type\":\"ImageObject\",\"inLanguage\":\"fr-FR\",\"@id\":\"https:\\\/\\\/marieclaire.be\\\/fr\\\/wp-content\\\/uploads\\\/2017\\\/05\\\/capture-decran-2024-02-13-a-145920-96x96.png\",\"url\":\"https:\\\/\\\/marieclaire.be\\\/fr\\\/wp-content\\\/uploads\\\/2017\\\/05\\\/capture-decran-2024-02-13-a-145920-96x96.png\",\"contentUrl\":\"https:\\\/\\\/marieclaire.be\\\/fr\\\/wp-content\\\/uploads\\\/2017\\\/05\\\/capture-decran-2024-02-13-a-145920-96x96.png\",\"caption\":\"Malvine Sevrin\"},\"description\":\"Des podiums parisiens aux derni\u00e8res nouveaut\u00e9s skincare qui enflamment TikTok, je d\u00e9crypte les tendances pour Marie Claire Belgique. Passionn\u00e9e de voyage, de mode et de beaut\u00e9, je partage mes coups de coeur d\u00e9nich\u00e9s aux quatre coins du globe. En tant que r\u00e9dactrice en chef digital, j'ai \u00e9galement \u00e0 coeur de mettre en lumi\u00e8re les histoires inspirantes de femmes \u00e0 travers notre site et sur nos r\u00e9seaux sociaux.\",\"sameAs\":[\"https:\\\/\\\/www.instagram.com\\\/malvinesev\\\/\"],\"url\":\"https:\\\/\\\/marieclaire.be\\\/fr\\\/author\\\/malvine\\\/\"}]}<\/script>\n<!-- \/ Yoast SEO plugin. -->","yoast_head_json":{"title":"Tout ce qu'il faut savoir sur notre cover girl Anouck Lep\u00e8re - Marie Claire Belgique","description":"Depuis le d\u00e9but des ann\u00e9es 2000, Anouck Lep\u00e8re a d\u00e9fil\u00e9 pour les maisons de couture les plus prestigieuses.","robots":{"index":"index","follow":"follow","max-snippet":"max-snippet:-1","max-image-preview":"max-image-preview:large","max-video-preview":"max-video-preview:-1"},"canonical":"https:\/\/marieclaire.be\/fr\/portrait-topmodel-anouck-lepere\/","next":"https:\/\/marieclaire.be\/fr\/portrait-topmodel-anouck-lepere\/2\/","og_locale":"fr_FR","og_type":"article","og_title":"Tout ce qu'il faut savoir sur notre cover girl Anouck Lep\u00e8re - Marie Claire Belgique","og_description":"Depuis le d\u00e9but des ann\u00e9es 2000, Anouck Lep\u00e8re a d\u00e9fil\u00e9 pour les maisons de couture les plus prestigieuses.","og_url":"https:\/\/marieclaire.be\/fr\/portrait-topmodel-anouck-lepere\/","og_site_name":"Marie Claire Belgique","article_publisher":"https:\/\/www.facebook.com\/MarieClaire.Belgique\/","article_published_time":"2022-08-26T05:23:55+00:00","article_modified_time":"2022-08-26T06:57:53+00:00","og_image":[{"width":1200,"height":628,"url":"https:\/\/marieclaire.be\/fr\/wp-content\/uploads\/2022\/08\/lepere-anouck.jpg","type":"image\/jpeg"}],"author":"Malvine Sevrin","twitter_misc":{"\u00c9crit par":"Malvine Sevrin","Dur\u00e9e de lecture estim\u00e9e":"6 minutes"},"schema":{"@context":"https:\/\/schema.org","@graph":[{"@type":"NewsArticle","@id":"https:\/\/marieclaire.be\/fr\/portrait-topmodel-anouck-lepere\/#article","isPartOf":{"@id":"https:\/\/marieclaire.be\/fr\/portrait-topmodel-anouck-lepere\/"},"author":{"name":"Malvine Sevrin","@id":"https:\/\/marieclaire.be\/fr\/#\/schema\/person\/c71bd7a8c3e622513c7531a39292a34e"},"headline":"Tout ce qu&#8217;il faut savoir sur notre cover girl Anouck Lep\u00e8re","datePublished":"2022-08-26T05:23:55+00:00","dateModified":"2022-08-26T06:57:53+00:00","mainEntityOfPage":{"@id":"https:\/\/marieclaire.be\/fr\/portrait-topmodel-anouck-lepere\/"},"wordCount":1273,"publisher":{"@id":"https:\/\/marieclaire.be\/fr\/#organization"},"image":{"@id":"https:\/\/marieclaire.be\/fr\/portrait-topmodel-anouck-lepere\/#primaryimage"},"thumbnailUrl":"https:\/\/marieclaire.be\/fr\/wp-content\/uploads\/2022\/08\/lepere-anouck.jpg","articleSection":["D\u00e9fil\u00e9s","Mode"],"inLanguage":"fr-FR"},{"@type":"WebPage","@id":"https:\/\/marieclaire.be\/fr\/portrait-topmodel-anouck-lepere\/","url":"https:\/\/marieclaire.be\/fr\/portrait-topmodel-anouck-lepere\/","name":"Tout ce qu'il faut savoir sur notre cover girl Anouck Lep\u00e8re - Marie Claire Belgique","isPartOf":{"@id":"https:\/\/marieclaire.be\/fr\/#website"},"primaryImageOfPage":{"@id":"https:\/\/marieclaire.be\/fr\/portrait-topmodel-anouck-lepere\/#primaryimage"},"image":{"@id":"https:\/\/marieclaire.be\/fr\/portrait-topmodel-anouck-lepere\/#primaryimage"},"thumbnailUrl":"https:\/\/marieclaire.be\/fr\/wp-content\/uploads\/2022\/08\/lepere-anouck.jpg","datePublished":"2022-08-26T05:23:55+00:00","dateModified":"2022-08-26T06:57:53+00:00","description":"Depuis le d\u00e9but des ann\u00e9es 2000, Anouck Lep\u00e8re a d\u00e9fil\u00e9 pour les maisons de couture les plus prestigieuses.","inLanguage":"fr-FR","potentialAction":[{"@type":"ReadAction","target":["https:\/\/marieclaire.be\/fr\/portrait-topmodel-anouck-lepere\/"]}]},{"@type":"ImageObject","inLanguage":"fr-FR","@id":"https:\/\/marieclaire.be\/fr\/portrait-topmodel-anouck-lepere\/#primaryimage","url":"https:\/\/marieclaire.be\/fr\/wp-content\/uploads\/2022\/08\/lepere-anouck.jpg","contentUrl":"https:\/\/marieclaire.be\/fr\/wp-content\/uploads\/2022\/08\/lepere-anouck.jpg","width":1200,"height":628,"caption":"Emil Pabon"},{"@type":"WebSite","@id":"https:\/\/marieclaire.be\/fr\/#website","url":"https:\/\/marieclaire.be\/fr\/","name":"Marie Claire Belgique","description":"Marie Claire Belgique, le magazine du style et de l\u2019intelligence qui parle de mode, des tendances, de la beaut\u00e9, de l\u2019actualit\u00e9 et de la culture","publisher":{"@id":"https:\/\/marieclaire.be\/fr\/#organization"},"potentialAction":[{"@type":"SearchAction","target":{"@type":"EntryPoint","urlTemplate":"https:\/\/marieclaire.be\/fr\/?s={search_term_string}"},"query-input":{"@type":"PropertyValueSpecification","valueRequired":true,"valueName":"search_term_string"}}],"inLanguage":"fr-FR"},{"@type":"Organization","@id":"https:\/\/marieclaire.be\/fr\/#organization","name":"Marie Claire","url":"https:\/\/marieclaire.be\/fr\/","logo":{"@type":"ImageObject","inLanguage":"fr-FR","@id":"https:\/\/marieclaire.be\/fr\/#\/schema\/logo\/image\/","url":"https:\/\/marieclaire.be\/fr\/wp-content\/uploads\/2018\/05\/mc-logo2.png","contentUrl":"https:\/\/marieclaire.be\/fr\/wp-content\/uploads\/2018\/05\/mc-logo2.png","width":1001,"height":189,"caption":"Marie Claire"},"image":{"@id":"https:\/\/marieclaire.be\/fr\/#\/schema\/logo\/image\/"},"sameAs":["https:\/\/www.facebook.com\/MarieClaire.Belgique\/","https:\/\/www.instagram.com\/marieclaire_belgique\/","https:\/\/fr.pinterest.com\/marieclairebe\/","https:\/\/www.youtube.com\/user\/BelgiumMarieClaire"]},{"@type":"Person","@id":"https:\/\/marieclaire.be\/fr\/#\/schema\/person\/c71bd7a8c3e622513c7531a39292a34e","name":"Malvine Sevrin","image":{"@type":"ImageObject","inLanguage":"fr-FR","@id":"https:\/\/marieclaire.be\/fr\/wp-content\/uploads\/2017\/05\/capture-decran-2024-02-13-a-145920-96x96.png","url":"https:\/\/marieclaire.be\/fr\/wp-content\/uploads\/2017\/05\/capture-decran-2024-02-13-a-145920-96x96.png","contentUrl":"https:\/\/marieclaire.be\/fr\/wp-content\/uploads\/2017\/05\/capture-decran-2024-02-13-a-145920-96x96.png","caption":"Malvine Sevrin"},"description":"Des podiums parisiens aux derni\u00e8res nouveaut\u00e9s skincare qui enflamment TikTok, je d\u00e9crypte les tendances pour Marie Claire Belgique. Passionn\u00e9e de voyage, de mode et de beaut\u00e9, je partage mes coups de coeur d\u00e9nich\u00e9s aux quatre coins du globe. En tant que r\u00e9dactrice en chef digital, j'ai \u00e9galement \u00e0 coeur de mettre en lumi\u00e8re les histoires inspirantes de femmes \u00e0 travers notre site et sur nos r\u00e9seaux sociaux.","sameAs":["https:\/\/www.instagram.com\/malvinesev\/"],"url":"https:\/\/marieclaire.be\/fr\/author\/malvine\/"}]}},"_links":{"self":[{"href":"https:\/\/marieclaire.be\/fr\/wp-json\/wp\/v2\/posts\/118336","targetHints":{"allow":["GET"]}}],"collection":[{"href":"https:\/\/marieclaire.be\/fr\/wp-json\/wp\/v2\/posts"}],"about":[{"href":"https:\/\/marieclaire.be\/fr\/wp-json\/wp\/v2\/types\/post"}],"author":[{"embeddable":true,"href":"https:\/\/marieclaire.be\/fr\/wp-json\/wp\/v2\/users\/30"}],"replies":[{"embeddable":true,"href":"https:\/\/marieclaire.be\/fr\/wp-json\/wp\/v2\/comments?post=118336"}],"version-history":[{"count":8,"href":"https:\/\/marieclaire.be\/fr\/wp-json\/wp\/v2\/posts\/118336\/revisions"}],"predecessor-version":[{"id":118398,"href":"https:\/\/marieclaire.be\/fr\/wp-json\/wp\/v2\/posts\/118336\/revisions\/118398"}],"wp:featuredmedia":[{"embeddable":true,"href":"https:\/\/marieclaire.be\/fr\/wp-json\/wp\/v2\/media\/118397"}],"wp:attachment":[{"href":"https:\/\/marieclaire.be\/fr\/wp-json\/wp\/v2\/media?parent=118336"}],"wp:term":[{"taxonomy":"category","embeddable":true,"href":"https:\/\/marieclaire.be\/fr\/wp-json\/wp\/v2\/categories?post=118336"},{"taxonomy":"post_tag","embeddable":true,"href":"https:\/\/marieclaire.be\/fr\/wp-json\/wp\/v2\/tags?post=118336"}],"curies":[{"name":"wp","href":"https:\/\/api.w.org\/{rel}","templated":true}]}}