{"id":118124,"date":"2022-08-18T06:55:13","date_gmt":"2022-08-18T04:55:13","guid":{"rendered":"https:\/\/marieclaire.be\/fr\/?p=118124"},"modified":"2022-08-17T23:03:50","modified_gmt":"2022-08-17T21:03:50","slug":"manucure-hailey-bieber","status":"publish","type":"post","link":"https:\/\/marieclaire.be\/fr\/manucure-hailey-bieber\/","title":{"rendered":"Glazed donut nails : comment recr\u00e9er la manucure nacr\u00e9e d&#8217;Hailey Bieber ?"},"content":{"rendered":"","protected":false},"excerpt":{"rendered":"Popularis\u00e9e par la it-girl Hailey Bieber, la tendance des &#8220;glazed donut nails&#8221; remet sur le devant de la sc\u00e8ne la manucure nacr\u00e9e.","protected":false},"author":30,"featured_media":118167,"comment_status":"closed","ping_status":"closed","sticky":false,"template":"","format":"standard","meta":{"_acf_changed":false,"footnotes":""},"categories":[7,20],"tags":[1831],"class_list":["post-118124","post","type-post","status-publish","format-standard","has-post-thumbnail","hentry","category-beaute","category-soins","tag-manucure"],"acf":[],"_yoast_wpseo_title":null,"_yoast_wpseo_metadesc":"Aper\u00e7ue sur Hailey Bieber au Met Gala, la tendance des\u00a0glazed donut nails\u00a0est rapidement devenue virale sur les r\u00e9seaux sociaux.","image_verticale":"118166","yoast_head":"<!-- This site is optimized with the Yoast SEO plugin v27.3 - https:\/\/yoast.com\/product\/yoast-seo-wordpress\/ -->\n<title>Glazed donut nails : comment recr\u00e9er la manucure nacr\u00e9e d&#039;Hailey Bieber ? - Marie Claire Belgique<\/title>\n<meta name=\"description\" content=\"Aper\u00e7ue sur Hailey Bieber au Met Gala, la tendance des\u00a0glazed donut nails\u00a0est rapidement devenue virale sur les r\u00e9seaux sociaux.\" \/>\n<meta name=\"robots\" content=\"index, follow, max-snippet:-1, max-image-preview:large, max-video-preview:-1\" \/>\n<link rel=\"canonical\" href=\"https:\/\/www.marieclaire.fr\/glazed-donut-nails-tendance-manucure-nacree,1431622.asp\" \/>\n<link rel=\"next\" href=\"https:\/\/marieclaire.be\/fr\/manucure-hailey-bieber\/2\/\" \/>\n<meta property=\"og:locale\" content=\"fr_FR\" \/>\n<meta property=\"og:type\" content=\"article\" \/>\n<meta property=\"og:title\" content=\"Glazed donut nails : comment recr\u00e9er la manucure nacr\u00e9e d&#039;Hailey Bieber ? - Marie Claire Belgique\" \/>\n<meta property=\"og:description\" content=\"Aper\u00e7ue sur Hailey Bieber au Met Gala, la tendance des\u00a0glazed donut nails\u00a0est rapidement devenue virale sur les r\u00e9seaux sociaux.\" \/>\n<meta property=\"og:url\" content=\"https:\/\/www.marieclaire.fr\/glazed-donut-nails-tendance-manucure-nacree,1431622.asp\" \/>\n<meta property=\"og:site_name\" content=\"Marie Claire Belgique\" \/>\n<meta property=\"article:publisher\" content=\"https:\/\/www.facebook.com\/MarieClaire.Belgique\/\" \/>\n<meta property=\"article:published_time\" content=\"2022-08-18T04:55:13+00:00\" \/>\n<meta property=\"og:image\" content=\"https:\/\/marieclaire.be\/fr\/wp-content\/uploads\/2022\/08\/hailey-nails-1.jpg\" \/>\n\t<meta property=\"og:image:width\" content=\"1200\" \/>\n\t<meta property=\"og:image:height\" content=\"628\" \/>\n\t<meta property=\"og:image:type\" content=\"image\/jpeg\" \/>\n<meta name=\"author\" content=\"Malvine Sevrin\" \/>\n<meta name=\"twitter:label1\" content=\"\u00c9crit par\" \/>\n\t<meta name=\"twitter:data1\" content=\"Malvine Sevrin\" \/>\n\t<meta name=\"twitter:label2\" content=\"Dur\u00e9e de lecture estim\u00e9e\" \/>\n\t<meta name=\"twitter:data2\" content=\"3 minutes\" \/>\n<script type=\"application\/ld+json\" class=\"yoast-schema-graph\">{\"@context\":\"https:\\\/\\\/schema.org\",\"@graph\":[{\"@type\":\"NewsArticle\",\"@id\":\"https:\\\/\\\/www.marieclaire.fr\\\/glazed-donut-nails-tendance-manucure-nacree%2c1431622.asp#article\",\"isPartOf\":{\"@id\":\"https:\\\/\\\/marieclaire.be\\\/fr\\\/manucure-hailey-bieber\\\/\"},\"author\":{\"name\":\"Malvine Sevrin\",\"@id\":\"https:\\\/\\\/marieclaire.be\\\/fr\\\/#\\\/schema\\\/person\\\/c71bd7a8c3e622513c7531a39292a34e\"},\"headline\":\"Glazed donut nails : comment recr\u00e9er la manucure nacr\u00e9e d&#8217;Hailey Bieber ?\",\"datePublished\":\"2022-08-18T04:55:13+00:00\",\"mainEntityOfPage\":{\"@id\":\"https:\\\/\\\/marieclaire.be\\\/fr\\\/manucure-hailey-bieber\\\/\"},\"wordCount\":527,\"publisher\":{\"@id\":\"https:\\\/\\\/marieclaire.be\\\/fr\\\/#organization\"},\"image\":{\"@id\":\"https:\\\/\\\/www.marieclaire.fr\\\/glazed-donut-nails-tendance-manucure-nacree%2c1431622.asp#primaryimage\"},\"thumbnailUrl\":\"https:\\\/\\\/marieclaire.be\\\/fr\\\/wp-content\\\/uploads\\\/2022\\\/08\\\/hailey-nails-1.jpg\",\"keywords\":[\"manucure\"],\"articleSection\":[\"Beaut\u00e9\",\"Soins\"],\"inLanguage\":\"fr-FR\"},{\"@type\":\"WebPage\",\"@id\":\"https:\\\/\\\/marieclaire.be\\\/fr\\\/manucure-hailey-bieber\\\/\",\"url\":\"https:\\\/\\\/www.marieclaire.fr\\\/glazed-donut-nails-tendance-manucure-nacree%2c1431622.asp\",\"name\":\"Glazed donut nails : comment recr\u00e9er la manucure nacr\u00e9e d'Hailey Bieber ? - Marie Claire Belgique\",\"isPartOf\":{\"@id\":\"https:\\\/\\\/marieclaire.be\\\/fr\\\/#website\"},\"primaryImageOfPage\":{\"@id\":\"https:\\\/\\\/www.marieclaire.fr\\\/glazed-donut-nails-tendance-manucure-nacree%2c1431622.asp#primaryimage\"},\"image\":{\"@id\":\"https:\\\/\\\/www.marieclaire.fr\\\/glazed-donut-nails-tendance-manucure-nacree%2c1431622.asp#primaryimage\"},\"thumbnailUrl\":\"https:\\\/\\\/marieclaire.be\\\/fr\\\/wp-content\\\/uploads\\\/2022\\\/08\\\/hailey-nails-1.jpg\",\"datePublished\":\"2022-08-18T04:55:13+00:00\",\"description\":\"Aper\u00e7ue sur Hailey Bieber au Met Gala, la tendance des\u00a0glazed donut nails\u00a0est rapidement devenue virale sur les r\u00e9seaux sociaux.\",\"inLanguage\":\"fr-FR\",\"potentialAction\":[{\"@type\":\"ReadAction\",\"target\":[\"https:\\\/\\\/www.marieclaire.fr\\\/glazed-donut-nails-tendance-manucure-nacree%2c1431622.asp\"]}]},{\"@type\":\"ImageObject\",\"inLanguage\":\"fr-FR\",\"@id\":\"https:\\\/\\\/www.marieclaire.fr\\\/glazed-donut-nails-tendance-manucure-nacree%2c1431622.asp#primaryimage\",\"url\":\"https:\\\/\\\/marieclaire.be\\\/fr\\\/wp-content\\\/uploads\\\/2022\\\/08\\\/hailey-nails-1.jpg\",\"contentUrl\":\"https:\\\/\\\/marieclaire.be\\\/fr\\\/wp-content\\\/uploads\\\/2022\\\/08\\\/hailey-nails-1.jpg\",\"width\":1200,\"height\":628,\"caption\":\"Instagram @haileybieber @iramshelton\"},{\"@type\":\"WebSite\",\"@id\":\"https:\\\/\\\/marieclaire.be\\\/fr\\\/#website\",\"url\":\"https:\\\/\\\/marieclaire.be\\\/fr\\\/\",\"name\":\"Marie Claire Belgique\",\"description\":\"Marie Claire Belgique, le magazine du style et de l\u2019intelligence qui parle de mode, des tendances, de la beaut\u00e9, de l\u2019actualit\u00e9 et de la culture\",\"publisher\":{\"@id\":\"https:\\\/\\\/marieclaire.be\\\/fr\\\/#organization\"},\"potentialAction\":[{\"@type\":\"SearchAction\",\"target\":{\"@type\":\"EntryPoint\",\"urlTemplate\":\"https:\\\/\\\/marieclaire.be\\\/fr\\\/?s={search_term_string}\"},\"query-input\":{\"@type\":\"PropertyValueSpecification\",\"valueRequired\":true,\"valueName\":\"search_term_string\"}}],\"inLanguage\":\"fr-FR\"},{\"@type\":\"Organization\",\"@id\":\"https:\\\/\\\/marieclaire.be\\\/fr\\\/#organization\",\"name\":\"Marie Claire\",\"url\":\"https:\\\/\\\/marieclaire.be\\\/fr\\\/\",\"logo\":{\"@type\":\"ImageObject\",\"inLanguage\":\"fr-FR\",\"@id\":\"https:\\\/\\\/marieclaire.be\\\/fr\\\/#\\\/schema\\\/logo\\\/image\\\/\",\"url\":\"https:\\\/\\\/marieclaire.be\\\/fr\\\/wp-content\\\/uploads\\\/2018\\\/05\\\/mc-logo2.png\",\"contentUrl\":\"https:\\\/\\\/marieclaire.be\\\/fr\\\/wp-content\\\/uploads\\\/2018\\\/05\\\/mc-logo2.png\",\"width\":1001,\"height\":189,\"caption\":\"Marie Claire\"},\"image\":{\"@id\":\"https:\\\/\\\/marieclaire.be\\\/fr\\\/#\\\/schema\\\/logo\\\/image\\\/\"},\"sameAs\":[\"https:\\\/\\\/www.facebook.com\\\/MarieClaire.Belgique\\\/\",\"https:\\\/\\\/www.instagram.com\\\/marieclaire_belgique\\\/\",\"https:\\\/\\\/fr.pinterest.com\\\/marieclairebe\\\/\",\"https:\\\/\\\/www.youtube.com\\\/user\\\/BelgiumMarieClaire\"]},{\"@type\":\"Person\",\"@id\":\"https:\\\/\\\/marieclaire.be\\\/fr\\\/#\\\/schema\\\/person\\\/c71bd7a8c3e622513c7531a39292a34e\",\"name\":\"Malvine Sevrin\",\"image\":{\"@type\":\"ImageObject\",\"inLanguage\":\"fr-FR\",\"@id\":\"https:\\\/\\\/marieclaire.be\\\/fr\\\/wp-content\\\/uploads\\\/2017\\\/05\\\/capture-decran-2024-02-13-a-145920-96x96.png\",\"url\":\"https:\\\/\\\/marieclaire.be\\\/fr\\\/wp-content\\\/uploads\\\/2017\\\/05\\\/capture-decran-2024-02-13-a-145920-96x96.png\",\"contentUrl\":\"https:\\\/\\\/marieclaire.be\\\/fr\\\/wp-content\\\/uploads\\\/2017\\\/05\\\/capture-decran-2024-02-13-a-145920-96x96.png\",\"caption\":\"Malvine Sevrin\"},\"description\":\"Des podiums parisiens aux derni\u00e8res nouveaut\u00e9s skincare qui enflamment TikTok, je d\u00e9crypte les tendances pour Marie Claire Belgique. Passionn\u00e9e de voyage, de mode et de beaut\u00e9, je partage mes coups de coeur d\u00e9nich\u00e9s aux quatre coins du globe. En tant que r\u00e9dactrice en chef digital, j'ai \u00e9galement \u00e0 coeur de mettre en lumi\u00e8re les histoires inspirantes de femmes \u00e0 travers notre site et sur nos r\u00e9seaux sociaux.\",\"sameAs\":[\"https:\\\/\\\/www.instagram.com\\\/malvinesev\\\/\"],\"url\":\"https:\\\/\\\/marieclaire.be\\\/fr\\\/author\\\/malvine\\\/\"}]}<\/script>\n<!-- \/ Yoast SEO plugin. -->","yoast_head_json":{"title":"Glazed donut nails : comment recr\u00e9er la manucure nacr\u00e9e d'Hailey Bieber ? - Marie Claire Belgique","description":"Aper\u00e7ue sur Hailey Bieber au Met Gala, la tendance des\u00a0glazed donut nails\u00a0est rapidement devenue virale sur les r\u00e9seaux sociaux.","robots":{"index":"index","follow":"follow","max-snippet":"max-snippet:-1","max-image-preview":"max-image-preview:large","max-video-preview":"max-video-preview:-1"},"canonical":"https:\/\/www.marieclaire.fr\/glazed-donut-nails-tendance-manucure-nacree,1431622.asp","next":"https:\/\/marieclaire.be\/fr\/manucure-hailey-bieber\/2\/","og_locale":"fr_FR","og_type":"article","og_title":"Glazed donut nails : comment recr\u00e9er la manucure nacr\u00e9e d'Hailey Bieber ? - Marie Claire Belgique","og_description":"Aper\u00e7ue sur Hailey Bieber au Met Gala, la tendance des\u00a0glazed donut nails\u00a0est rapidement devenue virale sur les r\u00e9seaux sociaux.","og_url":"https:\/\/www.marieclaire.fr\/glazed-donut-nails-tendance-manucure-nacree,1431622.asp","og_site_name":"Marie Claire Belgique","article_publisher":"https:\/\/www.facebook.com\/MarieClaire.Belgique\/","article_published_time":"2022-08-18T04:55:13+00:00","og_image":[{"width":1200,"height":628,"url":"https:\/\/marieclaire.be\/fr\/wp-content\/uploads\/2022\/08\/hailey-nails-1.jpg","type":"image\/jpeg"}],"author":"Malvine Sevrin","twitter_misc":{"\u00c9crit par":"Malvine Sevrin","Dur\u00e9e de lecture estim\u00e9e":"3 minutes"},"schema":{"@context":"https:\/\/schema.org","@graph":[{"@type":"NewsArticle","@id":"https:\/\/www.marieclaire.fr\/glazed-donut-nails-tendance-manucure-nacree%2c1431622.asp#article","isPartOf":{"@id":"https:\/\/marieclaire.be\/fr\/manucure-hailey-bieber\/"},"author":{"name":"Malvine Sevrin","@id":"https:\/\/marieclaire.be\/fr\/#\/schema\/person\/c71bd7a8c3e622513c7531a39292a34e"},"headline":"Glazed donut nails : comment recr\u00e9er la manucure nacr\u00e9e d&#8217;Hailey Bieber ?","datePublished":"2022-08-18T04:55:13+00:00","mainEntityOfPage":{"@id":"https:\/\/marieclaire.be\/fr\/manucure-hailey-bieber\/"},"wordCount":527,"publisher":{"@id":"https:\/\/marieclaire.be\/fr\/#organization"},"image":{"@id":"https:\/\/www.marieclaire.fr\/glazed-donut-nails-tendance-manucure-nacree%2c1431622.asp#primaryimage"},"thumbnailUrl":"https:\/\/marieclaire.be\/fr\/wp-content\/uploads\/2022\/08\/hailey-nails-1.jpg","keywords":["manucure"],"articleSection":["Beaut\u00e9","Soins"],"inLanguage":"fr-FR"},{"@type":"WebPage","@id":"https:\/\/marieclaire.be\/fr\/manucure-hailey-bieber\/","url":"https:\/\/www.marieclaire.fr\/glazed-donut-nails-tendance-manucure-nacree%2c1431622.asp","name":"Glazed donut nails : comment recr\u00e9er la manucure nacr\u00e9e d'Hailey Bieber ? - Marie Claire Belgique","isPartOf":{"@id":"https:\/\/marieclaire.be\/fr\/#website"},"primaryImageOfPage":{"@id":"https:\/\/www.marieclaire.fr\/glazed-donut-nails-tendance-manucure-nacree%2c1431622.asp#primaryimage"},"image":{"@id":"https:\/\/www.marieclaire.fr\/glazed-donut-nails-tendance-manucure-nacree%2c1431622.asp#primaryimage"},"thumbnailUrl":"https:\/\/marieclaire.be\/fr\/wp-content\/uploads\/2022\/08\/hailey-nails-1.jpg","datePublished":"2022-08-18T04:55:13+00:00","description":"Aper\u00e7ue sur Hailey Bieber au Met Gala, la tendance des\u00a0glazed donut nails\u00a0est rapidement devenue virale sur les r\u00e9seaux sociaux.","inLanguage":"fr-FR","potentialAction":[{"@type":"ReadAction","target":["https:\/\/www.marieclaire.fr\/glazed-donut-nails-tendance-manucure-nacree%2c1431622.asp"]}]},{"@type":"ImageObject","inLanguage":"fr-FR","@id":"https:\/\/www.marieclaire.fr\/glazed-donut-nails-tendance-manucure-nacree%2c1431622.asp#primaryimage","url":"https:\/\/marieclaire.be\/fr\/wp-content\/uploads\/2022\/08\/hailey-nails-1.jpg","contentUrl":"https:\/\/marieclaire.be\/fr\/wp-content\/uploads\/2022\/08\/hailey-nails-1.jpg","width":1200,"height":628,"caption":"Instagram @haileybieber @iramshelton"},{"@type":"WebSite","@id":"https:\/\/marieclaire.be\/fr\/#website","url":"https:\/\/marieclaire.be\/fr\/","name":"Marie Claire Belgique","description":"Marie Claire Belgique, le magazine du style et de l\u2019intelligence qui parle de mode, des tendances, de la beaut\u00e9, de l\u2019actualit\u00e9 et de la culture","publisher":{"@id":"https:\/\/marieclaire.be\/fr\/#organization"},"potentialAction":[{"@type":"SearchAction","target":{"@type":"EntryPoint","urlTemplate":"https:\/\/marieclaire.be\/fr\/?s={search_term_string}"},"query-input":{"@type":"PropertyValueSpecification","valueRequired":true,"valueName":"search_term_string"}}],"inLanguage":"fr-FR"},{"@type":"Organization","@id":"https:\/\/marieclaire.be\/fr\/#organization","name":"Marie Claire","url":"https:\/\/marieclaire.be\/fr\/","logo":{"@type":"ImageObject","inLanguage":"fr-FR","@id":"https:\/\/marieclaire.be\/fr\/#\/schema\/logo\/image\/","url":"https:\/\/marieclaire.be\/fr\/wp-content\/uploads\/2018\/05\/mc-logo2.png","contentUrl":"https:\/\/marieclaire.be\/fr\/wp-content\/uploads\/2018\/05\/mc-logo2.png","width":1001,"height":189,"caption":"Marie Claire"},"image":{"@id":"https:\/\/marieclaire.be\/fr\/#\/schema\/logo\/image\/"},"sameAs":["https:\/\/www.facebook.com\/MarieClaire.Belgique\/","https:\/\/www.instagram.com\/marieclaire_belgique\/","https:\/\/fr.pinterest.com\/marieclairebe\/","https:\/\/www.youtube.com\/user\/BelgiumMarieClaire"]},{"@type":"Person","@id":"https:\/\/marieclaire.be\/fr\/#\/schema\/person\/c71bd7a8c3e622513c7531a39292a34e","name":"Malvine Sevrin","image":{"@type":"ImageObject","inLanguage":"fr-FR","@id":"https:\/\/marieclaire.be\/fr\/wp-content\/uploads\/2017\/05\/capture-decran-2024-02-13-a-145920-96x96.png","url":"https:\/\/marieclaire.be\/fr\/wp-content\/uploads\/2017\/05\/capture-decran-2024-02-13-a-145920-96x96.png","contentUrl":"https:\/\/marieclaire.be\/fr\/wp-content\/uploads\/2017\/05\/capture-decran-2024-02-13-a-145920-96x96.png","caption":"Malvine Sevrin"},"description":"Des podiums parisiens aux derni\u00e8res nouveaut\u00e9s skincare qui enflamment TikTok, je d\u00e9crypte les tendances pour Marie Claire Belgique. Passionn\u00e9e de voyage, de mode et de beaut\u00e9, je partage mes coups de coeur d\u00e9nich\u00e9s aux quatre coins du globe. En tant que r\u00e9dactrice en chef digital, j'ai \u00e9galement \u00e0 coeur de mettre en lumi\u00e8re les histoires inspirantes de femmes \u00e0 travers notre site et sur nos r\u00e9seaux sociaux.","sameAs":["https:\/\/www.instagram.com\/malvinesev\/"],"url":"https:\/\/marieclaire.be\/fr\/author\/malvine\/"}]}},"_links":{"self":[{"href":"https:\/\/marieclaire.be\/fr\/wp-json\/wp\/v2\/posts\/118124","targetHints":{"allow":["GET"]}}],"collection":[{"href":"https:\/\/marieclaire.be\/fr\/wp-json\/wp\/v2\/posts"}],"about":[{"href":"https:\/\/marieclaire.be\/fr\/wp-json\/wp\/v2\/types\/post"}],"author":[{"embeddable":true,"href":"https:\/\/marieclaire.be\/fr\/wp-json\/wp\/v2\/users\/30"}],"replies":[{"embeddable":true,"href":"https:\/\/marieclaire.be\/fr\/wp-json\/wp\/v2\/comments?post=118124"}],"version-history":[{"count":6,"href":"https:\/\/marieclaire.be\/fr\/wp-json\/wp\/v2\/posts\/118124\/revisions"}],"predecessor-version":[{"id":118169,"href":"https:\/\/marieclaire.be\/fr\/wp-json\/wp\/v2\/posts\/118124\/revisions\/118169"}],"wp:featuredmedia":[{"embeddable":true,"href":"https:\/\/marieclaire.be\/fr\/wp-json\/wp\/v2\/media\/118167"}],"wp:attachment":[{"href":"https:\/\/marieclaire.be\/fr\/wp-json\/wp\/v2\/media?parent=118124"}],"wp:term":[{"taxonomy":"category","embeddable":true,"href":"https:\/\/marieclaire.be\/fr\/wp-json\/wp\/v2\/categories?post=118124"},{"taxonomy":"post_tag","embeddable":true,"href":"https:\/\/marieclaire.be\/fr\/wp-json\/wp\/v2\/tags?post=118124"}],"curies":[{"name":"wp","href":"https:\/\/api.w.org\/{rel}","templated":true}]}}