{"id":117918,"date":"2025-07-02T09:19:45","date_gmt":"2025-07-02T07:19:45","guid":{"rendered":"https:\/\/marieclaire.be\/fr\/?p=117918"},"modified":"2025-07-02T14:12:06","modified_gmt":"2025-07-02T12:12:06","slug":"bruxelles-3-pop-up-ou-savourer-une-creme-glacee-cet-ete","status":"publish","type":"post","link":"https:\/\/marieclaire.be\/fr\/bruxelles-3-pop-up-ou-savourer-une-creme-glacee-cet-ete\/","title":{"rendered":"Bruxelles : 3 pop-up o\u00f9 savourer une glace artisanale cet \u00e9t\u00e9"},"content":{"rendered":"","protected":false},"excerpt":{"rendered":"Un vent glac\u00e9 souffle sur Bruxelles : chaque \u00e9t\u00e9, les meilleurs artisans du pays redoublent de cr\u00e9ativit\u00e9 pour vous offrir un savoureux &#8220;brain freeze&#8221; \u00e0 coup de sorbets et cr\u00e8mes glac\u00e9es.","protected":false},"author":30,"featured_media":117955,"comment_status":"closed","ping_status":"closed","sticky":false,"template":"","format":"standard","meta":{"_acf_changed":false,"footnotes":""},"categories":[806,67],"tags":[156,72,202],"class_list":["post-117918","post","type-post","status-publish","format-standard","has-post-thumbnail","hentry","category-food","category-lifestyle","tag-bruxelles","tag-ete","tag-food"],"acf":[],"_yoast_wpseo_title":null,"_yoast_wpseo_metadesc":"Rafra\u00eechissez vos papilles dans l\u2019un de ces pop-up estivaux o\u00f9 savourer de d\u00e9licieux sorbets ou cr\u00e8mes glac\u00e9es !","image_verticale":"117956","yoast_head":"<!-- This site is optimized with the Yoast SEO plugin v27.3 - https:\/\/yoast.com\/product\/yoast-seo-wordpress\/ -->\n<title>Bruxelles : 3 pop-up o\u00f9 savourer une glace artisanale cet \u00e9t\u00e9 - Marie Claire Belgique<\/title>\n<meta name=\"description\" content=\"Rafra\u00eechissez vos papilles dans l\u2019un de ces pop-up estivaux o\u00f9 savourer de d\u00e9licieux sorbets ou cr\u00e8mes glac\u00e9es !\" \/>\n<meta name=\"robots\" content=\"index, follow, max-snippet:-1, max-image-preview:large, max-video-preview:-1\" \/>\n<link rel=\"canonical\" href=\"https:\/\/marieclaire.be\/fr\/bruxelles-3-pop-up-ou-savourer-une-creme-glacee-cet-ete\/\" \/>\n<link rel=\"next\" href=\"https:\/\/marieclaire.be\/fr\/bruxelles-3-pop-up-ou-savourer-une-creme-glacee-cet-ete\/2\/\" \/>\n<meta property=\"og:locale\" content=\"fr_FR\" \/>\n<meta property=\"og:type\" content=\"article\" \/>\n<meta property=\"og:title\" content=\"Bruxelles : 3 pop-up o\u00f9 savourer une glace artisanale cet \u00e9t\u00e9 - Marie Claire Belgique\" \/>\n<meta property=\"og:description\" content=\"Rafra\u00eechissez vos papilles dans l\u2019un de ces pop-up estivaux o\u00f9 savourer de d\u00e9licieux sorbets ou cr\u00e8mes glac\u00e9es !\" \/>\n<meta property=\"og:url\" content=\"https:\/\/marieclaire.be\/fr\/bruxelles-3-pop-up-ou-savourer-une-creme-glacee-cet-ete\/\" \/>\n<meta property=\"og:site_name\" content=\"Marie Claire Belgique\" \/>\n<meta property=\"article:publisher\" content=\"https:\/\/www.facebook.com\/MarieClaire.Belgique\/\" \/>\n<meta property=\"article:published_time\" content=\"2025-07-02T07:19:45+00:00\" \/>\n<meta property=\"article:modified_time\" content=\"2025-07-02T12:12:06+00:00\" \/>\n<meta property=\"og:image\" content=\"https:\/\/marieclaire.be\/fr\/wp-content\/uploads\/2022\/08\/bruxelles-glaces.jpg\" \/>\n\t<meta property=\"og:image:width\" content=\"1200\" \/>\n\t<meta property=\"og:image:height\" content=\"628\" \/>\n\t<meta property=\"og:image:type\" content=\"image\/jpeg\" \/>\n<meta name=\"author\" content=\"Malvine Sevrin\" \/>\n<meta name=\"twitter:label1\" content=\"\u00c9crit par\" \/>\n\t<meta name=\"twitter:data1\" content=\"Malvine Sevrin\" \/>\n\t<meta name=\"twitter:label2\" content=\"Dur\u00e9e de lecture estim\u00e9e\" \/>\n\t<meta name=\"twitter:data2\" content=\"3 minutes\" \/>\n<script type=\"application\/ld+json\" class=\"yoast-schema-graph\">{\"@context\":\"https:\\\/\\\/schema.org\",\"@graph\":[{\"@type\":\"NewsArticle\",\"@id\":\"https:\\\/\\\/marieclaire.be\\\/fr\\\/bruxelles-3-pop-up-ou-savourer-une-creme-glacee-cet-ete\\\/#article\",\"isPartOf\":{\"@id\":\"https:\\\/\\\/marieclaire.be\\\/fr\\\/bruxelles-3-pop-up-ou-savourer-une-creme-glacee-cet-ete\\\/\"},\"author\":{\"name\":\"Malvine Sevrin\",\"@id\":\"https:\\\/\\\/marieclaire.be\\\/fr\\\/#\\\/schema\\\/person\\\/c71bd7a8c3e622513c7531a39292a34e\"},\"headline\":\"Bruxelles : 3 pop-up o\u00f9 savourer une glace artisanale cet \u00e9t\u00e9\",\"datePublished\":\"2025-07-02T07:19:45+00:00\",\"dateModified\":\"2025-07-02T12:12:06+00:00\",\"mainEntityOfPage\":{\"@id\":\"https:\\\/\\\/marieclaire.be\\\/fr\\\/bruxelles-3-pop-up-ou-savourer-une-creme-glacee-cet-ete\\\/\"},\"wordCount\":567,\"publisher\":{\"@id\":\"https:\\\/\\\/marieclaire.be\\\/fr\\\/#organization\"},\"image\":{\"@id\":\"https:\\\/\\\/marieclaire.be\\\/fr\\\/bruxelles-3-pop-up-ou-savourer-une-creme-glacee-cet-ete\\\/#primaryimage\"},\"thumbnailUrl\":\"https:\\\/\\\/marieclaire.be\\\/fr\\\/wp-content\\\/uploads\\\/2022\\\/08\\\/bruxelles-glaces.jpg\",\"keywords\":[\"Bruxelles\",\"\u00e9t\u00e9\",\"food\"],\"articleSection\":[\"Food\",\"Lifestyle\"],\"inLanguage\":\"fr-FR\"},{\"@type\":\"WebPage\",\"@id\":\"https:\\\/\\\/marieclaire.be\\\/fr\\\/bruxelles-3-pop-up-ou-savourer-une-creme-glacee-cet-ete\\\/\",\"url\":\"https:\\\/\\\/marieclaire.be\\\/fr\\\/bruxelles-3-pop-up-ou-savourer-une-creme-glacee-cet-ete\\\/\",\"name\":\"Bruxelles : 3 pop-up o\u00f9 savourer une glace artisanale cet \u00e9t\u00e9 - Marie Claire Belgique\",\"isPartOf\":{\"@id\":\"https:\\\/\\\/marieclaire.be\\\/fr\\\/#website\"},\"primaryImageOfPage\":{\"@id\":\"https:\\\/\\\/marieclaire.be\\\/fr\\\/bruxelles-3-pop-up-ou-savourer-une-creme-glacee-cet-ete\\\/#primaryimage\"},\"image\":{\"@id\":\"https:\\\/\\\/marieclaire.be\\\/fr\\\/bruxelles-3-pop-up-ou-savourer-une-creme-glacee-cet-ete\\\/#primaryimage\"},\"thumbnailUrl\":\"https:\\\/\\\/marieclaire.be\\\/fr\\\/wp-content\\\/uploads\\\/2022\\\/08\\\/bruxelles-glaces.jpg\",\"datePublished\":\"2025-07-02T07:19:45+00:00\",\"dateModified\":\"2025-07-02T12:12:06+00:00\",\"description\":\"Rafra\u00eechissez vos papilles dans l\u2019un de ces pop-up estivaux o\u00f9 savourer de d\u00e9licieux sorbets ou cr\u00e8mes glac\u00e9es !\",\"inLanguage\":\"fr-FR\",\"potentialAction\":[{\"@type\":\"ReadAction\",\"target\":[\"https:\\\/\\\/marieclaire.be\\\/fr\\\/bruxelles-3-pop-up-ou-savourer-une-creme-glacee-cet-ete\\\/\"]}]},{\"@type\":\"ImageObject\",\"inLanguage\":\"fr-FR\",\"@id\":\"https:\\\/\\\/marieclaire.be\\\/fr\\\/bruxelles-3-pop-up-ou-savourer-une-creme-glacee-cet-ete\\\/#primaryimage\",\"url\":\"https:\\\/\\\/marieclaire.be\\\/fr\\\/wp-content\\\/uploads\\\/2022\\\/08\\\/bruxelles-glaces.jpg\",\"contentUrl\":\"https:\\\/\\\/marieclaire.be\\\/fr\\\/wp-content\\\/uploads\\\/2022\\\/08\\\/bruxelles-glaces.jpg\",\"width\":1200,\"height\":628,\"caption\":\"Dandoy\"},{\"@type\":\"WebSite\",\"@id\":\"https:\\\/\\\/marieclaire.be\\\/fr\\\/#website\",\"url\":\"https:\\\/\\\/marieclaire.be\\\/fr\\\/\",\"name\":\"Marie Claire Belgique\",\"description\":\"Marie Claire Belgique, le magazine du style et de l\u2019intelligence qui parle de mode, des tendances, de la beaut\u00e9, de l\u2019actualit\u00e9 et de la culture\",\"publisher\":{\"@id\":\"https:\\\/\\\/marieclaire.be\\\/fr\\\/#organization\"},\"potentialAction\":[{\"@type\":\"SearchAction\",\"target\":{\"@type\":\"EntryPoint\",\"urlTemplate\":\"https:\\\/\\\/marieclaire.be\\\/fr\\\/?s={search_term_string}\"},\"query-input\":{\"@type\":\"PropertyValueSpecification\",\"valueRequired\":true,\"valueName\":\"search_term_string\"}}],\"inLanguage\":\"fr-FR\"},{\"@type\":\"Organization\",\"@id\":\"https:\\\/\\\/marieclaire.be\\\/fr\\\/#organization\",\"name\":\"Marie Claire\",\"url\":\"https:\\\/\\\/marieclaire.be\\\/fr\\\/\",\"logo\":{\"@type\":\"ImageObject\",\"inLanguage\":\"fr-FR\",\"@id\":\"https:\\\/\\\/marieclaire.be\\\/fr\\\/#\\\/schema\\\/logo\\\/image\\\/\",\"url\":\"https:\\\/\\\/marieclaire.be\\\/fr\\\/wp-content\\\/uploads\\\/2018\\\/05\\\/mc-logo2.png\",\"contentUrl\":\"https:\\\/\\\/marieclaire.be\\\/fr\\\/wp-content\\\/uploads\\\/2018\\\/05\\\/mc-logo2.png\",\"width\":1001,\"height\":189,\"caption\":\"Marie Claire\"},\"image\":{\"@id\":\"https:\\\/\\\/marieclaire.be\\\/fr\\\/#\\\/schema\\\/logo\\\/image\\\/\"},\"sameAs\":[\"https:\\\/\\\/www.facebook.com\\\/MarieClaire.Belgique\\\/\",\"https:\\\/\\\/www.instagram.com\\\/marieclaire_belgique\\\/\",\"https:\\\/\\\/fr.pinterest.com\\\/marieclairebe\\\/\",\"https:\\\/\\\/www.youtube.com\\\/user\\\/BelgiumMarieClaire\"]},{\"@type\":\"Person\",\"@id\":\"https:\\\/\\\/marieclaire.be\\\/fr\\\/#\\\/schema\\\/person\\\/c71bd7a8c3e622513c7531a39292a34e\",\"name\":\"Malvine Sevrin\",\"image\":{\"@type\":\"ImageObject\",\"inLanguage\":\"fr-FR\",\"@id\":\"https:\\\/\\\/marieclaire.be\\\/fr\\\/wp-content\\\/uploads\\\/2017\\\/05\\\/capture-decran-2024-02-13-a-145920-96x96.png\",\"url\":\"https:\\\/\\\/marieclaire.be\\\/fr\\\/wp-content\\\/uploads\\\/2017\\\/05\\\/capture-decran-2024-02-13-a-145920-96x96.png\",\"contentUrl\":\"https:\\\/\\\/marieclaire.be\\\/fr\\\/wp-content\\\/uploads\\\/2017\\\/05\\\/capture-decran-2024-02-13-a-145920-96x96.png\",\"caption\":\"Malvine Sevrin\"},\"description\":\"Des podiums parisiens aux derni\u00e8res nouveaut\u00e9s skincare qui enflamment TikTok, je d\u00e9crypte les tendances pour Marie Claire Belgique. Passionn\u00e9e de voyage, de mode et de beaut\u00e9, je partage mes coups de coeur d\u00e9nich\u00e9s aux quatre coins du globe. En tant que r\u00e9dactrice en chef digital, j'ai \u00e9galement \u00e0 coeur de mettre en lumi\u00e8re les histoires inspirantes de femmes \u00e0 travers notre site et sur nos r\u00e9seaux sociaux.\",\"sameAs\":[\"https:\\\/\\\/www.instagram.com\\\/malvinesev\\\/\"],\"url\":\"https:\\\/\\\/marieclaire.be\\\/fr\\\/author\\\/malvine\\\/\"}]}<\/script>\n<!-- \/ Yoast SEO plugin. -->","yoast_head_json":{"title":"Bruxelles : 3 pop-up o\u00f9 savourer une glace artisanale cet \u00e9t\u00e9 - Marie Claire Belgique","description":"Rafra\u00eechissez vos papilles dans l\u2019un de ces pop-up estivaux o\u00f9 savourer de d\u00e9licieux sorbets ou cr\u00e8mes glac\u00e9es !","robots":{"index":"index","follow":"follow","max-snippet":"max-snippet:-1","max-image-preview":"max-image-preview:large","max-video-preview":"max-video-preview:-1"},"canonical":"https:\/\/marieclaire.be\/fr\/bruxelles-3-pop-up-ou-savourer-une-creme-glacee-cet-ete\/","next":"https:\/\/marieclaire.be\/fr\/bruxelles-3-pop-up-ou-savourer-une-creme-glacee-cet-ete\/2\/","og_locale":"fr_FR","og_type":"article","og_title":"Bruxelles : 3 pop-up o\u00f9 savourer une glace artisanale cet \u00e9t\u00e9 - Marie Claire Belgique","og_description":"Rafra\u00eechissez vos papilles dans l\u2019un de ces pop-up estivaux o\u00f9 savourer de d\u00e9licieux sorbets ou cr\u00e8mes glac\u00e9es !","og_url":"https:\/\/marieclaire.be\/fr\/bruxelles-3-pop-up-ou-savourer-une-creme-glacee-cet-ete\/","og_site_name":"Marie Claire Belgique","article_publisher":"https:\/\/www.facebook.com\/MarieClaire.Belgique\/","article_published_time":"2025-07-02T07:19:45+00:00","article_modified_time":"2025-07-02T12:12:06+00:00","og_image":[{"width":1200,"height":628,"url":"https:\/\/marieclaire.be\/fr\/wp-content\/uploads\/2022\/08\/bruxelles-glaces.jpg","type":"image\/jpeg"}],"author":"Malvine Sevrin","twitter_misc":{"\u00c9crit par":"Malvine Sevrin","Dur\u00e9e de lecture estim\u00e9e":"3 minutes"},"schema":{"@context":"https:\/\/schema.org","@graph":[{"@type":"NewsArticle","@id":"https:\/\/marieclaire.be\/fr\/bruxelles-3-pop-up-ou-savourer-une-creme-glacee-cet-ete\/#article","isPartOf":{"@id":"https:\/\/marieclaire.be\/fr\/bruxelles-3-pop-up-ou-savourer-une-creme-glacee-cet-ete\/"},"author":{"name":"Malvine Sevrin","@id":"https:\/\/marieclaire.be\/fr\/#\/schema\/person\/c71bd7a8c3e622513c7531a39292a34e"},"headline":"Bruxelles : 3 pop-up o\u00f9 savourer une glace artisanale cet \u00e9t\u00e9","datePublished":"2025-07-02T07:19:45+00:00","dateModified":"2025-07-02T12:12:06+00:00","mainEntityOfPage":{"@id":"https:\/\/marieclaire.be\/fr\/bruxelles-3-pop-up-ou-savourer-une-creme-glacee-cet-ete\/"},"wordCount":567,"publisher":{"@id":"https:\/\/marieclaire.be\/fr\/#organization"},"image":{"@id":"https:\/\/marieclaire.be\/fr\/bruxelles-3-pop-up-ou-savourer-une-creme-glacee-cet-ete\/#primaryimage"},"thumbnailUrl":"https:\/\/marieclaire.be\/fr\/wp-content\/uploads\/2022\/08\/bruxelles-glaces.jpg","keywords":["Bruxelles","\u00e9t\u00e9","food"],"articleSection":["Food","Lifestyle"],"inLanguage":"fr-FR"},{"@type":"WebPage","@id":"https:\/\/marieclaire.be\/fr\/bruxelles-3-pop-up-ou-savourer-une-creme-glacee-cet-ete\/","url":"https:\/\/marieclaire.be\/fr\/bruxelles-3-pop-up-ou-savourer-une-creme-glacee-cet-ete\/","name":"Bruxelles : 3 pop-up o\u00f9 savourer une glace artisanale cet \u00e9t\u00e9 - Marie Claire Belgique","isPartOf":{"@id":"https:\/\/marieclaire.be\/fr\/#website"},"primaryImageOfPage":{"@id":"https:\/\/marieclaire.be\/fr\/bruxelles-3-pop-up-ou-savourer-une-creme-glacee-cet-ete\/#primaryimage"},"image":{"@id":"https:\/\/marieclaire.be\/fr\/bruxelles-3-pop-up-ou-savourer-une-creme-glacee-cet-ete\/#primaryimage"},"thumbnailUrl":"https:\/\/marieclaire.be\/fr\/wp-content\/uploads\/2022\/08\/bruxelles-glaces.jpg","datePublished":"2025-07-02T07:19:45+00:00","dateModified":"2025-07-02T12:12:06+00:00","description":"Rafra\u00eechissez vos papilles dans l\u2019un de ces pop-up estivaux o\u00f9 savourer de d\u00e9licieux sorbets ou cr\u00e8mes glac\u00e9es !","inLanguage":"fr-FR","potentialAction":[{"@type":"ReadAction","target":["https:\/\/marieclaire.be\/fr\/bruxelles-3-pop-up-ou-savourer-une-creme-glacee-cet-ete\/"]}]},{"@type":"ImageObject","inLanguage":"fr-FR","@id":"https:\/\/marieclaire.be\/fr\/bruxelles-3-pop-up-ou-savourer-une-creme-glacee-cet-ete\/#primaryimage","url":"https:\/\/marieclaire.be\/fr\/wp-content\/uploads\/2022\/08\/bruxelles-glaces.jpg","contentUrl":"https:\/\/marieclaire.be\/fr\/wp-content\/uploads\/2022\/08\/bruxelles-glaces.jpg","width":1200,"height":628,"caption":"Dandoy"},{"@type":"WebSite","@id":"https:\/\/marieclaire.be\/fr\/#website","url":"https:\/\/marieclaire.be\/fr\/","name":"Marie Claire Belgique","description":"Marie Claire Belgique, le magazine du style et de l\u2019intelligence qui parle de mode, des tendances, de la beaut\u00e9, de l\u2019actualit\u00e9 et de la culture","publisher":{"@id":"https:\/\/marieclaire.be\/fr\/#organization"},"potentialAction":[{"@type":"SearchAction","target":{"@type":"EntryPoint","urlTemplate":"https:\/\/marieclaire.be\/fr\/?s={search_term_string}"},"query-input":{"@type":"PropertyValueSpecification","valueRequired":true,"valueName":"search_term_string"}}],"inLanguage":"fr-FR"},{"@type":"Organization","@id":"https:\/\/marieclaire.be\/fr\/#organization","name":"Marie Claire","url":"https:\/\/marieclaire.be\/fr\/","logo":{"@type":"ImageObject","inLanguage":"fr-FR","@id":"https:\/\/marieclaire.be\/fr\/#\/schema\/logo\/image\/","url":"https:\/\/marieclaire.be\/fr\/wp-content\/uploads\/2018\/05\/mc-logo2.png","contentUrl":"https:\/\/marieclaire.be\/fr\/wp-content\/uploads\/2018\/05\/mc-logo2.png","width":1001,"height":189,"caption":"Marie Claire"},"image":{"@id":"https:\/\/marieclaire.be\/fr\/#\/schema\/logo\/image\/"},"sameAs":["https:\/\/www.facebook.com\/MarieClaire.Belgique\/","https:\/\/www.instagram.com\/marieclaire_belgique\/","https:\/\/fr.pinterest.com\/marieclairebe\/","https:\/\/www.youtube.com\/user\/BelgiumMarieClaire"]},{"@type":"Person","@id":"https:\/\/marieclaire.be\/fr\/#\/schema\/person\/c71bd7a8c3e622513c7531a39292a34e","name":"Malvine Sevrin","image":{"@type":"ImageObject","inLanguage":"fr-FR","@id":"https:\/\/marieclaire.be\/fr\/wp-content\/uploads\/2017\/05\/capture-decran-2024-02-13-a-145920-96x96.png","url":"https:\/\/marieclaire.be\/fr\/wp-content\/uploads\/2017\/05\/capture-decran-2024-02-13-a-145920-96x96.png","contentUrl":"https:\/\/marieclaire.be\/fr\/wp-content\/uploads\/2017\/05\/capture-decran-2024-02-13-a-145920-96x96.png","caption":"Malvine Sevrin"},"description":"Des podiums parisiens aux derni\u00e8res nouveaut\u00e9s skincare qui enflamment TikTok, je d\u00e9crypte les tendances pour Marie Claire Belgique. Passionn\u00e9e de voyage, de mode et de beaut\u00e9, je partage mes coups de coeur d\u00e9nich\u00e9s aux quatre coins du globe. En tant que r\u00e9dactrice en chef digital, j'ai \u00e9galement \u00e0 coeur de mettre en lumi\u00e8re les histoires inspirantes de femmes \u00e0 travers notre site et sur nos r\u00e9seaux sociaux.","sameAs":["https:\/\/www.instagram.com\/malvinesev\/"],"url":"https:\/\/marieclaire.be\/fr\/author\/malvine\/"}]}},"_links":{"self":[{"href":"https:\/\/marieclaire.be\/fr\/wp-json\/wp\/v2\/posts\/117918","targetHints":{"allow":["GET"]}}],"collection":[{"href":"https:\/\/marieclaire.be\/fr\/wp-json\/wp\/v2\/posts"}],"about":[{"href":"https:\/\/marieclaire.be\/fr\/wp-json\/wp\/v2\/types\/post"}],"author":[{"embeddable":true,"href":"https:\/\/marieclaire.be\/fr\/wp-json\/wp\/v2\/users\/30"}],"replies":[{"embeddable":true,"href":"https:\/\/marieclaire.be\/fr\/wp-json\/wp\/v2\/comments?post=117918"}],"version-history":[{"count":17,"href":"https:\/\/marieclaire.be\/fr\/wp-json\/wp\/v2\/posts\/117918\/revisions"}],"predecessor-version":[{"id":117952,"href":"https:\/\/marieclaire.be\/fr\/wp-json\/wp\/v2\/posts\/117918\/revisions\/117952"}],"wp:featuredmedia":[{"embeddable":true,"href":"https:\/\/marieclaire.be\/fr\/wp-json\/wp\/v2\/media\/117955"}],"wp:attachment":[{"href":"https:\/\/marieclaire.be\/fr\/wp-json\/wp\/v2\/media?parent=117918"}],"wp:term":[{"taxonomy":"category","embeddable":true,"href":"https:\/\/marieclaire.be\/fr\/wp-json\/wp\/v2\/categories?post=117918"},{"taxonomy":"post_tag","embeddable":true,"href":"https:\/\/marieclaire.be\/fr\/wp-json\/wp\/v2\/tags?post=117918"}],"curies":[{"name":"wp","href":"https:\/\/api.w.org\/{rel}","templated":true}]}}