{"id":117772,"date":"2022-08-01T16:00:09","date_gmt":"2022-08-01T14:00:09","guid":{"rendered":"https:\/\/marieclaire.be\/fr\/?p=117772"},"modified":"2022-08-01T14:14:52","modified_gmt":"2022-08-01T12:14:52","slug":"vous-avez-les-cheveux-boucles-ou-frises-devenez-la-nouvelle-ambassadrice-de-la-marque-sheamoisture","status":"publish","type":"post","link":"https:\/\/marieclaire.be\/fr\/vous-avez-les-cheveux-boucles-ou-frises-devenez-la-nouvelle-ambassadrice-de-la-marque-sheamoisture\/","title":{"rendered":"Vous avez les cheveux boucl\u00e9s ou fris\u00e9s ? Devenez la nouvelle ambassadrice de la marque SheaMoisture."},"content":{"rendered":"","protected":false},"excerpt":{"rendered":"Trouver les produits capillaires parfaits pour les cheveux boucl\u00e9s ou fris\u00e9s est loin d\u2019\u00eatre une t\u00e2che \u00e9vidente. ...","protected":false},"author":44,"featured_media":117795,"comment_status":"closed","ping_status":"closed","sticky":false,"template":"","format":"standard","meta":{"_acf_changed":false,"footnotes":""},"categories":[7,16],"tags":[],"class_list":["post-117772","post","type-post","status-publish","format-standard","has-post-thumbnail","hentry","category-beaute","category-cheveux"],"acf":[],"_yoast_wpseo_title":"Vous avez les cheveux boucl\u00e9s ou fris\u00e9s ? %%page%% %%sep%% %%sitename%%","_yoast_wpseo_metadesc":"SheaMoisture est \u00e0 la recherche de sa nouvelle ambassadrice...Alors si vous avez les cheveux boucl\u00e9s ou fris\u00e9s lancez-vous !","image_verticale":"117794","yoast_head":"<!-- This site is optimized with the Yoast SEO plugin v27.3 - https:\/\/yoast.com\/product\/yoast-seo-wordpress\/ -->\n<title>Vous avez les cheveux boucl\u00e9s ou fris\u00e9s ? - Marie Claire Belgique<\/title>\n<meta name=\"description\" content=\"SheaMoisture est \u00e0 la recherche de sa nouvelle ambassadrice...Alors si vous avez les cheveux boucl\u00e9s ou fris\u00e9s lancez-vous !\" \/>\n<meta name=\"robots\" content=\"index, follow, max-snippet:-1, max-image-preview:large, max-video-preview:-1\" \/>\n<link rel=\"canonical\" href=\"https:\/\/marieclaire.be\/fr\/vous-avez-les-cheveux-boucles-ou-frises-devenez-la-nouvelle-ambassadrice-de-la-marque-sheamoisture\/\" \/>\n<meta property=\"og:locale\" content=\"fr_FR\" \/>\n<meta property=\"og:type\" content=\"article\" \/>\n<meta property=\"og:title\" content=\"Vous avez les cheveux boucl\u00e9s ou fris\u00e9s ? - Marie Claire Belgique\" \/>\n<meta property=\"og:description\" content=\"SheaMoisture est \u00e0 la recherche de sa nouvelle ambassadrice...Alors si vous avez les cheveux boucl\u00e9s ou fris\u00e9s lancez-vous !\" \/>\n<meta property=\"og:url\" content=\"https:\/\/marieclaire.be\/fr\/vous-avez-les-cheveux-boucles-ou-frises-devenez-la-nouvelle-ambassadrice-de-la-marque-sheamoisture\/\" \/>\n<meta property=\"og:site_name\" content=\"Marie Claire Belgique\" \/>\n<meta property=\"article:publisher\" content=\"https:\/\/www.facebook.com\/MarieClaire.Belgique\/\" \/>\n<meta property=\"article:published_time\" content=\"2022-08-01T14:00:09+00:00\" \/>\n<meta property=\"og:image\" content=\"https:\/\/marieclaire.be\/fr\/wp-content\/uploads\/2012\/07\/imagealaune-mcxsheamoisture-jpg.jpg\" \/>\n\t<meta property=\"og:image:width\" content=\"1280\" \/>\n\t<meta property=\"og:image:height\" content=\"670\" \/>\n\t<meta property=\"og:image:type\" content=\"image\/jpeg\" \/>\n<meta name=\"author\" content=\"Marie Claire Partenaire\" \/>\n<meta name=\"twitter:label1\" content=\"\u00c9crit par\" \/>\n\t<meta name=\"twitter:data1\" content=\"Marie Claire Partenaire\" \/>\n\t<meta name=\"twitter:label2\" content=\"Dur\u00e9e de lecture estim\u00e9e\" \/>\n\t<meta name=\"twitter:data2\" content=\"2 minutes\" \/>\n<script type=\"application\/ld+json\" class=\"yoast-schema-graph\">{\"@context\":\"https:\\\/\\\/schema.org\",\"@graph\":[{\"@type\":\"NewsArticle\",\"@id\":\"https:\\\/\\\/marieclaire.be\\\/fr\\\/vous-avez-les-cheveux-boucles-ou-frises-devenez-la-nouvelle-ambassadrice-de-la-marque-sheamoisture\\\/#article\",\"isPartOf\":{\"@id\":\"https:\\\/\\\/marieclaire.be\\\/fr\\\/vous-avez-les-cheveux-boucles-ou-frises-devenez-la-nouvelle-ambassadrice-de-la-marque-sheamoisture\\\/\"},\"author\":{\"name\":\"Marie Claire Partenaire\",\"@id\":\"https:\\\/\\\/marieclaire.be\\\/fr\\\/#\\\/schema\\\/person\\\/bdba51896db3a4a4d511b535c2bfb06c\"},\"headline\":\"Vous avez les cheveux boucl\u00e9s ou fris\u00e9s ? Devenez la nouvelle ambassadrice de la marque SheaMoisture.\",\"datePublished\":\"2022-08-01T14:00:09+00:00\",\"mainEntityOfPage\":{\"@id\":\"https:\\\/\\\/marieclaire.be\\\/fr\\\/vous-avez-les-cheveux-boucles-ou-frises-devenez-la-nouvelle-ambassadrice-de-la-marque-sheamoisture\\\/\"},\"wordCount\":319,\"publisher\":{\"@id\":\"https:\\\/\\\/marieclaire.be\\\/fr\\\/#organization\"},\"image\":{\"@id\":\"https:\\\/\\\/marieclaire.be\\\/fr\\\/vous-avez-les-cheveux-boucles-ou-frises-devenez-la-nouvelle-ambassadrice-de-la-marque-sheamoisture\\\/#primaryimage\"},\"thumbnailUrl\":\"https:\\\/\\\/marieclaire.be\\\/fr\\\/wp-content\\\/uploads\\\/2012\\\/07\\\/imagealaune-mcxsheamoisture-jpg.jpg\",\"articleSection\":[\"Beaut\u00e9\",\"Cheveux\"],\"inLanguage\":\"fr-FR\"},{\"@type\":\"WebPage\",\"@id\":\"https:\\\/\\\/marieclaire.be\\\/fr\\\/vous-avez-les-cheveux-boucles-ou-frises-devenez-la-nouvelle-ambassadrice-de-la-marque-sheamoisture\\\/\",\"url\":\"https:\\\/\\\/marieclaire.be\\\/fr\\\/vous-avez-les-cheveux-boucles-ou-frises-devenez-la-nouvelle-ambassadrice-de-la-marque-sheamoisture\\\/\",\"name\":\"Vous avez les cheveux boucl\u00e9s ou fris\u00e9s ? - Marie Claire Belgique\",\"isPartOf\":{\"@id\":\"https:\\\/\\\/marieclaire.be\\\/fr\\\/#website\"},\"primaryImageOfPage\":{\"@id\":\"https:\\\/\\\/marieclaire.be\\\/fr\\\/vous-avez-les-cheveux-boucles-ou-frises-devenez-la-nouvelle-ambassadrice-de-la-marque-sheamoisture\\\/#primaryimage\"},\"image\":{\"@id\":\"https:\\\/\\\/marieclaire.be\\\/fr\\\/vous-avez-les-cheveux-boucles-ou-frises-devenez-la-nouvelle-ambassadrice-de-la-marque-sheamoisture\\\/#primaryimage\"},\"thumbnailUrl\":\"https:\\\/\\\/marieclaire.be\\\/fr\\\/wp-content\\\/uploads\\\/2012\\\/07\\\/imagealaune-mcxsheamoisture-jpg.jpg\",\"datePublished\":\"2022-08-01T14:00:09+00:00\",\"description\":\"SheaMoisture est \u00e0 la recherche de sa nouvelle ambassadrice...Alors si vous avez les cheveux boucl\u00e9s ou fris\u00e9s lancez-vous !\",\"breadcrumb\":{\"@id\":\"https:\\\/\\\/marieclaire.be\\\/fr\\\/vous-avez-les-cheveux-boucles-ou-frises-devenez-la-nouvelle-ambassadrice-de-la-marque-sheamoisture\\\/#breadcrumb\"},\"inLanguage\":\"fr-FR\",\"potentialAction\":[{\"@type\":\"ReadAction\",\"target\":[\"https:\\\/\\\/marieclaire.be\\\/fr\\\/vous-avez-les-cheveux-boucles-ou-frises-devenez-la-nouvelle-ambassadrice-de-la-marque-sheamoisture\\\/\"]}]},{\"@type\":\"ImageObject\",\"inLanguage\":\"fr-FR\",\"@id\":\"https:\\\/\\\/marieclaire.be\\\/fr\\\/vous-avez-les-cheveux-boucles-ou-frises-devenez-la-nouvelle-ambassadrice-de-la-marque-sheamoisture\\\/#primaryimage\",\"url\":\"https:\\\/\\\/marieclaire.be\\\/fr\\\/wp-content\\\/uploads\\\/2012\\\/07\\\/imagealaune-mcxsheamoisture-jpg.jpg\",\"contentUrl\":\"https:\\\/\\\/marieclaire.be\\\/fr\\\/wp-content\\\/uploads\\\/2012\\\/07\\\/imagealaune-mcxsheamoisture-jpg.jpg\",\"width\":1280,\"height\":670},{\"@type\":\"BreadcrumbList\",\"@id\":\"https:\\\/\\\/marieclaire.be\\\/fr\\\/vous-avez-les-cheveux-boucles-ou-frises-devenez-la-nouvelle-ambassadrice-de-la-marque-sheamoisture\\\/#breadcrumb\",\"itemListElement\":[{\"@type\":\"ListItem\",\"position\":1,\"name\":\"Accueil\",\"item\":\"https:\\\/\\\/marieclaire.be\\\/fr\\\/\"},{\"@type\":\"ListItem\",\"position\":2,\"name\":\"Vous avez les cheveux boucl\u00e9s ou fris\u00e9s ? Devenez la nouvelle ambassadrice de la marque SheaMoisture.\"}]},{\"@type\":\"WebSite\",\"@id\":\"https:\\\/\\\/marieclaire.be\\\/fr\\\/#website\",\"url\":\"https:\\\/\\\/marieclaire.be\\\/fr\\\/\",\"name\":\"Marie Claire Belgique\",\"description\":\"Marie Claire Belgique, le magazine du style et de l\u2019intelligence qui parle de mode, des tendances, de la beaut\u00e9, de l\u2019actualit\u00e9 et de la culture\",\"publisher\":{\"@id\":\"https:\\\/\\\/marieclaire.be\\\/fr\\\/#organization\"},\"potentialAction\":[{\"@type\":\"SearchAction\",\"target\":{\"@type\":\"EntryPoint\",\"urlTemplate\":\"https:\\\/\\\/marieclaire.be\\\/fr\\\/?s={search_term_string}\"},\"query-input\":{\"@type\":\"PropertyValueSpecification\",\"valueRequired\":true,\"valueName\":\"search_term_string\"}}],\"inLanguage\":\"fr-FR\"},{\"@type\":\"Organization\",\"@id\":\"https:\\\/\\\/marieclaire.be\\\/fr\\\/#organization\",\"name\":\"Marie Claire\",\"url\":\"https:\\\/\\\/marieclaire.be\\\/fr\\\/\",\"logo\":{\"@type\":\"ImageObject\",\"inLanguage\":\"fr-FR\",\"@id\":\"https:\\\/\\\/marieclaire.be\\\/fr\\\/#\\\/schema\\\/logo\\\/image\\\/\",\"url\":\"https:\\\/\\\/marieclaire.be\\\/fr\\\/wp-content\\\/uploads\\\/2018\\\/05\\\/mc-logo2.png\",\"contentUrl\":\"https:\\\/\\\/marieclaire.be\\\/fr\\\/wp-content\\\/uploads\\\/2018\\\/05\\\/mc-logo2.png\",\"width\":1001,\"height\":189,\"caption\":\"Marie Claire\"},\"image\":{\"@id\":\"https:\\\/\\\/marieclaire.be\\\/fr\\\/#\\\/schema\\\/logo\\\/image\\\/\"},\"sameAs\":[\"https:\\\/\\\/www.facebook.com\\\/MarieClaire.Belgique\\\/\",\"https:\\\/\\\/www.instagram.com\\\/marieclaire_belgique\\\/\",\"https:\\\/\\\/fr.pinterest.com\\\/marieclairebe\\\/\",\"https:\\\/\\\/www.youtube.com\\\/user\\\/BelgiumMarieClaire\"]},{\"@type\":\"Person\",\"@id\":\"https:\\\/\\\/marieclaire.be\\\/fr\\\/#\\\/schema\\\/person\\\/bdba51896db3a4a4d511b535c2bfb06c\",\"name\":\"Marie Claire Partenaire\",\"image\":{\"@type\":\"ImageObject\",\"inLanguage\":\"fr-FR\",\"@id\":\"https:\\\/\\\/marieclaire.be\\\/fr\\\/wp-content\\\/uploads\\\/2025\\\/02\\\/mclogo-300x3001-96x96.jpg\",\"url\":\"https:\\\/\\\/marieclaire.be\\\/fr\\\/wp-content\\\/uploads\\\/2025\\\/02\\\/mclogo-300x3001-96x96.jpg\",\"contentUrl\":\"https:\\\/\\\/marieclaire.be\\\/fr\\\/wp-content\\\/uploads\\\/2025\\\/02\\\/mclogo-300x3001-96x96.jpg\",\"caption\":\"Marie Claire Partenaire\"},\"url\":\"https:\\\/\\\/marieclaire.be\\\/fr\\\/author\\\/marie-claire-os\\\/\"}]}<\/script>\n<!-- \/ Yoast SEO plugin. -->","yoast_head_json":{"title":"Vous avez les cheveux boucl\u00e9s ou fris\u00e9s ? - Marie Claire Belgique","description":"SheaMoisture est \u00e0 la recherche de sa nouvelle ambassadrice...Alors si vous avez les cheveux boucl\u00e9s ou fris\u00e9s lancez-vous !","robots":{"index":"index","follow":"follow","max-snippet":"max-snippet:-1","max-image-preview":"max-image-preview:large","max-video-preview":"max-video-preview:-1"},"canonical":"https:\/\/marieclaire.be\/fr\/vous-avez-les-cheveux-boucles-ou-frises-devenez-la-nouvelle-ambassadrice-de-la-marque-sheamoisture\/","og_locale":"fr_FR","og_type":"article","og_title":"Vous avez les cheveux boucl\u00e9s ou fris\u00e9s ? - Marie Claire Belgique","og_description":"SheaMoisture est \u00e0 la recherche de sa nouvelle ambassadrice...Alors si vous avez les cheveux boucl\u00e9s ou fris\u00e9s lancez-vous !","og_url":"https:\/\/marieclaire.be\/fr\/vous-avez-les-cheveux-boucles-ou-frises-devenez-la-nouvelle-ambassadrice-de-la-marque-sheamoisture\/","og_site_name":"Marie Claire Belgique","article_publisher":"https:\/\/www.facebook.com\/MarieClaire.Belgique\/","article_published_time":"2022-08-01T14:00:09+00:00","og_image":[{"width":1280,"height":670,"url":"https:\/\/marieclaire.be\/fr\/wp-content\/uploads\/2012\/07\/imagealaune-mcxsheamoisture-jpg.jpg","type":"image\/jpeg"}],"author":"Marie Claire Partenaire","twitter_misc":{"\u00c9crit par":"Marie Claire Partenaire","Dur\u00e9e de lecture estim\u00e9e":"2 minutes"},"schema":{"@context":"https:\/\/schema.org","@graph":[{"@type":"NewsArticle","@id":"https:\/\/marieclaire.be\/fr\/vous-avez-les-cheveux-boucles-ou-frises-devenez-la-nouvelle-ambassadrice-de-la-marque-sheamoisture\/#article","isPartOf":{"@id":"https:\/\/marieclaire.be\/fr\/vous-avez-les-cheveux-boucles-ou-frises-devenez-la-nouvelle-ambassadrice-de-la-marque-sheamoisture\/"},"author":{"name":"Marie Claire Partenaire","@id":"https:\/\/marieclaire.be\/fr\/#\/schema\/person\/bdba51896db3a4a4d511b535c2bfb06c"},"headline":"Vous avez les cheveux boucl\u00e9s ou fris\u00e9s ? Devenez la nouvelle ambassadrice de la marque SheaMoisture.","datePublished":"2022-08-01T14:00:09+00:00","mainEntityOfPage":{"@id":"https:\/\/marieclaire.be\/fr\/vous-avez-les-cheveux-boucles-ou-frises-devenez-la-nouvelle-ambassadrice-de-la-marque-sheamoisture\/"},"wordCount":319,"publisher":{"@id":"https:\/\/marieclaire.be\/fr\/#organization"},"image":{"@id":"https:\/\/marieclaire.be\/fr\/vous-avez-les-cheveux-boucles-ou-frises-devenez-la-nouvelle-ambassadrice-de-la-marque-sheamoisture\/#primaryimage"},"thumbnailUrl":"https:\/\/marieclaire.be\/fr\/wp-content\/uploads\/2012\/07\/imagealaune-mcxsheamoisture-jpg.jpg","articleSection":["Beaut\u00e9","Cheveux"],"inLanguage":"fr-FR"},{"@type":"WebPage","@id":"https:\/\/marieclaire.be\/fr\/vous-avez-les-cheveux-boucles-ou-frises-devenez-la-nouvelle-ambassadrice-de-la-marque-sheamoisture\/","url":"https:\/\/marieclaire.be\/fr\/vous-avez-les-cheveux-boucles-ou-frises-devenez-la-nouvelle-ambassadrice-de-la-marque-sheamoisture\/","name":"Vous avez les cheveux boucl\u00e9s ou fris\u00e9s ? - Marie Claire Belgique","isPartOf":{"@id":"https:\/\/marieclaire.be\/fr\/#website"},"primaryImageOfPage":{"@id":"https:\/\/marieclaire.be\/fr\/vous-avez-les-cheveux-boucles-ou-frises-devenez-la-nouvelle-ambassadrice-de-la-marque-sheamoisture\/#primaryimage"},"image":{"@id":"https:\/\/marieclaire.be\/fr\/vous-avez-les-cheveux-boucles-ou-frises-devenez-la-nouvelle-ambassadrice-de-la-marque-sheamoisture\/#primaryimage"},"thumbnailUrl":"https:\/\/marieclaire.be\/fr\/wp-content\/uploads\/2012\/07\/imagealaune-mcxsheamoisture-jpg.jpg","datePublished":"2022-08-01T14:00:09+00:00","description":"SheaMoisture est \u00e0 la recherche de sa nouvelle ambassadrice...Alors si vous avez les cheveux boucl\u00e9s ou fris\u00e9s lancez-vous !","breadcrumb":{"@id":"https:\/\/marieclaire.be\/fr\/vous-avez-les-cheveux-boucles-ou-frises-devenez-la-nouvelle-ambassadrice-de-la-marque-sheamoisture\/#breadcrumb"},"inLanguage":"fr-FR","potentialAction":[{"@type":"ReadAction","target":["https:\/\/marieclaire.be\/fr\/vous-avez-les-cheveux-boucles-ou-frises-devenez-la-nouvelle-ambassadrice-de-la-marque-sheamoisture\/"]}]},{"@type":"ImageObject","inLanguage":"fr-FR","@id":"https:\/\/marieclaire.be\/fr\/vous-avez-les-cheveux-boucles-ou-frises-devenez-la-nouvelle-ambassadrice-de-la-marque-sheamoisture\/#primaryimage","url":"https:\/\/marieclaire.be\/fr\/wp-content\/uploads\/2012\/07\/imagealaune-mcxsheamoisture-jpg.jpg","contentUrl":"https:\/\/marieclaire.be\/fr\/wp-content\/uploads\/2012\/07\/imagealaune-mcxsheamoisture-jpg.jpg","width":1280,"height":670},{"@type":"BreadcrumbList","@id":"https:\/\/marieclaire.be\/fr\/vous-avez-les-cheveux-boucles-ou-frises-devenez-la-nouvelle-ambassadrice-de-la-marque-sheamoisture\/#breadcrumb","itemListElement":[{"@type":"ListItem","position":1,"name":"Accueil","item":"https:\/\/marieclaire.be\/fr\/"},{"@type":"ListItem","position":2,"name":"Vous avez les cheveux boucl\u00e9s ou fris\u00e9s ? Devenez la nouvelle ambassadrice de la marque SheaMoisture."}]},{"@type":"WebSite","@id":"https:\/\/marieclaire.be\/fr\/#website","url":"https:\/\/marieclaire.be\/fr\/","name":"Marie Claire Belgique","description":"Marie Claire Belgique, le magazine du style et de l\u2019intelligence qui parle de mode, des tendances, de la beaut\u00e9, de l\u2019actualit\u00e9 et de la culture","publisher":{"@id":"https:\/\/marieclaire.be\/fr\/#organization"},"potentialAction":[{"@type":"SearchAction","target":{"@type":"EntryPoint","urlTemplate":"https:\/\/marieclaire.be\/fr\/?s={search_term_string}"},"query-input":{"@type":"PropertyValueSpecification","valueRequired":true,"valueName":"search_term_string"}}],"inLanguage":"fr-FR"},{"@type":"Organization","@id":"https:\/\/marieclaire.be\/fr\/#organization","name":"Marie Claire","url":"https:\/\/marieclaire.be\/fr\/","logo":{"@type":"ImageObject","inLanguage":"fr-FR","@id":"https:\/\/marieclaire.be\/fr\/#\/schema\/logo\/image\/","url":"https:\/\/marieclaire.be\/fr\/wp-content\/uploads\/2018\/05\/mc-logo2.png","contentUrl":"https:\/\/marieclaire.be\/fr\/wp-content\/uploads\/2018\/05\/mc-logo2.png","width":1001,"height":189,"caption":"Marie Claire"},"image":{"@id":"https:\/\/marieclaire.be\/fr\/#\/schema\/logo\/image\/"},"sameAs":["https:\/\/www.facebook.com\/MarieClaire.Belgique\/","https:\/\/www.instagram.com\/marieclaire_belgique\/","https:\/\/fr.pinterest.com\/marieclairebe\/","https:\/\/www.youtube.com\/user\/BelgiumMarieClaire"]},{"@type":"Person","@id":"https:\/\/marieclaire.be\/fr\/#\/schema\/person\/bdba51896db3a4a4d511b535c2bfb06c","name":"Marie Claire Partenaire","image":{"@type":"ImageObject","inLanguage":"fr-FR","@id":"https:\/\/marieclaire.be\/fr\/wp-content\/uploads\/2025\/02\/mclogo-300x3001-96x96.jpg","url":"https:\/\/marieclaire.be\/fr\/wp-content\/uploads\/2025\/02\/mclogo-300x3001-96x96.jpg","contentUrl":"https:\/\/marieclaire.be\/fr\/wp-content\/uploads\/2025\/02\/mclogo-300x3001-96x96.jpg","caption":"Marie Claire Partenaire"},"url":"https:\/\/marieclaire.be\/fr\/author\/marie-claire-os\/"}]}},"_links":{"self":[{"href":"https:\/\/marieclaire.be\/fr\/wp-json\/wp\/v2\/posts\/117772","targetHints":{"allow":["GET"]}}],"collection":[{"href":"https:\/\/marieclaire.be\/fr\/wp-json\/wp\/v2\/posts"}],"about":[{"href":"https:\/\/marieclaire.be\/fr\/wp-json\/wp\/v2\/types\/post"}],"author":[{"embeddable":true,"href":"https:\/\/marieclaire.be\/fr\/wp-json\/wp\/v2\/users\/44"}],"replies":[{"embeddable":true,"href":"https:\/\/marieclaire.be\/fr\/wp-json\/wp\/v2\/comments?post=117772"}],"version-history":[{"count":11,"href":"https:\/\/marieclaire.be\/fr\/wp-json\/wp\/v2\/posts\/117772\/revisions"}],"predecessor-version":[{"id":117796,"href":"https:\/\/marieclaire.be\/fr\/wp-json\/wp\/v2\/posts\/117772\/revisions\/117796"}],"wp:featuredmedia":[{"embeddable":true,"href":"https:\/\/marieclaire.be\/fr\/wp-json\/wp\/v2\/media\/117795"}],"wp:attachment":[{"href":"https:\/\/marieclaire.be\/fr\/wp-json\/wp\/v2\/media?parent=117772"}],"wp:term":[{"taxonomy":"category","embeddable":true,"href":"https:\/\/marieclaire.be\/fr\/wp-json\/wp\/v2\/categories?post=117772"},{"taxonomy":"post_tag","embeddable":true,"href":"https:\/\/marieclaire.be\/fr\/wp-json\/wp\/v2\/tags?post=117772"}],"curies":[{"name":"wp","href":"https:\/\/api.w.org\/{rel}","templated":true}]}}