{"id":117124,"date":"2025-08-12T07:28:06","date_gmt":"2025-08-12T05:28:06","guid":{"rendered":"https:\/\/marieclaire.be\/fr\/?p=117124"},"modified":"2025-08-12T10:07:55","modified_gmt":"2025-08-12T08:07:55","slug":"recettes-the-glace-maison","status":"publish","type":"post","link":"https:\/\/marieclaire.be\/fr\/recettes-the-glace-maison\/","title":{"rendered":"5 recettes de th\u00e9 glac\u00e9 maison ultra rafra\u00eechissantes"},"content":{"rendered":"","protected":false},"excerpt":{"rendered":"Quoi de mieux pour se rafra\u00eechir que de siroter un d\u00e9licieux th\u00e9 glac\u00e9 maison ? Frais, sain et tr\u00e8s simple \u00e0 pr\u00e9parer, le th\u00e9 glac\u00e9 est la boisson id\u00e9ale \u00e0 savourer tout l&#8217;\u00e9t\u00e9.","protected":false},"author":30,"featured_media":117126,"comment_status":"closed","ping_status":"closed","sticky":false,"template":"","format":"standard","meta":{"_acf_changed":false,"footnotes":""},"categories":[806,67],"tags":[72,184],"class_list":["post-117124","post","type-post","status-publish","format-standard","has-post-thumbnail","hentry","category-food","category-lifestyle","tag-ete","tag-recette"],"acf":[],"_yoast_wpseo_title":null,"_yoast_wpseo_metadesc":"Quoi de mieux pour se rafra\u00eechir par une chaude journ\u00e9e d'\u00e9t\u00e9 que de siroter un d\u00e9licieux th\u00e9 glac\u00e9 maison ? Voici cinq recettes \u00e0 essayer !","image_verticale":"117127","yoast_head":"<!-- This site is optimized with the Yoast SEO plugin v27.3 - https:\/\/yoast.com\/product\/yoast-seo-wordpress\/ -->\n<title>5 recettes de th\u00e9 glac\u00e9 maison ultra rafra\u00eechissantes - Marie Claire Belgique<\/title>\n<meta name=\"description\" content=\"Quoi de mieux pour se rafra\u00eechir par une chaude journ\u00e9e d&#039;\u00e9t\u00e9 que de siroter un d\u00e9licieux th\u00e9 glac\u00e9 maison ? Voici cinq recettes \u00e0 essayer !\" \/>\n<meta name=\"robots\" content=\"index, follow, max-snippet:-1, max-image-preview:large, max-video-preview:-1\" \/>\n<link rel=\"canonical\" href=\"https:\/\/marieclaire.be\/fr\/recettes-the-glace-maison\/\" \/>\n<link rel=\"next\" href=\"https:\/\/marieclaire.be\/fr\/recettes-the-glace-maison\/2\/\" \/>\n<meta property=\"og:locale\" content=\"fr_FR\" \/>\n<meta property=\"og:type\" content=\"article\" \/>\n<meta property=\"og:title\" content=\"5 recettes de th\u00e9 glac\u00e9 maison ultra rafra\u00eechissantes - Marie Claire Belgique\" \/>\n<meta property=\"og:description\" content=\"Quoi de mieux pour se rafra\u00eechir par une chaude journ\u00e9e d&#039;\u00e9t\u00e9 que de siroter un d\u00e9licieux th\u00e9 glac\u00e9 maison ? Voici cinq recettes \u00e0 essayer !\" \/>\n<meta property=\"og:url\" content=\"https:\/\/marieclaire.be\/fr\/recettes-the-glace-maison\/\" \/>\n<meta property=\"og:site_name\" content=\"Marie Claire Belgique\" \/>\n<meta property=\"article:publisher\" content=\"https:\/\/www.facebook.com\/MarieClaire.Belgique\/\" \/>\n<meta property=\"article:published_time\" content=\"2025-08-12T05:28:06+00:00\" \/>\n<meta property=\"article:modified_time\" content=\"2025-08-12T08:07:55+00:00\" \/>\n<meta property=\"og:image\" content=\"https:\/\/marieclaire.be\/fr\/wp-content\/uploads\/2022\/07\/recettes-the-glace.jpg\" \/>\n\t<meta property=\"og:image:width\" content=\"1200\" \/>\n\t<meta property=\"og:image:height\" content=\"628\" \/>\n\t<meta property=\"og:image:type\" content=\"image\/jpeg\" \/>\n<meta name=\"author\" content=\"Malvine Sevrin\" \/>\n<meta name=\"twitter:label1\" content=\"\u00c9crit par\" \/>\n\t<meta name=\"twitter:data1\" content=\"Malvine Sevrin\" \/>\n\t<meta name=\"twitter:label2\" content=\"Dur\u00e9e de lecture estim\u00e9e\" \/>\n\t<meta name=\"twitter:data2\" content=\"5 minutes\" \/>\n<script type=\"application\/ld+json\" class=\"yoast-schema-graph\">{\"@context\":\"https:\\\/\\\/schema.org\",\"@graph\":[{\"@type\":\"NewsArticle\",\"@id\":\"https:\\\/\\\/marieclaire.be\\\/fr\\\/recettes-the-glace-maison\\\/#article\",\"isPartOf\":{\"@id\":\"https:\\\/\\\/marieclaire.be\\\/fr\\\/recettes-the-glace-maison\\\/\"},\"author\":{\"name\":\"Malvine Sevrin\",\"@id\":\"https:\\\/\\\/marieclaire.be\\\/fr\\\/#\\\/schema\\\/person\\\/c71bd7a8c3e622513c7531a39292a34e\"},\"headline\":\"5 recettes de th\u00e9 glac\u00e9 maison ultra rafra\u00eechissantes\",\"datePublished\":\"2025-08-12T05:28:06+00:00\",\"dateModified\":\"2025-08-12T08:07:55+00:00\",\"mainEntityOfPage\":{\"@id\":\"https:\\\/\\\/marieclaire.be\\\/fr\\\/recettes-the-glace-maison\\\/\"},\"wordCount\":749,\"publisher\":{\"@id\":\"https:\\\/\\\/marieclaire.be\\\/fr\\\/#organization\"},\"image\":{\"@id\":\"https:\\\/\\\/marieclaire.be\\\/fr\\\/recettes-the-glace-maison\\\/#primaryimage\"},\"thumbnailUrl\":\"https:\\\/\\\/marieclaire.be\\\/fr\\\/wp-content\\\/uploads\\\/2022\\\/07\\\/recettes-the-glace.jpg\",\"keywords\":[\"\u00e9t\u00e9\",\"recette\"],\"articleSection\":[\"Food\",\"Lifestyle\"],\"inLanguage\":\"fr-FR\"},{\"@type\":\"WebPage\",\"@id\":\"https:\\\/\\\/marieclaire.be\\\/fr\\\/recettes-the-glace-maison\\\/\",\"url\":\"https:\\\/\\\/marieclaire.be\\\/fr\\\/recettes-the-glace-maison\\\/\",\"name\":\"5 recettes de th\u00e9 glac\u00e9 maison ultra rafra\u00eechissantes - Marie Claire Belgique\",\"isPartOf\":{\"@id\":\"https:\\\/\\\/marieclaire.be\\\/fr\\\/#website\"},\"primaryImageOfPage\":{\"@id\":\"https:\\\/\\\/marieclaire.be\\\/fr\\\/recettes-the-glace-maison\\\/#primaryimage\"},\"image\":{\"@id\":\"https:\\\/\\\/marieclaire.be\\\/fr\\\/recettes-the-glace-maison\\\/#primaryimage\"},\"thumbnailUrl\":\"https:\\\/\\\/marieclaire.be\\\/fr\\\/wp-content\\\/uploads\\\/2022\\\/07\\\/recettes-the-glace.jpg\",\"datePublished\":\"2025-08-12T05:28:06+00:00\",\"dateModified\":\"2025-08-12T08:07:55+00:00\",\"description\":\"Quoi de mieux pour se rafra\u00eechir par une chaude journ\u00e9e d'\u00e9t\u00e9 que de siroter un d\u00e9licieux th\u00e9 glac\u00e9 maison ? Voici cinq recettes \u00e0 essayer !\",\"inLanguage\":\"fr-FR\",\"potentialAction\":[{\"@type\":\"ReadAction\",\"target\":[\"https:\\\/\\\/marieclaire.be\\\/fr\\\/recettes-the-glace-maison\\\/\"]}]},{\"@type\":\"ImageObject\",\"inLanguage\":\"fr-FR\",\"@id\":\"https:\\\/\\\/marieclaire.be\\\/fr\\\/recettes-the-glace-maison\\\/#primaryimage\",\"url\":\"https:\\\/\\\/marieclaire.be\\\/fr\\\/wp-content\\\/uploads\\\/2022\\\/07\\\/recettes-the-glace.jpg\",\"contentUrl\":\"https:\\\/\\\/marieclaire.be\\\/fr\\\/wp-content\\\/uploads\\\/2022\\\/07\\\/recettes-the-glace.jpg\",\"width\":1200,\"height\":628,\"caption\":\"Unsplash - svitlana\"},{\"@type\":\"WebSite\",\"@id\":\"https:\\\/\\\/marieclaire.be\\\/fr\\\/#website\",\"url\":\"https:\\\/\\\/marieclaire.be\\\/fr\\\/\",\"name\":\"Marie Claire Belgique\",\"description\":\"Marie Claire Belgique, le magazine du style et de l\u2019intelligence qui parle de mode, des tendances, de la beaut\u00e9, de l\u2019actualit\u00e9 et de la culture\",\"publisher\":{\"@id\":\"https:\\\/\\\/marieclaire.be\\\/fr\\\/#organization\"},\"potentialAction\":[{\"@type\":\"SearchAction\",\"target\":{\"@type\":\"EntryPoint\",\"urlTemplate\":\"https:\\\/\\\/marieclaire.be\\\/fr\\\/?s={search_term_string}\"},\"query-input\":{\"@type\":\"PropertyValueSpecification\",\"valueRequired\":true,\"valueName\":\"search_term_string\"}}],\"inLanguage\":\"fr-FR\"},{\"@type\":\"Organization\",\"@id\":\"https:\\\/\\\/marieclaire.be\\\/fr\\\/#organization\",\"name\":\"Marie Claire\",\"url\":\"https:\\\/\\\/marieclaire.be\\\/fr\\\/\",\"logo\":{\"@type\":\"ImageObject\",\"inLanguage\":\"fr-FR\",\"@id\":\"https:\\\/\\\/marieclaire.be\\\/fr\\\/#\\\/schema\\\/logo\\\/image\\\/\",\"url\":\"https:\\\/\\\/marieclaire.be\\\/fr\\\/wp-content\\\/uploads\\\/2018\\\/05\\\/mc-logo2.png\",\"contentUrl\":\"https:\\\/\\\/marieclaire.be\\\/fr\\\/wp-content\\\/uploads\\\/2018\\\/05\\\/mc-logo2.png\",\"width\":1001,\"height\":189,\"caption\":\"Marie Claire\"},\"image\":{\"@id\":\"https:\\\/\\\/marieclaire.be\\\/fr\\\/#\\\/schema\\\/logo\\\/image\\\/\"},\"sameAs\":[\"https:\\\/\\\/www.facebook.com\\\/MarieClaire.Belgique\\\/\",\"https:\\\/\\\/www.instagram.com\\\/marieclaire_belgique\\\/\",\"https:\\\/\\\/fr.pinterest.com\\\/marieclairebe\\\/\",\"https:\\\/\\\/www.youtube.com\\\/user\\\/BelgiumMarieClaire\"]},{\"@type\":\"Person\",\"@id\":\"https:\\\/\\\/marieclaire.be\\\/fr\\\/#\\\/schema\\\/person\\\/c71bd7a8c3e622513c7531a39292a34e\",\"name\":\"Malvine Sevrin\",\"image\":{\"@type\":\"ImageObject\",\"inLanguage\":\"fr-FR\",\"@id\":\"https:\\\/\\\/marieclaire.be\\\/fr\\\/wp-content\\\/uploads\\\/2017\\\/05\\\/capture-decran-2024-02-13-a-145920-96x96.png\",\"url\":\"https:\\\/\\\/marieclaire.be\\\/fr\\\/wp-content\\\/uploads\\\/2017\\\/05\\\/capture-decran-2024-02-13-a-145920-96x96.png\",\"contentUrl\":\"https:\\\/\\\/marieclaire.be\\\/fr\\\/wp-content\\\/uploads\\\/2017\\\/05\\\/capture-decran-2024-02-13-a-145920-96x96.png\",\"caption\":\"Malvine Sevrin\"},\"description\":\"Des podiums parisiens aux derni\u00e8res nouveaut\u00e9s skincare qui enflamment TikTok, je d\u00e9crypte les tendances pour Marie Claire Belgique. Passionn\u00e9e de voyage, de mode et de beaut\u00e9, je partage mes coups de coeur d\u00e9nich\u00e9s aux quatre coins du globe. En tant que r\u00e9dactrice en chef digital, j'ai \u00e9galement \u00e0 coeur de mettre en lumi\u00e8re les histoires inspirantes de femmes \u00e0 travers notre site et sur nos r\u00e9seaux sociaux.\",\"sameAs\":[\"https:\\\/\\\/www.instagram.com\\\/malvinesev\\\/\"],\"url\":\"https:\\\/\\\/marieclaire.be\\\/fr\\\/author\\\/malvine\\\/\"}]}<\/script>\n<!-- \/ Yoast SEO plugin. -->","yoast_head_json":{"title":"5 recettes de th\u00e9 glac\u00e9 maison ultra rafra\u00eechissantes - Marie Claire Belgique","description":"Quoi de mieux pour se rafra\u00eechir par une chaude journ\u00e9e d'\u00e9t\u00e9 que de siroter un d\u00e9licieux th\u00e9 glac\u00e9 maison ? Voici cinq recettes \u00e0 essayer !","robots":{"index":"index","follow":"follow","max-snippet":"max-snippet:-1","max-image-preview":"max-image-preview:large","max-video-preview":"max-video-preview:-1"},"canonical":"https:\/\/marieclaire.be\/fr\/recettes-the-glace-maison\/","next":"https:\/\/marieclaire.be\/fr\/recettes-the-glace-maison\/2\/","og_locale":"fr_FR","og_type":"article","og_title":"5 recettes de th\u00e9 glac\u00e9 maison ultra rafra\u00eechissantes - Marie Claire Belgique","og_description":"Quoi de mieux pour se rafra\u00eechir par une chaude journ\u00e9e d'\u00e9t\u00e9 que de siroter un d\u00e9licieux th\u00e9 glac\u00e9 maison ? Voici cinq recettes \u00e0 essayer !","og_url":"https:\/\/marieclaire.be\/fr\/recettes-the-glace-maison\/","og_site_name":"Marie Claire Belgique","article_publisher":"https:\/\/www.facebook.com\/MarieClaire.Belgique\/","article_published_time":"2025-08-12T05:28:06+00:00","article_modified_time":"2025-08-12T08:07:55+00:00","og_image":[{"width":1200,"height":628,"url":"https:\/\/marieclaire.be\/fr\/wp-content\/uploads\/2022\/07\/recettes-the-glace.jpg","type":"image\/jpeg"}],"author":"Malvine Sevrin","twitter_misc":{"\u00c9crit par":"Malvine Sevrin","Dur\u00e9e de lecture estim\u00e9e":"5 minutes"},"schema":{"@context":"https:\/\/schema.org","@graph":[{"@type":"NewsArticle","@id":"https:\/\/marieclaire.be\/fr\/recettes-the-glace-maison\/#article","isPartOf":{"@id":"https:\/\/marieclaire.be\/fr\/recettes-the-glace-maison\/"},"author":{"name":"Malvine Sevrin","@id":"https:\/\/marieclaire.be\/fr\/#\/schema\/person\/c71bd7a8c3e622513c7531a39292a34e"},"headline":"5 recettes de th\u00e9 glac\u00e9 maison ultra rafra\u00eechissantes","datePublished":"2025-08-12T05:28:06+00:00","dateModified":"2025-08-12T08:07:55+00:00","mainEntityOfPage":{"@id":"https:\/\/marieclaire.be\/fr\/recettes-the-glace-maison\/"},"wordCount":749,"publisher":{"@id":"https:\/\/marieclaire.be\/fr\/#organization"},"image":{"@id":"https:\/\/marieclaire.be\/fr\/recettes-the-glace-maison\/#primaryimage"},"thumbnailUrl":"https:\/\/marieclaire.be\/fr\/wp-content\/uploads\/2022\/07\/recettes-the-glace.jpg","keywords":["\u00e9t\u00e9","recette"],"articleSection":["Food","Lifestyle"],"inLanguage":"fr-FR"},{"@type":"WebPage","@id":"https:\/\/marieclaire.be\/fr\/recettes-the-glace-maison\/","url":"https:\/\/marieclaire.be\/fr\/recettes-the-glace-maison\/","name":"5 recettes de th\u00e9 glac\u00e9 maison ultra rafra\u00eechissantes - Marie Claire Belgique","isPartOf":{"@id":"https:\/\/marieclaire.be\/fr\/#website"},"primaryImageOfPage":{"@id":"https:\/\/marieclaire.be\/fr\/recettes-the-glace-maison\/#primaryimage"},"image":{"@id":"https:\/\/marieclaire.be\/fr\/recettes-the-glace-maison\/#primaryimage"},"thumbnailUrl":"https:\/\/marieclaire.be\/fr\/wp-content\/uploads\/2022\/07\/recettes-the-glace.jpg","datePublished":"2025-08-12T05:28:06+00:00","dateModified":"2025-08-12T08:07:55+00:00","description":"Quoi de mieux pour se rafra\u00eechir par une chaude journ\u00e9e d'\u00e9t\u00e9 que de siroter un d\u00e9licieux th\u00e9 glac\u00e9 maison ? Voici cinq recettes \u00e0 essayer !","inLanguage":"fr-FR","potentialAction":[{"@type":"ReadAction","target":["https:\/\/marieclaire.be\/fr\/recettes-the-glace-maison\/"]}]},{"@type":"ImageObject","inLanguage":"fr-FR","@id":"https:\/\/marieclaire.be\/fr\/recettes-the-glace-maison\/#primaryimage","url":"https:\/\/marieclaire.be\/fr\/wp-content\/uploads\/2022\/07\/recettes-the-glace.jpg","contentUrl":"https:\/\/marieclaire.be\/fr\/wp-content\/uploads\/2022\/07\/recettes-the-glace.jpg","width":1200,"height":628,"caption":"Unsplash - svitlana"},{"@type":"WebSite","@id":"https:\/\/marieclaire.be\/fr\/#website","url":"https:\/\/marieclaire.be\/fr\/","name":"Marie Claire Belgique","description":"Marie Claire Belgique, le magazine du style et de l\u2019intelligence qui parle de mode, des tendances, de la beaut\u00e9, de l\u2019actualit\u00e9 et de la culture","publisher":{"@id":"https:\/\/marieclaire.be\/fr\/#organization"},"potentialAction":[{"@type":"SearchAction","target":{"@type":"EntryPoint","urlTemplate":"https:\/\/marieclaire.be\/fr\/?s={search_term_string}"},"query-input":{"@type":"PropertyValueSpecification","valueRequired":true,"valueName":"search_term_string"}}],"inLanguage":"fr-FR"},{"@type":"Organization","@id":"https:\/\/marieclaire.be\/fr\/#organization","name":"Marie Claire","url":"https:\/\/marieclaire.be\/fr\/","logo":{"@type":"ImageObject","inLanguage":"fr-FR","@id":"https:\/\/marieclaire.be\/fr\/#\/schema\/logo\/image\/","url":"https:\/\/marieclaire.be\/fr\/wp-content\/uploads\/2018\/05\/mc-logo2.png","contentUrl":"https:\/\/marieclaire.be\/fr\/wp-content\/uploads\/2018\/05\/mc-logo2.png","width":1001,"height":189,"caption":"Marie Claire"},"image":{"@id":"https:\/\/marieclaire.be\/fr\/#\/schema\/logo\/image\/"},"sameAs":["https:\/\/www.facebook.com\/MarieClaire.Belgique\/","https:\/\/www.instagram.com\/marieclaire_belgique\/","https:\/\/fr.pinterest.com\/marieclairebe\/","https:\/\/www.youtube.com\/user\/BelgiumMarieClaire"]},{"@type":"Person","@id":"https:\/\/marieclaire.be\/fr\/#\/schema\/person\/c71bd7a8c3e622513c7531a39292a34e","name":"Malvine Sevrin","image":{"@type":"ImageObject","inLanguage":"fr-FR","@id":"https:\/\/marieclaire.be\/fr\/wp-content\/uploads\/2017\/05\/capture-decran-2024-02-13-a-145920-96x96.png","url":"https:\/\/marieclaire.be\/fr\/wp-content\/uploads\/2017\/05\/capture-decran-2024-02-13-a-145920-96x96.png","contentUrl":"https:\/\/marieclaire.be\/fr\/wp-content\/uploads\/2017\/05\/capture-decran-2024-02-13-a-145920-96x96.png","caption":"Malvine Sevrin"},"description":"Des podiums parisiens aux derni\u00e8res nouveaut\u00e9s skincare qui enflamment TikTok, je d\u00e9crypte les tendances pour Marie Claire Belgique. Passionn\u00e9e de voyage, de mode et de beaut\u00e9, je partage mes coups de coeur d\u00e9nich\u00e9s aux quatre coins du globe. En tant que r\u00e9dactrice en chef digital, j'ai \u00e9galement \u00e0 coeur de mettre en lumi\u00e8re les histoires inspirantes de femmes \u00e0 travers notre site et sur nos r\u00e9seaux sociaux.","sameAs":["https:\/\/www.instagram.com\/malvinesev\/"],"url":"https:\/\/marieclaire.be\/fr\/author\/malvine\/"}]}},"_links":{"self":[{"href":"https:\/\/marieclaire.be\/fr\/wp-json\/wp\/v2\/posts\/117124","targetHints":{"allow":["GET"]}}],"collection":[{"href":"https:\/\/marieclaire.be\/fr\/wp-json\/wp\/v2\/posts"}],"about":[{"href":"https:\/\/marieclaire.be\/fr\/wp-json\/wp\/v2\/types\/post"}],"author":[{"embeddable":true,"href":"https:\/\/marieclaire.be\/fr\/wp-json\/wp\/v2\/users\/30"}],"replies":[{"embeddable":true,"href":"https:\/\/marieclaire.be\/fr\/wp-json\/wp\/v2\/comments?post=117124"}],"version-history":[{"count":8,"href":"https:\/\/marieclaire.be\/fr\/wp-json\/wp\/v2\/posts\/117124\/revisions"}],"predecessor-version":[{"id":127196,"href":"https:\/\/marieclaire.be\/fr\/wp-json\/wp\/v2\/posts\/117124\/revisions\/127196"}],"wp:featuredmedia":[{"embeddable":true,"href":"https:\/\/marieclaire.be\/fr\/wp-json\/wp\/v2\/media\/117126"}],"wp:attachment":[{"href":"https:\/\/marieclaire.be\/fr\/wp-json\/wp\/v2\/media?parent=117124"}],"wp:term":[{"taxonomy":"category","embeddable":true,"href":"https:\/\/marieclaire.be\/fr\/wp-json\/wp\/v2\/categories?post=117124"},{"taxonomy":"post_tag","embeddable":true,"href":"https:\/\/marieclaire.be\/fr\/wp-json\/wp\/v2\/tags?post=117124"}],"curies":[{"name":"wp","href":"https:\/\/api.w.org\/{rel}","templated":true}]}}