{"id":116685,"date":"2023-07-03T07:01:18","date_gmt":"2023-07-03T05:01:18","guid":{"rendered":"https:\/\/marieclaire.be\/fr\/?p=116685"},"modified":"2023-06-27T21:35:41","modified_gmt":"2023-06-27T19:35:41","slug":"bienfaits-monoi-corps-ete","status":"publish","type":"post","link":"https:\/\/marieclaire.be\/fr\/bienfaits-monoi-corps-ete\/","title":{"rendered":"Tout ce qu&#8217;il faut savoir sur le mono\u00ef de Tahiti"},"content":{"rendered":"","protected":false},"excerpt":{"rendered":"Avec son parfum floral et sucr\u00e9, l&#8217;huile de mono\u00ef nous fait r\u00eaver de soleil, de plages de sable fin et de bains de soleil.","protected":false},"author":30,"featured_media":116695,"comment_status":"closed","ping_status":"closed","sticky":false,"template":"","format":"standard","meta":{"_acf_changed":false,"footnotes":""},"categories":[7,20],"tags":[72,627],"class_list":["post-116685","post","type-post","status-publish","format-standard","has-post-thumbnail","hentry","category-beaute","category-soins","tag-ete","tag-peau"],"acf":[],"_yoast_wpseo_title":null,"_yoast_wpseo_metadesc":"Avec son parfum floral et sucr\u00e9, l'huile de mono\u00ef nous fait r\u00eaver de soleil et de sable chaud. Mais quels sont ses bienfaits ?","image_verticale":"116693","yoast_head":"<!-- This site is optimized with the Yoast SEO plugin v27.3 - https:\/\/yoast.com\/product\/yoast-seo-wordpress\/ -->\n<title>Tout ce qu&#039;il faut savoir sur le mono\u00ef de Tahiti - Marie Claire Belgique<\/title>\n<meta name=\"description\" content=\"Avec son parfum floral et sucr\u00e9, l&#039;huile de mono\u00ef nous fait r\u00eaver de soleil et de sable chaud. Mais quels sont ses bienfaits ?\" \/>\n<meta name=\"robots\" content=\"index, follow, max-snippet:-1, max-image-preview:large, max-video-preview:-1\" \/>\n<link rel=\"canonical\" href=\"https:\/\/marieclaire.be\/fr\/bienfaits-monoi-corps-ete\/\" \/>\n<link rel=\"next\" href=\"https:\/\/marieclaire.be\/fr\/bienfaits-monoi-corps-ete\/2\/\" \/>\n<meta property=\"og:locale\" content=\"fr_FR\" \/>\n<meta property=\"og:type\" content=\"article\" \/>\n<meta property=\"og:title\" content=\"Tout ce qu&#039;il faut savoir sur le mono\u00ef de Tahiti - Marie Claire Belgique\" \/>\n<meta property=\"og:description\" content=\"Avec son parfum floral et sucr\u00e9, l&#039;huile de mono\u00ef nous fait r\u00eaver de soleil et de sable chaud. Mais quels sont ses bienfaits ?\" \/>\n<meta property=\"og:url\" content=\"https:\/\/marieclaire.be\/fr\/bienfaits-monoi-corps-ete\/\" \/>\n<meta property=\"og:site_name\" content=\"Marie Claire Belgique\" \/>\n<meta property=\"article:publisher\" content=\"https:\/\/www.facebook.com\/MarieClaire.Belgique\/\" \/>\n<meta property=\"article:published_time\" content=\"2023-07-03T05:01:18+00:00\" \/>\n<meta property=\"og:image\" content=\"https:\/\/marieclaire.be\/fr\/wp-content\/uploads\/2022\/06\/monoi\u03082.webp\" \/>\n\t<meta property=\"og:image:width\" content=\"1280\" \/>\n\t<meta property=\"og:image:height\" content=\"670\" \/>\n\t<meta property=\"og:image:type\" content=\"image\/webp\" \/>\n<meta name=\"author\" content=\"Malvine Sevrin\" \/>\n<meta name=\"twitter:label1\" content=\"\u00c9crit par\" \/>\n\t<meta name=\"twitter:data1\" content=\"Malvine Sevrin\" \/>\n\t<meta name=\"twitter:label2\" content=\"Dur\u00e9e de lecture estim\u00e9e\" \/>\n\t<meta name=\"twitter:data2\" content=\"3 minutes\" \/>\n<script type=\"application\/ld+json\" class=\"yoast-schema-graph\">{\"@context\":\"https:\\\/\\\/schema.org\",\"@graph\":[{\"@type\":\"NewsArticle\",\"@id\":\"https:\\\/\\\/marieclaire.be\\\/fr\\\/bienfaits-monoi-corps-ete\\\/#article\",\"isPartOf\":{\"@id\":\"https:\\\/\\\/marieclaire.be\\\/fr\\\/bienfaits-monoi-corps-ete\\\/\"},\"author\":{\"name\":\"Malvine Sevrin\",\"@id\":\"https:\\\/\\\/marieclaire.be\\\/fr\\\/#\\\/schema\\\/person\\\/c71bd7a8c3e622513c7531a39292a34e\"},\"headline\":\"Tout ce qu&#8217;il faut savoir sur le mono\u00ef de Tahiti\",\"datePublished\":\"2023-07-03T05:01:18+00:00\",\"mainEntityOfPage\":{\"@id\":\"https:\\\/\\\/marieclaire.be\\\/fr\\\/bienfaits-monoi-corps-ete\\\/\"},\"wordCount\":500,\"publisher\":{\"@id\":\"https:\\\/\\\/marieclaire.be\\\/fr\\\/#organization\"},\"image\":{\"@id\":\"https:\\\/\\\/marieclaire.be\\\/fr\\\/bienfaits-monoi-corps-ete\\\/#primaryimage\"},\"thumbnailUrl\":\"https:\\\/\\\/marieclaire.be\\\/fr\\\/wp-content\\\/uploads\\\/2022\\\/06\\\/monoi\u03082.webp\",\"keywords\":[\"\u00e9t\u00e9\",\"Peau\"],\"articleSection\":[\"Beaut\u00e9\",\"Soins\"],\"inLanguage\":\"fr-FR\"},{\"@type\":\"WebPage\",\"@id\":\"https:\\\/\\\/marieclaire.be\\\/fr\\\/bienfaits-monoi-corps-ete\\\/\",\"url\":\"https:\\\/\\\/marieclaire.be\\\/fr\\\/bienfaits-monoi-corps-ete\\\/\",\"name\":\"Tout ce qu'il faut savoir sur le mono\u00ef de Tahiti - Marie Claire Belgique\",\"isPartOf\":{\"@id\":\"https:\\\/\\\/marieclaire.be\\\/fr\\\/#website\"},\"primaryImageOfPage\":{\"@id\":\"https:\\\/\\\/marieclaire.be\\\/fr\\\/bienfaits-monoi-corps-ete\\\/#primaryimage\"},\"image\":{\"@id\":\"https:\\\/\\\/marieclaire.be\\\/fr\\\/bienfaits-monoi-corps-ete\\\/#primaryimage\"},\"thumbnailUrl\":\"https:\\\/\\\/marieclaire.be\\\/fr\\\/wp-content\\\/uploads\\\/2022\\\/06\\\/monoi\u03082.webp\",\"datePublished\":\"2023-07-03T05:01:18+00:00\",\"description\":\"Avec son parfum floral et sucr\u00e9, l'huile de mono\u00ef nous fait r\u00eaver de soleil et de sable chaud. Mais quels sont ses bienfaits ?\",\"inLanguage\":\"fr-FR\",\"potentialAction\":[{\"@type\":\"ReadAction\",\"target\":[\"https:\\\/\\\/marieclaire.be\\\/fr\\\/bienfaits-monoi-corps-ete\\\/\"]}]},{\"@type\":\"ImageObject\",\"inLanguage\":\"fr-FR\",\"@id\":\"https:\\\/\\\/marieclaire.be\\\/fr\\\/bienfaits-monoi-corps-ete\\\/#primaryimage\",\"url\":\"https:\\\/\\\/marieclaire.be\\\/fr\\\/wp-content\\\/uploads\\\/2022\\\/06\\\/monoi\u03082.webp\",\"contentUrl\":\"https:\\\/\\\/marieclaire.be\\\/fr\\\/wp-content\\\/uploads\\\/2022\\\/06\\\/monoi\u03082.webp\",\"width\":1280,\"height\":670,\"caption\":\"D.R.\"},{\"@type\":\"WebSite\",\"@id\":\"https:\\\/\\\/marieclaire.be\\\/fr\\\/#website\",\"url\":\"https:\\\/\\\/marieclaire.be\\\/fr\\\/\",\"name\":\"Marie Claire Belgique\",\"description\":\"Marie Claire Belgique, le magazine du style et de l\u2019intelligence qui parle de mode, des tendances, de la beaut\u00e9, de l\u2019actualit\u00e9 et de la culture\",\"publisher\":{\"@id\":\"https:\\\/\\\/marieclaire.be\\\/fr\\\/#organization\"},\"potentialAction\":[{\"@type\":\"SearchAction\",\"target\":{\"@type\":\"EntryPoint\",\"urlTemplate\":\"https:\\\/\\\/marieclaire.be\\\/fr\\\/?s={search_term_string}\"},\"query-input\":{\"@type\":\"PropertyValueSpecification\",\"valueRequired\":true,\"valueName\":\"search_term_string\"}}],\"inLanguage\":\"fr-FR\"},{\"@type\":\"Organization\",\"@id\":\"https:\\\/\\\/marieclaire.be\\\/fr\\\/#organization\",\"name\":\"Marie Claire\",\"url\":\"https:\\\/\\\/marieclaire.be\\\/fr\\\/\",\"logo\":{\"@type\":\"ImageObject\",\"inLanguage\":\"fr-FR\",\"@id\":\"https:\\\/\\\/marieclaire.be\\\/fr\\\/#\\\/schema\\\/logo\\\/image\\\/\",\"url\":\"https:\\\/\\\/marieclaire.be\\\/fr\\\/wp-content\\\/uploads\\\/2018\\\/05\\\/mc-logo2.png\",\"contentUrl\":\"https:\\\/\\\/marieclaire.be\\\/fr\\\/wp-content\\\/uploads\\\/2018\\\/05\\\/mc-logo2.png\",\"width\":1001,\"height\":189,\"caption\":\"Marie Claire\"},\"image\":{\"@id\":\"https:\\\/\\\/marieclaire.be\\\/fr\\\/#\\\/schema\\\/logo\\\/image\\\/\"},\"sameAs\":[\"https:\\\/\\\/www.facebook.com\\\/MarieClaire.Belgique\\\/\",\"https:\\\/\\\/www.instagram.com\\\/marieclaire_belgique\\\/\",\"https:\\\/\\\/fr.pinterest.com\\\/marieclairebe\\\/\",\"https:\\\/\\\/www.youtube.com\\\/user\\\/BelgiumMarieClaire\"]},{\"@type\":\"Person\",\"@id\":\"https:\\\/\\\/marieclaire.be\\\/fr\\\/#\\\/schema\\\/person\\\/c71bd7a8c3e622513c7531a39292a34e\",\"name\":\"Malvine Sevrin\",\"image\":{\"@type\":\"ImageObject\",\"inLanguage\":\"fr-FR\",\"@id\":\"https:\\\/\\\/marieclaire.be\\\/fr\\\/wp-content\\\/uploads\\\/2017\\\/05\\\/capture-decran-2024-02-13-a-145920-96x96.png\",\"url\":\"https:\\\/\\\/marieclaire.be\\\/fr\\\/wp-content\\\/uploads\\\/2017\\\/05\\\/capture-decran-2024-02-13-a-145920-96x96.png\",\"contentUrl\":\"https:\\\/\\\/marieclaire.be\\\/fr\\\/wp-content\\\/uploads\\\/2017\\\/05\\\/capture-decran-2024-02-13-a-145920-96x96.png\",\"caption\":\"Malvine Sevrin\"},\"description\":\"Des podiums parisiens aux derni\u00e8res nouveaut\u00e9s skincare qui enflamment TikTok, je d\u00e9crypte les tendances pour Marie Claire Belgique. Passionn\u00e9e de voyage, de mode et de beaut\u00e9, je partage mes coups de coeur d\u00e9nich\u00e9s aux quatre coins du globe. En tant que r\u00e9dactrice en chef digital, j'ai \u00e9galement \u00e0 coeur de mettre en lumi\u00e8re les histoires inspirantes de femmes \u00e0 travers notre site et sur nos r\u00e9seaux sociaux.\",\"sameAs\":[\"https:\\\/\\\/www.instagram.com\\\/malvinesev\\\/\"],\"url\":\"https:\\\/\\\/marieclaire.be\\\/fr\\\/author\\\/malvine\\\/\"}]}<\/script>\n<!-- \/ Yoast SEO plugin. -->","yoast_head_json":{"title":"Tout ce qu'il faut savoir sur le mono\u00ef de Tahiti - Marie Claire Belgique","description":"Avec son parfum floral et sucr\u00e9, l'huile de mono\u00ef nous fait r\u00eaver de soleil et de sable chaud. Mais quels sont ses bienfaits ?","robots":{"index":"index","follow":"follow","max-snippet":"max-snippet:-1","max-image-preview":"max-image-preview:large","max-video-preview":"max-video-preview:-1"},"canonical":"https:\/\/marieclaire.be\/fr\/bienfaits-monoi-corps-ete\/","next":"https:\/\/marieclaire.be\/fr\/bienfaits-monoi-corps-ete\/2\/","og_locale":"fr_FR","og_type":"article","og_title":"Tout ce qu'il faut savoir sur le mono\u00ef de Tahiti - Marie Claire Belgique","og_description":"Avec son parfum floral et sucr\u00e9, l'huile de mono\u00ef nous fait r\u00eaver de soleil et de sable chaud. Mais quels sont ses bienfaits ?","og_url":"https:\/\/marieclaire.be\/fr\/bienfaits-monoi-corps-ete\/","og_site_name":"Marie Claire Belgique","article_publisher":"https:\/\/www.facebook.com\/MarieClaire.Belgique\/","article_published_time":"2023-07-03T05:01:18+00:00","og_image":[{"width":1280,"height":670,"url":"https:\/\/marieclaire.be\/fr\/wp-content\/uploads\/2022\/06\/monoi\u03082.webp","type":"image\/webp"}],"author":"Malvine Sevrin","twitter_misc":{"\u00c9crit par":"Malvine Sevrin","Dur\u00e9e de lecture estim\u00e9e":"3 minutes"},"schema":{"@context":"https:\/\/schema.org","@graph":[{"@type":"NewsArticle","@id":"https:\/\/marieclaire.be\/fr\/bienfaits-monoi-corps-ete\/#article","isPartOf":{"@id":"https:\/\/marieclaire.be\/fr\/bienfaits-monoi-corps-ete\/"},"author":{"name":"Malvine Sevrin","@id":"https:\/\/marieclaire.be\/fr\/#\/schema\/person\/c71bd7a8c3e622513c7531a39292a34e"},"headline":"Tout ce qu&#8217;il faut savoir sur le mono\u00ef de Tahiti","datePublished":"2023-07-03T05:01:18+00:00","mainEntityOfPage":{"@id":"https:\/\/marieclaire.be\/fr\/bienfaits-monoi-corps-ete\/"},"wordCount":500,"publisher":{"@id":"https:\/\/marieclaire.be\/fr\/#organization"},"image":{"@id":"https:\/\/marieclaire.be\/fr\/bienfaits-monoi-corps-ete\/#primaryimage"},"thumbnailUrl":"https:\/\/marieclaire.be\/fr\/wp-content\/uploads\/2022\/06\/monoi\u03082.webp","keywords":["\u00e9t\u00e9","Peau"],"articleSection":["Beaut\u00e9","Soins"],"inLanguage":"fr-FR"},{"@type":"WebPage","@id":"https:\/\/marieclaire.be\/fr\/bienfaits-monoi-corps-ete\/","url":"https:\/\/marieclaire.be\/fr\/bienfaits-monoi-corps-ete\/","name":"Tout ce qu'il faut savoir sur le mono\u00ef de Tahiti - Marie Claire Belgique","isPartOf":{"@id":"https:\/\/marieclaire.be\/fr\/#website"},"primaryImageOfPage":{"@id":"https:\/\/marieclaire.be\/fr\/bienfaits-monoi-corps-ete\/#primaryimage"},"image":{"@id":"https:\/\/marieclaire.be\/fr\/bienfaits-monoi-corps-ete\/#primaryimage"},"thumbnailUrl":"https:\/\/marieclaire.be\/fr\/wp-content\/uploads\/2022\/06\/monoi\u03082.webp","datePublished":"2023-07-03T05:01:18+00:00","description":"Avec son parfum floral et sucr\u00e9, l'huile de mono\u00ef nous fait r\u00eaver de soleil et de sable chaud. Mais quels sont ses bienfaits ?","inLanguage":"fr-FR","potentialAction":[{"@type":"ReadAction","target":["https:\/\/marieclaire.be\/fr\/bienfaits-monoi-corps-ete\/"]}]},{"@type":"ImageObject","inLanguage":"fr-FR","@id":"https:\/\/marieclaire.be\/fr\/bienfaits-monoi-corps-ete\/#primaryimage","url":"https:\/\/marieclaire.be\/fr\/wp-content\/uploads\/2022\/06\/monoi\u03082.webp","contentUrl":"https:\/\/marieclaire.be\/fr\/wp-content\/uploads\/2022\/06\/monoi\u03082.webp","width":1280,"height":670,"caption":"D.R."},{"@type":"WebSite","@id":"https:\/\/marieclaire.be\/fr\/#website","url":"https:\/\/marieclaire.be\/fr\/","name":"Marie Claire Belgique","description":"Marie Claire Belgique, le magazine du style et de l\u2019intelligence qui parle de mode, des tendances, de la beaut\u00e9, de l\u2019actualit\u00e9 et de la culture","publisher":{"@id":"https:\/\/marieclaire.be\/fr\/#organization"},"potentialAction":[{"@type":"SearchAction","target":{"@type":"EntryPoint","urlTemplate":"https:\/\/marieclaire.be\/fr\/?s={search_term_string}"},"query-input":{"@type":"PropertyValueSpecification","valueRequired":true,"valueName":"search_term_string"}}],"inLanguage":"fr-FR"},{"@type":"Organization","@id":"https:\/\/marieclaire.be\/fr\/#organization","name":"Marie Claire","url":"https:\/\/marieclaire.be\/fr\/","logo":{"@type":"ImageObject","inLanguage":"fr-FR","@id":"https:\/\/marieclaire.be\/fr\/#\/schema\/logo\/image\/","url":"https:\/\/marieclaire.be\/fr\/wp-content\/uploads\/2018\/05\/mc-logo2.png","contentUrl":"https:\/\/marieclaire.be\/fr\/wp-content\/uploads\/2018\/05\/mc-logo2.png","width":1001,"height":189,"caption":"Marie Claire"},"image":{"@id":"https:\/\/marieclaire.be\/fr\/#\/schema\/logo\/image\/"},"sameAs":["https:\/\/www.facebook.com\/MarieClaire.Belgique\/","https:\/\/www.instagram.com\/marieclaire_belgique\/","https:\/\/fr.pinterest.com\/marieclairebe\/","https:\/\/www.youtube.com\/user\/BelgiumMarieClaire"]},{"@type":"Person","@id":"https:\/\/marieclaire.be\/fr\/#\/schema\/person\/c71bd7a8c3e622513c7531a39292a34e","name":"Malvine Sevrin","image":{"@type":"ImageObject","inLanguage":"fr-FR","@id":"https:\/\/marieclaire.be\/fr\/wp-content\/uploads\/2017\/05\/capture-decran-2024-02-13-a-145920-96x96.png","url":"https:\/\/marieclaire.be\/fr\/wp-content\/uploads\/2017\/05\/capture-decran-2024-02-13-a-145920-96x96.png","contentUrl":"https:\/\/marieclaire.be\/fr\/wp-content\/uploads\/2017\/05\/capture-decran-2024-02-13-a-145920-96x96.png","caption":"Malvine Sevrin"},"description":"Des podiums parisiens aux derni\u00e8res nouveaut\u00e9s skincare qui enflamment TikTok, je d\u00e9crypte les tendances pour Marie Claire Belgique. Passionn\u00e9e de voyage, de mode et de beaut\u00e9, je partage mes coups de coeur d\u00e9nich\u00e9s aux quatre coins du globe. En tant que r\u00e9dactrice en chef digital, j'ai \u00e9galement \u00e0 coeur de mettre en lumi\u00e8re les histoires inspirantes de femmes \u00e0 travers notre site et sur nos r\u00e9seaux sociaux.","sameAs":["https:\/\/www.instagram.com\/malvinesev\/"],"url":"https:\/\/marieclaire.be\/fr\/author\/malvine\/"}]}},"_links":{"self":[{"href":"https:\/\/marieclaire.be\/fr\/wp-json\/wp\/v2\/posts\/116685","targetHints":{"allow":["GET"]}}],"collection":[{"href":"https:\/\/marieclaire.be\/fr\/wp-json\/wp\/v2\/posts"}],"about":[{"href":"https:\/\/marieclaire.be\/fr\/wp-json\/wp\/v2\/types\/post"}],"author":[{"embeddable":true,"href":"https:\/\/marieclaire.be\/fr\/wp-json\/wp\/v2\/users\/30"}],"replies":[{"embeddable":true,"href":"https:\/\/marieclaire.be\/fr\/wp-json\/wp\/v2\/comments?post=116685"}],"version-history":[{"count":7,"href":"https:\/\/marieclaire.be\/fr\/wp-json\/wp\/v2\/posts\/116685\/revisions"}],"predecessor-version":[{"id":127189,"href":"https:\/\/marieclaire.be\/fr\/wp-json\/wp\/v2\/posts\/116685\/revisions\/127189"}],"wp:featuredmedia":[{"embeddable":true,"href":"https:\/\/marieclaire.be\/fr\/wp-json\/wp\/v2\/media\/116695"}],"wp:attachment":[{"href":"https:\/\/marieclaire.be\/fr\/wp-json\/wp\/v2\/media?parent=116685"}],"wp:term":[{"taxonomy":"category","embeddable":true,"href":"https:\/\/marieclaire.be\/fr\/wp-json\/wp\/v2\/categories?post=116685"},{"taxonomy":"post_tag","embeddable":true,"href":"https:\/\/marieclaire.be\/fr\/wp-json\/wp\/v2\/tags?post=116685"}],"curies":[{"name":"wp","href":"https:\/\/api.w.org\/{rel}","templated":true}]}}