{"id":116489,"date":"2022-06-22T07:45:09","date_gmt":"2022-06-22T05:45:09","guid":{"rendered":"https:\/\/marieclaire.be\/fr\/?p=116489"},"modified":"2022-06-21T10:38:19","modified_gmt":"2022-06-21T08:38:19","slug":"comment-choisir-blush-selon-carnation","status":"publish","type":"post","link":"https:\/\/marieclaire.be\/fr\/comment-choisir-blush-selon-carnation\/","title":{"rendered":"Quelle couleur de blush choisir selon ma carnation ?"},"content":{"rendered":"","protected":false},"excerpt":{"rendered":"Comment choisir le bon blush selon son teint ? Des carnations claires aux peaux mates \u00e0 noires, voici tous nos conseils pour trouver le fard \u00e0 joues id\u00e9al.","protected":false},"author":2,"featured_media":116493,"comment_status":"closed","ping_status":"closed","sticky":false,"template":"","format":"standard","meta":{"_acf_changed":false,"footnotes":""},"categories":[7,15],"tags":[627],"class_list":["post-116489","post","type-post","status-publish","format-standard","has-post-thumbnail","hentry","category-beaute","category-maquillage","tag-peau"],"acf":[],"_yoast_wpseo_title":null,"_yoast_wpseo_metadesc":"En r\u00e8gle g\u00e9n\u00e9rale, un blush ne se choisit pas sur un coup de c\u0153ur, mais doit s'accorder avec notre teint pour un r\u00e9sultat naturel.","image_verticale":"116492","yoast_head":"<!-- This site is optimized with the Yoast SEO plugin v27.3 - https:\/\/yoast.com\/product\/yoast-seo-wordpress\/ -->\n<title>Quelle couleur de blush choisir selon ma carnation ? - Marie Claire Belgique<\/title>\n<meta name=\"description\" content=\"En r\u00e8gle g\u00e9n\u00e9rale, un blush ne se choisit pas sur un coup de c\u0153ur, mais doit s&#039;accorder avec notre teint pour un r\u00e9sultat naturel.\" \/>\n<meta name=\"robots\" content=\"index, follow, max-snippet:-1, max-image-preview:large, max-video-preview:-1\" \/>\n<link rel=\"canonical\" href=\"https:\/\/www.marieclaire.fr\/,choisir-mon-blush-selon-mon-teint-et-mes-cheveux,781720.asp\" \/>\n<link rel=\"next\" href=\"https:\/\/marieclaire.be\/fr\/comment-choisir-blush-selon-carnation\/2\/\" \/>\n<meta property=\"og:locale\" content=\"fr_FR\" \/>\n<meta property=\"og:type\" content=\"article\" \/>\n<meta property=\"og:title\" content=\"Quelle couleur de blush choisir selon ma carnation ? - Marie Claire Belgique\" \/>\n<meta property=\"og:description\" content=\"En r\u00e8gle g\u00e9n\u00e9rale, un blush ne se choisit pas sur un coup de c\u0153ur, mais doit s&#039;accorder avec notre teint pour un r\u00e9sultat naturel.\" \/>\n<meta property=\"og:url\" content=\"https:\/\/www.marieclaire.fr\/,choisir-mon-blush-selon-mon-teint-et-mes-cheveux,781720.asp\" \/>\n<meta property=\"og:site_name\" content=\"Marie Claire Belgique\" \/>\n<meta property=\"article:publisher\" content=\"https:\/\/www.facebook.com\/MarieClaire.Belgique\/\" \/>\n<meta property=\"article:published_time\" content=\"2022-06-22T05:45:09+00:00\" \/>\n<meta property=\"og:image\" content=\"https:\/\/marieclaire.be\/fr\/wp-content\/uploads\/2022\/06\/blush-choisir.jpg\" \/>\n\t<meta property=\"og:image:width\" content=\"1200\" \/>\n\t<meta property=\"og:image:height\" content=\"628\" \/>\n\t<meta property=\"og:image:type\" content=\"image\/jpeg\" \/>\n<meta name=\"author\" content=\"Marieclaire\" \/>\n<meta name=\"twitter:label1\" content=\"\u00c9crit par\" \/>\n\t<meta name=\"twitter:data1\" content=\"Marieclaire\" \/>\n\t<meta name=\"twitter:label2\" content=\"Dur\u00e9e de lecture estim\u00e9e\" \/>\n\t<meta name=\"twitter:data2\" content=\"3 minutes\" \/>\n<script type=\"application\/ld+json\" class=\"yoast-schema-graph\">{\"@context\":\"https:\\\/\\\/schema.org\",\"@graph\":[{\"@type\":\"NewsArticle\",\"@id\":\"https:\\\/\\\/www.marieclaire.fr\\\/%2cchoisir-mon-blush-selon-mon-teint-et-mes-cheveux%2c781720.asp#article\",\"isPartOf\":{\"@id\":\"https:\\\/\\\/marieclaire.be\\\/fr\\\/comment-choisir-blush-selon-carnation\\\/\"},\"author\":{\"name\":\"Marieclaire\",\"@id\":\"https:\\\/\\\/marieclaire.be\\\/fr\\\/#\\\/schema\\\/person\\\/be1fb0a9a9509ad07ea6321bf4bf3524\"},\"headline\":\"Quelle couleur de blush choisir selon ma carnation ?\",\"datePublished\":\"2022-06-22T05:45:09+00:00\",\"mainEntityOfPage\":{\"@id\":\"https:\\\/\\\/marieclaire.be\\\/fr\\\/comment-choisir-blush-selon-carnation\\\/\"},\"wordCount\":536,\"publisher\":{\"@id\":\"https:\\\/\\\/marieclaire.be\\\/fr\\\/#organization\"},\"image\":{\"@id\":\"https:\\\/\\\/www.marieclaire.fr\\\/%2cchoisir-mon-blush-selon-mon-teint-et-mes-cheveux%2c781720.asp#primaryimage\"},\"thumbnailUrl\":\"https:\\\/\\\/marieclaire.be\\\/fr\\\/wp-content\\\/uploads\\\/2022\\\/06\\\/blush-choisir.jpg\",\"keywords\":[\"Peau\"],\"articleSection\":[\"Beaut\u00e9\",\"Maquillage\"],\"inLanguage\":\"fr-FR\"},{\"@type\":\"WebPage\",\"@id\":\"https:\\\/\\\/marieclaire.be\\\/fr\\\/comment-choisir-blush-selon-carnation\\\/\",\"url\":\"https:\\\/\\\/www.marieclaire.fr\\\/%2cchoisir-mon-blush-selon-mon-teint-et-mes-cheveux%2c781720.asp\",\"name\":\"Quelle couleur de blush choisir selon ma carnation ? - Marie Claire Belgique\",\"isPartOf\":{\"@id\":\"https:\\\/\\\/marieclaire.be\\\/fr\\\/#website\"},\"primaryImageOfPage\":{\"@id\":\"https:\\\/\\\/www.marieclaire.fr\\\/%2cchoisir-mon-blush-selon-mon-teint-et-mes-cheveux%2c781720.asp#primaryimage\"},\"image\":{\"@id\":\"https:\\\/\\\/www.marieclaire.fr\\\/%2cchoisir-mon-blush-selon-mon-teint-et-mes-cheveux%2c781720.asp#primaryimage\"},\"thumbnailUrl\":\"https:\\\/\\\/marieclaire.be\\\/fr\\\/wp-content\\\/uploads\\\/2022\\\/06\\\/blush-choisir.jpg\",\"datePublished\":\"2022-06-22T05:45:09+00:00\",\"description\":\"En r\u00e8gle g\u00e9n\u00e9rale, un blush ne se choisit pas sur un coup de c\u0153ur, mais doit s'accorder avec notre teint pour un r\u00e9sultat naturel.\",\"inLanguage\":\"fr-FR\",\"potentialAction\":[{\"@type\":\"ReadAction\",\"target\":[\"https:\\\/\\\/www.marieclaire.fr\\\/%2cchoisir-mon-blush-selon-mon-teint-et-mes-cheveux%2c781720.asp\"]}]},{\"@type\":\"ImageObject\",\"inLanguage\":\"fr-FR\",\"@id\":\"https:\\\/\\\/www.marieclaire.fr\\\/%2cchoisir-mon-blush-selon-mon-teint-et-mes-cheveux%2c781720.asp#primaryimage\",\"url\":\"https:\\\/\\\/marieclaire.be\\\/fr\\\/wp-content\\\/uploads\\\/2022\\\/06\\\/blush-choisir.jpg\",\"contentUrl\":\"https:\\\/\\\/marieclaire.be\\\/fr\\\/wp-content\\\/uploads\\\/2022\\\/06\\\/blush-choisir.jpg\",\"width\":1200,\"height\":628,\"caption\":\"Getty Images\"},{\"@type\":\"WebSite\",\"@id\":\"https:\\\/\\\/marieclaire.be\\\/fr\\\/#website\",\"url\":\"https:\\\/\\\/marieclaire.be\\\/fr\\\/\",\"name\":\"Marie Claire Belgique\",\"description\":\"Marie Claire Belgique, le magazine du style et de l\u2019intelligence qui parle de mode, des tendances, de la beaut\u00e9, de l\u2019actualit\u00e9 et de la culture\",\"publisher\":{\"@id\":\"https:\\\/\\\/marieclaire.be\\\/fr\\\/#organization\"},\"potentialAction\":[{\"@type\":\"SearchAction\",\"target\":{\"@type\":\"EntryPoint\",\"urlTemplate\":\"https:\\\/\\\/marieclaire.be\\\/fr\\\/?s={search_term_string}\"},\"query-input\":{\"@type\":\"PropertyValueSpecification\",\"valueRequired\":true,\"valueName\":\"search_term_string\"}}],\"inLanguage\":\"fr-FR\"},{\"@type\":\"Organization\",\"@id\":\"https:\\\/\\\/marieclaire.be\\\/fr\\\/#organization\",\"name\":\"Marie Claire\",\"url\":\"https:\\\/\\\/marieclaire.be\\\/fr\\\/\",\"logo\":{\"@type\":\"ImageObject\",\"inLanguage\":\"fr-FR\",\"@id\":\"https:\\\/\\\/marieclaire.be\\\/fr\\\/#\\\/schema\\\/logo\\\/image\\\/\",\"url\":\"https:\\\/\\\/marieclaire.be\\\/fr\\\/wp-content\\\/uploads\\\/2018\\\/05\\\/mc-logo2.png\",\"contentUrl\":\"https:\\\/\\\/marieclaire.be\\\/fr\\\/wp-content\\\/uploads\\\/2018\\\/05\\\/mc-logo2.png\",\"width\":1001,\"height\":189,\"caption\":\"Marie Claire\"},\"image\":{\"@id\":\"https:\\\/\\\/marieclaire.be\\\/fr\\\/#\\\/schema\\\/logo\\\/image\\\/\"},\"sameAs\":[\"https:\\\/\\\/www.facebook.com\\\/MarieClaire.Belgique\\\/\",\"https:\\\/\\\/www.instagram.com\\\/marieclaire_belgique\\\/\",\"https:\\\/\\\/fr.pinterest.com\\\/marieclairebe\\\/\",\"https:\\\/\\\/www.youtube.com\\\/user\\\/BelgiumMarieClaire\"]},{\"@type\":\"Person\",\"@id\":\"https:\\\/\\\/marieclaire.be\\\/fr\\\/#\\\/schema\\\/person\\\/be1fb0a9a9509ad07ea6321bf4bf3524\",\"name\":\"Marieclaire\",\"image\":{\"@type\":\"ImageObject\",\"inLanguage\":\"fr-FR\",\"@id\":\"https:\\\/\\\/marieclaire.be\\\/fr\\\/wp-content\\\/uploads\\\/2016\\\/11\\\/mclogo-96x96.jpg\",\"url\":\"https:\\\/\\\/marieclaire.be\\\/fr\\\/wp-content\\\/uploads\\\/2016\\\/11\\\/mclogo-96x96.jpg\",\"contentUrl\":\"https:\\\/\\\/marieclaire.be\\\/fr\\\/wp-content\\\/uploads\\\/2016\\\/11\\\/mclogo-96x96.jpg\",\"caption\":\"Marieclaire\"},\"url\":\"https:\\\/\\\/marieclaire.be\\\/fr\\\/author\\\/marieclaire\\\/\"}]}<\/script>\n<!-- \/ Yoast SEO plugin. -->","yoast_head_json":{"title":"Quelle couleur de blush choisir selon ma carnation ? - Marie Claire Belgique","description":"En r\u00e8gle g\u00e9n\u00e9rale, un blush ne se choisit pas sur un coup de c\u0153ur, mais doit s'accorder avec notre teint pour un r\u00e9sultat naturel.","robots":{"index":"index","follow":"follow","max-snippet":"max-snippet:-1","max-image-preview":"max-image-preview:large","max-video-preview":"max-video-preview:-1"},"canonical":"https:\/\/www.marieclaire.fr\/,choisir-mon-blush-selon-mon-teint-et-mes-cheveux,781720.asp","next":"https:\/\/marieclaire.be\/fr\/comment-choisir-blush-selon-carnation\/2\/","og_locale":"fr_FR","og_type":"article","og_title":"Quelle couleur de blush choisir selon ma carnation ? - Marie Claire Belgique","og_description":"En r\u00e8gle g\u00e9n\u00e9rale, un blush ne se choisit pas sur un coup de c\u0153ur, mais doit s'accorder avec notre teint pour un r\u00e9sultat naturel.","og_url":"https:\/\/www.marieclaire.fr\/,choisir-mon-blush-selon-mon-teint-et-mes-cheveux,781720.asp","og_site_name":"Marie Claire Belgique","article_publisher":"https:\/\/www.facebook.com\/MarieClaire.Belgique\/","article_published_time":"2022-06-22T05:45:09+00:00","og_image":[{"width":1200,"height":628,"url":"https:\/\/marieclaire.be\/fr\/wp-content\/uploads\/2022\/06\/blush-choisir.jpg","type":"image\/jpeg"}],"author":"Marieclaire","twitter_misc":{"\u00c9crit par":"Marieclaire","Dur\u00e9e de lecture estim\u00e9e":"3 minutes"},"schema":{"@context":"https:\/\/schema.org","@graph":[{"@type":"NewsArticle","@id":"https:\/\/www.marieclaire.fr\/%2cchoisir-mon-blush-selon-mon-teint-et-mes-cheveux%2c781720.asp#article","isPartOf":{"@id":"https:\/\/marieclaire.be\/fr\/comment-choisir-blush-selon-carnation\/"},"author":{"name":"Marieclaire","@id":"https:\/\/marieclaire.be\/fr\/#\/schema\/person\/be1fb0a9a9509ad07ea6321bf4bf3524"},"headline":"Quelle couleur de blush choisir selon ma carnation ?","datePublished":"2022-06-22T05:45:09+00:00","mainEntityOfPage":{"@id":"https:\/\/marieclaire.be\/fr\/comment-choisir-blush-selon-carnation\/"},"wordCount":536,"publisher":{"@id":"https:\/\/marieclaire.be\/fr\/#organization"},"image":{"@id":"https:\/\/www.marieclaire.fr\/%2cchoisir-mon-blush-selon-mon-teint-et-mes-cheveux%2c781720.asp#primaryimage"},"thumbnailUrl":"https:\/\/marieclaire.be\/fr\/wp-content\/uploads\/2022\/06\/blush-choisir.jpg","keywords":["Peau"],"articleSection":["Beaut\u00e9","Maquillage"],"inLanguage":"fr-FR"},{"@type":"WebPage","@id":"https:\/\/marieclaire.be\/fr\/comment-choisir-blush-selon-carnation\/","url":"https:\/\/www.marieclaire.fr\/%2cchoisir-mon-blush-selon-mon-teint-et-mes-cheveux%2c781720.asp","name":"Quelle couleur de blush choisir selon ma carnation ? - Marie Claire Belgique","isPartOf":{"@id":"https:\/\/marieclaire.be\/fr\/#website"},"primaryImageOfPage":{"@id":"https:\/\/www.marieclaire.fr\/%2cchoisir-mon-blush-selon-mon-teint-et-mes-cheveux%2c781720.asp#primaryimage"},"image":{"@id":"https:\/\/www.marieclaire.fr\/%2cchoisir-mon-blush-selon-mon-teint-et-mes-cheveux%2c781720.asp#primaryimage"},"thumbnailUrl":"https:\/\/marieclaire.be\/fr\/wp-content\/uploads\/2022\/06\/blush-choisir.jpg","datePublished":"2022-06-22T05:45:09+00:00","description":"En r\u00e8gle g\u00e9n\u00e9rale, un blush ne se choisit pas sur un coup de c\u0153ur, mais doit s'accorder avec notre teint pour un r\u00e9sultat naturel.","inLanguage":"fr-FR","potentialAction":[{"@type":"ReadAction","target":["https:\/\/www.marieclaire.fr\/%2cchoisir-mon-blush-selon-mon-teint-et-mes-cheveux%2c781720.asp"]}]},{"@type":"ImageObject","inLanguage":"fr-FR","@id":"https:\/\/www.marieclaire.fr\/%2cchoisir-mon-blush-selon-mon-teint-et-mes-cheveux%2c781720.asp#primaryimage","url":"https:\/\/marieclaire.be\/fr\/wp-content\/uploads\/2022\/06\/blush-choisir.jpg","contentUrl":"https:\/\/marieclaire.be\/fr\/wp-content\/uploads\/2022\/06\/blush-choisir.jpg","width":1200,"height":628,"caption":"Getty Images"},{"@type":"WebSite","@id":"https:\/\/marieclaire.be\/fr\/#website","url":"https:\/\/marieclaire.be\/fr\/","name":"Marie Claire Belgique","description":"Marie Claire Belgique, le magazine du style et de l\u2019intelligence qui parle de mode, des tendances, de la beaut\u00e9, de l\u2019actualit\u00e9 et de la culture","publisher":{"@id":"https:\/\/marieclaire.be\/fr\/#organization"},"potentialAction":[{"@type":"SearchAction","target":{"@type":"EntryPoint","urlTemplate":"https:\/\/marieclaire.be\/fr\/?s={search_term_string}"},"query-input":{"@type":"PropertyValueSpecification","valueRequired":true,"valueName":"search_term_string"}}],"inLanguage":"fr-FR"},{"@type":"Organization","@id":"https:\/\/marieclaire.be\/fr\/#organization","name":"Marie Claire","url":"https:\/\/marieclaire.be\/fr\/","logo":{"@type":"ImageObject","inLanguage":"fr-FR","@id":"https:\/\/marieclaire.be\/fr\/#\/schema\/logo\/image\/","url":"https:\/\/marieclaire.be\/fr\/wp-content\/uploads\/2018\/05\/mc-logo2.png","contentUrl":"https:\/\/marieclaire.be\/fr\/wp-content\/uploads\/2018\/05\/mc-logo2.png","width":1001,"height":189,"caption":"Marie Claire"},"image":{"@id":"https:\/\/marieclaire.be\/fr\/#\/schema\/logo\/image\/"},"sameAs":["https:\/\/www.facebook.com\/MarieClaire.Belgique\/","https:\/\/www.instagram.com\/marieclaire_belgique\/","https:\/\/fr.pinterest.com\/marieclairebe\/","https:\/\/www.youtube.com\/user\/BelgiumMarieClaire"]},{"@type":"Person","@id":"https:\/\/marieclaire.be\/fr\/#\/schema\/person\/be1fb0a9a9509ad07ea6321bf4bf3524","name":"Marieclaire","image":{"@type":"ImageObject","inLanguage":"fr-FR","@id":"https:\/\/marieclaire.be\/fr\/wp-content\/uploads\/2016\/11\/mclogo-96x96.jpg","url":"https:\/\/marieclaire.be\/fr\/wp-content\/uploads\/2016\/11\/mclogo-96x96.jpg","contentUrl":"https:\/\/marieclaire.be\/fr\/wp-content\/uploads\/2016\/11\/mclogo-96x96.jpg","caption":"Marieclaire"},"url":"https:\/\/marieclaire.be\/fr\/author\/marieclaire\/"}]}},"_links":{"self":[{"href":"https:\/\/marieclaire.be\/fr\/wp-json\/wp\/v2\/posts\/116489","targetHints":{"allow":["GET"]}}],"collection":[{"href":"https:\/\/marieclaire.be\/fr\/wp-json\/wp\/v2\/posts"}],"about":[{"href":"https:\/\/marieclaire.be\/fr\/wp-json\/wp\/v2\/types\/post"}],"author":[{"embeddable":true,"href":"https:\/\/marieclaire.be\/fr\/wp-json\/wp\/v2\/users\/2"}],"replies":[{"embeddable":true,"href":"https:\/\/marieclaire.be\/fr\/wp-json\/wp\/v2\/comments?post=116489"}],"version-history":[{"count":5,"href":"https:\/\/marieclaire.be\/fr\/wp-json\/wp\/v2\/posts\/116489\/revisions"}],"predecessor-version":[{"id":116498,"href":"https:\/\/marieclaire.be\/fr\/wp-json\/wp\/v2\/posts\/116489\/revisions\/116498"}],"wp:featuredmedia":[{"embeddable":true,"href":"https:\/\/marieclaire.be\/fr\/wp-json\/wp\/v2\/media\/116493"}],"wp:attachment":[{"href":"https:\/\/marieclaire.be\/fr\/wp-json\/wp\/v2\/media?parent=116489"}],"wp:term":[{"taxonomy":"category","embeddable":true,"href":"https:\/\/marieclaire.be\/fr\/wp-json\/wp\/v2\/categories?post=116489"},{"taxonomy":"post_tag","embeddable":true,"href":"https:\/\/marieclaire.be\/fr\/wp-json\/wp\/v2\/tags?post=116489"}],"curies":[{"name":"wp","href":"https:\/\/api.w.org\/{rel}","templated":true}]}}