{"id":116231,"date":"2022-07-07T07:54:16","date_gmt":"2022-07-07T05:54:16","guid":{"rendered":"https:\/\/marieclaire.be\/fr\/?p=116231"},"modified":"2022-07-07T09:59:07","modified_gmt":"2022-07-07T07:59:07","slug":"quels-sont-les-meilleurs-parfums-de-2022","status":"publish","type":"post","link":"https:\/\/marieclaire.be\/fr\/quels-sont-les-meilleurs-parfums-de-2022\/","title":{"rendered":"Quels sont les meilleurs parfums de 2022 ?"},"content":{"rendered":"","protected":false},"excerpt":{"rendered":"Meilleure cr\u00e9ation, meilleur flacon, prix de l\u2019audace et prix Belgique : d\u00e9couvrez les six laur\u00e9ats de la dixi\u00e8me \u00e9dition du Prix international du parfum Marie Claire 2022, c\u00e9l\u00e9br\u00e9e dans vingt-six pays cette ann\u00e9e.","protected":false},"author":30,"featured_media":117032,"comment_status":"closed","ping_status":"closed","sticky":false,"template":"","format":"standard","meta":{"_acf_changed":false,"footnotes":""},"categories":[7,18],"tags":[],"class_list":["post-116231","post","type-post","status-publish","format-standard","has-post-thumbnail","hentry","category-beaute","category-parfums"],"acf":[],"_yoast_wpseo_title":null,"_yoast_wpseo_metadesc":"Meilleure cr\u00e9ation, meilleur flacon, prix de l\u2019audace : voici les fragrances coups de coeur de la r\u00e9daction du Marie Claire.","image_verticale":"117031","yoast_head":"<!-- This site is optimized with the Yoast SEO plugin v27.3 - https:\/\/yoast.com\/product\/yoast-seo-wordpress\/ -->\n<title>Quels sont les meilleurs parfums de 2022 ? - Marie Claire Belgique<\/title>\n<meta name=\"description\" content=\"Meilleure cr\u00e9ation, meilleur flacon, prix de l\u2019audace : voici les fragrances coups de coeur de la r\u00e9daction du Marie Claire.\" \/>\n<meta name=\"robots\" content=\"index, follow, max-snippet:-1, max-image-preview:large, max-video-preview:-1\" \/>\n<link rel=\"canonical\" href=\"https:\/\/marieclaire.be\/fr\/quels-sont-les-meilleurs-parfums-de-2022\/\" \/>\n<link rel=\"next\" href=\"https:\/\/marieclaire.be\/fr\/quels-sont-les-meilleurs-parfums-de-2022\/2\/\" \/>\n<meta property=\"og:locale\" content=\"fr_FR\" \/>\n<meta property=\"og:type\" content=\"article\" \/>\n<meta property=\"og:title\" content=\"Quels sont les meilleurs parfums de 2022 ? - Marie Claire Belgique\" \/>\n<meta property=\"og:description\" content=\"Meilleure cr\u00e9ation, meilleur flacon, prix de l\u2019audace : voici les fragrances coups de coeur de la r\u00e9daction du Marie Claire.\" \/>\n<meta property=\"og:url\" content=\"https:\/\/marieclaire.be\/fr\/quels-sont-les-meilleurs-parfums-de-2022\/\" \/>\n<meta property=\"og:site_name\" content=\"Marie Claire Belgique\" \/>\n<meta property=\"article:publisher\" content=\"https:\/\/www.facebook.com\/MarieClaire.Belgique\/\" \/>\n<meta property=\"article:published_time\" content=\"2022-07-07T05:54:16+00:00\" \/>\n<meta property=\"article:modified_time\" content=\"2022-07-07T07:59:07+00:00\" \/>\n<meta property=\"og:image\" content=\"https:\/\/marieclaire.be\/fr\/wp-content\/uploads\/2022\/07\/mc-1280x670-1.jpg\" \/>\n\t<meta property=\"og:image:width\" content=\"1280\" \/>\n\t<meta property=\"og:image:height\" content=\"670\" \/>\n\t<meta property=\"og:image:type\" content=\"image\/jpeg\" \/>\n<meta name=\"author\" content=\"Malvine Sevrin\" \/>\n<meta name=\"twitter:label1\" content=\"\u00c9crit par\" \/>\n\t<meta name=\"twitter:data1\" content=\"Malvine Sevrin\" \/>\n\t<meta name=\"twitter:label2\" content=\"Dur\u00e9e de lecture estim\u00e9e\" \/>\n\t<meta name=\"twitter:data2\" content=\"7 minutes\" \/>\n<script type=\"application\/ld+json\" class=\"yoast-schema-graph\">{\"@context\":\"https:\\\/\\\/schema.org\",\"@graph\":[{\"@type\":\"NewsArticle\",\"@id\":\"https:\\\/\\\/marieclaire.be\\\/fr\\\/quels-sont-les-meilleurs-parfums-de-2022\\\/#article\",\"isPartOf\":{\"@id\":\"https:\\\/\\\/marieclaire.be\\\/fr\\\/quels-sont-les-meilleurs-parfums-de-2022\\\/\"},\"author\":{\"name\":\"Malvine Sevrin\",\"@id\":\"https:\\\/\\\/marieclaire.be\\\/fr\\\/#\\\/schema\\\/person\\\/c71bd7a8c3e622513c7531a39292a34e\"},\"headline\":\"Quels sont les meilleurs parfums de 2022 ?\",\"datePublished\":\"2022-07-07T05:54:16+00:00\",\"dateModified\":\"2022-07-07T07:59:07+00:00\",\"mainEntityOfPage\":{\"@id\":\"https:\\\/\\\/marieclaire.be\\\/fr\\\/quels-sont-les-meilleurs-parfums-de-2022\\\/\"},\"wordCount\":1219,\"publisher\":{\"@id\":\"https:\\\/\\\/marieclaire.be\\\/fr\\\/#organization\"},\"image\":{\"@id\":\"https:\\\/\\\/marieclaire.be\\\/fr\\\/quels-sont-les-meilleurs-parfums-de-2022\\\/#primaryimage\"},\"thumbnailUrl\":\"https:\\\/\\\/marieclaire.be\\\/fr\\\/wp-content\\\/uploads\\\/2022\\\/07\\\/mc-1280x670-1.jpg\",\"articleSection\":[\"Beaut\u00e9\",\"Parfums\"],\"inLanguage\":\"fr-FR\"},{\"@type\":\"WebPage\",\"@id\":\"https:\\\/\\\/marieclaire.be\\\/fr\\\/quels-sont-les-meilleurs-parfums-de-2022\\\/\",\"url\":\"https:\\\/\\\/marieclaire.be\\\/fr\\\/quels-sont-les-meilleurs-parfums-de-2022\\\/\",\"name\":\"Quels sont les meilleurs parfums de 2022 ? - Marie Claire Belgique\",\"isPartOf\":{\"@id\":\"https:\\\/\\\/marieclaire.be\\\/fr\\\/#website\"},\"primaryImageOfPage\":{\"@id\":\"https:\\\/\\\/marieclaire.be\\\/fr\\\/quels-sont-les-meilleurs-parfums-de-2022\\\/#primaryimage\"},\"image\":{\"@id\":\"https:\\\/\\\/marieclaire.be\\\/fr\\\/quels-sont-les-meilleurs-parfums-de-2022\\\/#primaryimage\"},\"thumbnailUrl\":\"https:\\\/\\\/marieclaire.be\\\/fr\\\/wp-content\\\/uploads\\\/2022\\\/07\\\/mc-1280x670-1.jpg\",\"datePublished\":\"2022-07-07T05:54:16+00:00\",\"dateModified\":\"2022-07-07T07:59:07+00:00\",\"description\":\"Meilleure cr\u00e9ation, meilleur flacon, prix de l\u2019audace : voici les fragrances coups de coeur de la r\u00e9daction du Marie Claire.\",\"inLanguage\":\"fr-FR\",\"potentialAction\":[{\"@type\":\"ReadAction\",\"target\":[\"https:\\\/\\\/marieclaire.be\\\/fr\\\/quels-sont-les-meilleurs-parfums-de-2022\\\/\"]}]},{\"@type\":\"ImageObject\",\"inLanguage\":\"fr-FR\",\"@id\":\"https:\\\/\\\/marieclaire.be\\\/fr\\\/quels-sont-les-meilleurs-parfums-de-2022\\\/#primaryimage\",\"url\":\"https:\\\/\\\/marieclaire.be\\\/fr\\\/wp-content\\\/uploads\\\/2022\\\/07\\\/mc-1280x670-1.jpg\",\"contentUrl\":\"https:\\\/\\\/marieclaire.be\\\/fr\\\/wp-content\\\/uploads\\\/2022\\\/07\\\/mc-1280x670-1.jpg\",\"width\":1280,\"height\":670,\"caption\":\"D.R.\"},{\"@type\":\"WebSite\",\"@id\":\"https:\\\/\\\/marieclaire.be\\\/fr\\\/#website\",\"url\":\"https:\\\/\\\/marieclaire.be\\\/fr\\\/\",\"name\":\"Marie Claire Belgique\",\"description\":\"Marie Claire Belgique, le magazine du style et de l\u2019intelligence qui parle de mode, des tendances, de la beaut\u00e9, de l\u2019actualit\u00e9 et de la culture\",\"publisher\":{\"@id\":\"https:\\\/\\\/marieclaire.be\\\/fr\\\/#organization\"},\"potentialAction\":[{\"@type\":\"SearchAction\",\"target\":{\"@type\":\"EntryPoint\",\"urlTemplate\":\"https:\\\/\\\/marieclaire.be\\\/fr\\\/?s={search_term_string}\"},\"query-input\":{\"@type\":\"PropertyValueSpecification\",\"valueRequired\":true,\"valueName\":\"search_term_string\"}}],\"inLanguage\":\"fr-FR\"},{\"@type\":\"Organization\",\"@id\":\"https:\\\/\\\/marieclaire.be\\\/fr\\\/#organization\",\"name\":\"Marie Claire\",\"url\":\"https:\\\/\\\/marieclaire.be\\\/fr\\\/\",\"logo\":{\"@type\":\"ImageObject\",\"inLanguage\":\"fr-FR\",\"@id\":\"https:\\\/\\\/marieclaire.be\\\/fr\\\/#\\\/schema\\\/logo\\\/image\\\/\",\"url\":\"https:\\\/\\\/marieclaire.be\\\/fr\\\/wp-content\\\/uploads\\\/2018\\\/05\\\/mc-logo2.png\",\"contentUrl\":\"https:\\\/\\\/marieclaire.be\\\/fr\\\/wp-content\\\/uploads\\\/2018\\\/05\\\/mc-logo2.png\",\"width\":1001,\"height\":189,\"caption\":\"Marie Claire\"},\"image\":{\"@id\":\"https:\\\/\\\/marieclaire.be\\\/fr\\\/#\\\/schema\\\/logo\\\/image\\\/\"},\"sameAs\":[\"https:\\\/\\\/www.facebook.com\\\/MarieClaire.Belgique\\\/\",\"https:\\\/\\\/www.instagram.com\\\/marieclaire_belgique\\\/\",\"https:\\\/\\\/fr.pinterest.com\\\/marieclairebe\\\/\",\"https:\\\/\\\/www.youtube.com\\\/user\\\/BelgiumMarieClaire\"]},{\"@type\":\"Person\",\"@id\":\"https:\\\/\\\/marieclaire.be\\\/fr\\\/#\\\/schema\\\/person\\\/c71bd7a8c3e622513c7531a39292a34e\",\"name\":\"Malvine Sevrin\",\"image\":{\"@type\":\"ImageObject\",\"inLanguage\":\"fr-FR\",\"@id\":\"https:\\\/\\\/marieclaire.be\\\/fr\\\/wp-content\\\/uploads\\\/2017\\\/05\\\/capture-decran-2024-02-13-a-145920-96x96.png\",\"url\":\"https:\\\/\\\/marieclaire.be\\\/fr\\\/wp-content\\\/uploads\\\/2017\\\/05\\\/capture-decran-2024-02-13-a-145920-96x96.png\",\"contentUrl\":\"https:\\\/\\\/marieclaire.be\\\/fr\\\/wp-content\\\/uploads\\\/2017\\\/05\\\/capture-decran-2024-02-13-a-145920-96x96.png\",\"caption\":\"Malvine Sevrin\"},\"description\":\"Des podiums parisiens aux derni\u00e8res nouveaut\u00e9s skincare qui enflamment TikTok, je d\u00e9crypte les tendances pour Marie Claire Belgique. Passionn\u00e9e de voyage, de mode et de beaut\u00e9, je partage mes coups de coeur d\u00e9nich\u00e9s aux quatre coins du globe. En tant que r\u00e9dactrice en chef digital, j'ai \u00e9galement \u00e0 coeur de mettre en lumi\u00e8re les histoires inspirantes de femmes \u00e0 travers notre site et sur nos r\u00e9seaux sociaux.\",\"sameAs\":[\"https:\\\/\\\/www.instagram.com\\\/malvinesev\\\/\"],\"url\":\"https:\\\/\\\/marieclaire.be\\\/fr\\\/author\\\/malvine\\\/\"}]}<\/script>\n<!-- \/ Yoast SEO plugin. -->","yoast_head_json":{"title":"Quels sont les meilleurs parfums de 2022 ? - Marie Claire Belgique","description":"Meilleure cr\u00e9ation, meilleur flacon, prix de l\u2019audace : voici les fragrances coups de coeur de la r\u00e9daction du Marie Claire.","robots":{"index":"index","follow":"follow","max-snippet":"max-snippet:-1","max-image-preview":"max-image-preview:large","max-video-preview":"max-video-preview:-1"},"canonical":"https:\/\/marieclaire.be\/fr\/quels-sont-les-meilleurs-parfums-de-2022\/","next":"https:\/\/marieclaire.be\/fr\/quels-sont-les-meilleurs-parfums-de-2022\/2\/","og_locale":"fr_FR","og_type":"article","og_title":"Quels sont les meilleurs parfums de 2022 ? - Marie Claire Belgique","og_description":"Meilleure cr\u00e9ation, meilleur flacon, prix de l\u2019audace : voici les fragrances coups de coeur de la r\u00e9daction du Marie Claire.","og_url":"https:\/\/marieclaire.be\/fr\/quels-sont-les-meilleurs-parfums-de-2022\/","og_site_name":"Marie Claire Belgique","article_publisher":"https:\/\/www.facebook.com\/MarieClaire.Belgique\/","article_published_time":"2022-07-07T05:54:16+00:00","article_modified_time":"2022-07-07T07:59:07+00:00","og_image":[{"width":1280,"height":670,"url":"https:\/\/marieclaire.be\/fr\/wp-content\/uploads\/2022\/07\/mc-1280x670-1.jpg","type":"image\/jpeg"}],"author":"Malvine Sevrin","twitter_misc":{"\u00c9crit par":"Malvine Sevrin","Dur\u00e9e de lecture estim\u00e9e":"7 minutes"},"schema":{"@context":"https:\/\/schema.org","@graph":[{"@type":"NewsArticle","@id":"https:\/\/marieclaire.be\/fr\/quels-sont-les-meilleurs-parfums-de-2022\/#article","isPartOf":{"@id":"https:\/\/marieclaire.be\/fr\/quels-sont-les-meilleurs-parfums-de-2022\/"},"author":{"name":"Malvine Sevrin","@id":"https:\/\/marieclaire.be\/fr\/#\/schema\/person\/c71bd7a8c3e622513c7531a39292a34e"},"headline":"Quels sont les meilleurs parfums de 2022 ?","datePublished":"2022-07-07T05:54:16+00:00","dateModified":"2022-07-07T07:59:07+00:00","mainEntityOfPage":{"@id":"https:\/\/marieclaire.be\/fr\/quels-sont-les-meilleurs-parfums-de-2022\/"},"wordCount":1219,"publisher":{"@id":"https:\/\/marieclaire.be\/fr\/#organization"},"image":{"@id":"https:\/\/marieclaire.be\/fr\/quels-sont-les-meilleurs-parfums-de-2022\/#primaryimage"},"thumbnailUrl":"https:\/\/marieclaire.be\/fr\/wp-content\/uploads\/2022\/07\/mc-1280x670-1.jpg","articleSection":["Beaut\u00e9","Parfums"],"inLanguage":"fr-FR"},{"@type":"WebPage","@id":"https:\/\/marieclaire.be\/fr\/quels-sont-les-meilleurs-parfums-de-2022\/","url":"https:\/\/marieclaire.be\/fr\/quels-sont-les-meilleurs-parfums-de-2022\/","name":"Quels sont les meilleurs parfums de 2022 ? - Marie Claire Belgique","isPartOf":{"@id":"https:\/\/marieclaire.be\/fr\/#website"},"primaryImageOfPage":{"@id":"https:\/\/marieclaire.be\/fr\/quels-sont-les-meilleurs-parfums-de-2022\/#primaryimage"},"image":{"@id":"https:\/\/marieclaire.be\/fr\/quels-sont-les-meilleurs-parfums-de-2022\/#primaryimage"},"thumbnailUrl":"https:\/\/marieclaire.be\/fr\/wp-content\/uploads\/2022\/07\/mc-1280x670-1.jpg","datePublished":"2022-07-07T05:54:16+00:00","dateModified":"2022-07-07T07:59:07+00:00","description":"Meilleure cr\u00e9ation, meilleur flacon, prix de l\u2019audace : voici les fragrances coups de coeur de la r\u00e9daction du Marie Claire.","inLanguage":"fr-FR","potentialAction":[{"@type":"ReadAction","target":["https:\/\/marieclaire.be\/fr\/quels-sont-les-meilleurs-parfums-de-2022\/"]}]},{"@type":"ImageObject","inLanguage":"fr-FR","@id":"https:\/\/marieclaire.be\/fr\/quels-sont-les-meilleurs-parfums-de-2022\/#primaryimage","url":"https:\/\/marieclaire.be\/fr\/wp-content\/uploads\/2022\/07\/mc-1280x670-1.jpg","contentUrl":"https:\/\/marieclaire.be\/fr\/wp-content\/uploads\/2022\/07\/mc-1280x670-1.jpg","width":1280,"height":670,"caption":"D.R."},{"@type":"WebSite","@id":"https:\/\/marieclaire.be\/fr\/#website","url":"https:\/\/marieclaire.be\/fr\/","name":"Marie Claire Belgique","description":"Marie Claire Belgique, le magazine du style et de l\u2019intelligence qui parle de mode, des tendances, de la beaut\u00e9, de l\u2019actualit\u00e9 et de la culture","publisher":{"@id":"https:\/\/marieclaire.be\/fr\/#organization"},"potentialAction":[{"@type":"SearchAction","target":{"@type":"EntryPoint","urlTemplate":"https:\/\/marieclaire.be\/fr\/?s={search_term_string}"},"query-input":{"@type":"PropertyValueSpecification","valueRequired":true,"valueName":"search_term_string"}}],"inLanguage":"fr-FR"},{"@type":"Organization","@id":"https:\/\/marieclaire.be\/fr\/#organization","name":"Marie Claire","url":"https:\/\/marieclaire.be\/fr\/","logo":{"@type":"ImageObject","inLanguage":"fr-FR","@id":"https:\/\/marieclaire.be\/fr\/#\/schema\/logo\/image\/","url":"https:\/\/marieclaire.be\/fr\/wp-content\/uploads\/2018\/05\/mc-logo2.png","contentUrl":"https:\/\/marieclaire.be\/fr\/wp-content\/uploads\/2018\/05\/mc-logo2.png","width":1001,"height":189,"caption":"Marie Claire"},"image":{"@id":"https:\/\/marieclaire.be\/fr\/#\/schema\/logo\/image\/"},"sameAs":["https:\/\/www.facebook.com\/MarieClaire.Belgique\/","https:\/\/www.instagram.com\/marieclaire_belgique\/","https:\/\/fr.pinterest.com\/marieclairebe\/","https:\/\/www.youtube.com\/user\/BelgiumMarieClaire"]},{"@type":"Person","@id":"https:\/\/marieclaire.be\/fr\/#\/schema\/person\/c71bd7a8c3e622513c7531a39292a34e","name":"Malvine Sevrin","image":{"@type":"ImageObject","inLanguage":"fr-FR","@id":"https:\/\/marieclaire.be\/fr\/wp-content\/uploads\/2017\/05\/capture-decran-2024-02-13-a-145920-96x96.png","url":"https:\/\/marieclaire.be\/fr\/wp-content\/uploads\/2017\/05\/capture-decran-2024-02-13-a-145920-96x96.png","contentUrl":"https:\/\/marieclaire.be\/fr\/wp-content\/uploads\/2017\/05\/capture-decran-2024-02-13-a-145920-96x96.png","caption":"Malvine Sevrin"},"description":"Des podiums parisiens aux derni\u00e8res nouveaut\u00e9s skincare qui enflamment TikTok, je d\u00e9crypte les tendances pour Marie Claire Belgique. Passionn\u00e9e de voyage, de mode et de beaut\u00e9, je partage mes coups de coeur d\u00e9nich\u00e9s aux quatre coins du globe. En tant que r\u00e9dactrice en chef digital, j'ai \u00e9galement \u00e0 coeur de mettre en lumi\u00e8re les histoires inspirantes de femmes \u00e0 travers notre site et sur nos r\u00e9seaux sociaux.","sameAs":["https:\/\/www.instagram.com\/malvinesev\/"],"url":"https:\/\/marieclaire.be\/fr\/author\/malvine\/"}]}},"_links":{"self":[{"href":"https:\/\/marieclaire.be\/fr\/wp-json\/wp\/v2\/posts\/116231","targetHints":{"allow":["GET"]}}],"collection":[{"href":"https:\/\/marieclaire.be\/fr\/wp-json\/wp\/v2\/posts"}],"about":[{"href":"https:\/\/marieclaire.be\/fr\/wp-json\/wp\/v2\/types\/post"}],"author":[{"embeddable":true,"href":"https:\/\/marieclaire.be\/fr\/wp-json\/wp\/v2\/users\/30"}],"replies":[{"embeddable":true,"href":"https:\/\/marieclaire.be\/fr\/wp-json\/wp\/v2\/comments?post=116231"}],"version-history":[{"count":7,"href":"https:\/\/marieclaire.be\/fr\/wp-json\/wp\/v2\/posts\/116231\/revisions"}],"predecessor-version":[{"id":117035,"href":"https:\/\/marieclaire.be\/fr\/wp-json\/wp\/v2\/posts\/116231\/revisions\/117035"}],"wp:featuredmedia":[{"embeddable":true,"href":"https:\/\/marieclaire.be\/fr\/wp-json\/wp\/v2\/media\/117032"}],"wp:attachment":[{"href":"https:\/\/marieclaire.be\/fr\/wp-json\/wp\/v2\/media?parent=116231"}],"wp:term":[{"taxonomy":"category","embeddable":true,"href":"https:\/\/marieclaire.be\/fr\/wp-json\/wp\/v2\/categories?post=116231"},{"taxonomy":"post_tag","embeddable":true,"href":"https:\/\/marieclaire.be\/fr\/wp-json\/wp\/v2\/tags?post=116231"}],"curies":[{"name":"wp","href":"https:\/\/api.w.org\/{rel}","templated":true}]}}