{"id":113425,"date":"2022-03-11T07:19:44","date_gmt":"2022-03-11T06:19:44","guid":{"rendered":"https:\/\/marieclaire.be\/fr\/?p=113425"},"modified":"2022-03-10T18:52:52","modified_gmt":"2022-03-10T17:52:52","slug":"temoignages-femmes-russes-guerre","status":"publish","type":"post","link":"https:\/\/marieclaire.be\/fr\/temoignages-femmes-russes-guerre\/","title":{"rendered":"Peur et honte \u00e0 Moscou : ce que les femmes russes pensent de la guerre"},"content":{"rendered":"","protected":false},"excerpt":{"rendered":"L&#8217;attaque brutale qui a provoqu\u00e9 une onde de choc \u00e0 travers le monde a montr\u00e9 une fois de plus combien le peuple russe est divis\u00e9 lorsqu&#8217;il s&#8217;agit de son propre gouvernement et de ses politiques, tant \u00e9trang\u00e8res qu&#8217;int\u00e9rieures.","protected":false},"author":30,"featured_media":113442,"comment_status":"closed","ping_status":"closed","sticky":false,"template":"","format":"standard","meta":{"_acf_changed":false,"footnotes":""},"categories":[27,1434],"tags":[],"class_list":["post-113425","post","type-post","status-publish","format-standard","has-post-thumbnail","hentry","category-combats-de-femme","category-societe"],"acf":[],"_yoast_wpseo_title":null,"_yoast_wpseo_metadesc":"La guerre en Ukraine prouve une fois de plus combien le peuple russe est divis\u00e9 lorsqu'il s'agit de son propre gouvernement et de ses politiques.","image_verticale":"113441","yoast_head":"<!-- This site is optimized with the Yoast SEO plugin v27.3 - https:\/\/yoast.com\/product\/yoast-seo-wordpress\/ -->\n<title>Peur et honte \u00e0 Moscou : ce que les femmes russes pensent de la guerre - Marie Claire Belgique<\/title>\n<meta name=\"description\" content=\"La guerre en Ukraine prouve une fois de plus combien le peuple russe est divis\u00e9 lorsqu&#039;il s&#039;agit de son propre gouvernement et de ses politiques.\" \/>\n<meta name=\"robots\" content=\"index, follow, max-snippet:-1, max-image-preview:large, max-video-preview:-1\" \/>\n<link rel=\"canonical\" href=\"https:\/\/marieclaire.be\/fr\/temoignages-femmes-russes-guerre\/\" \/>\n<link rel=\"next\" href=\"https:\/\/marieclaire.be\/fr\/temoignages-femmes-russes-guerre\/2\/\" \/>\n<meta property=\"og:locale\" content=\"fr_FR\" \/>\n<meta property=\"og:type\" content=\"article\" \/>\n<meta property=\"og:title\" content=\"Peur et honte \u00e0 Moscou : ce que les femmes russes pensent de la guerre - Marie Claire Belgique\" \/>\n<meta property=\"og:description\" content=\"La guerre en Ukraine prouve une fois de plus combien le peuple russe est divis\u00e9 lorsqu&#039;il s&#039;agit de son propre gouvernement et de ses politiques.\" \/>\n<meta property=\"og:url\" content=\"https:\/\/marieclaire.be\/fr\/temoignages-femmes-russes-guerre\/\" \/>\n<meta property=\"og:site_name\" content=\"Marie Claire Belgique\" \/>\n<meta property=\"article:publisher\" content=\"https:\/\/www.facebook.com\/MarieClaire.Belgique\/\" \/>\n<meta property=\"article:published_time\" content=\"2022-03-11T06:19:44+00:00\" \/>\n<meta property=\"og:image\" content=\"https:\/\/marieclaire.be\/fr\/wp-content\/uploads\/2022\/03\/femmes-russes.jpg\" \/>\n\t<meta property=\"og:image:width\" content=\"1200\" \/>\n\t<meta property=\"og:image:height\" content=\"628\" \/>\n\t<meta property=\"og:image:type\" content=\"image\/jpeg\" \/>\n<meta name=\"author\" content=\"Malvine Sevrin\" \/>\n<meta name=\"twitter:label1\" content=\"\u00c9crit par\" \/>\n\t<meta name=\"twitter:data1\" content=\"Malvine Sevrin\" \/>\n\t<meta name=\"twitter:label2\" content=\"Dur\u00e9e de lecture estim\u00e9e\" \/>\n\t<meta name=\"twitter:data2\" content=\"16 minutes\" \/>\n<script type=\"application\/ld+json\" class=\"yoast-schema-graph\">{\"@context\":\"https:\\\/\\\/schema.org\",\"@graph\":[{\"@type\":\"NewsArticle\",\"@id\":\"https:\\\/\\\/marieclaire.be\\\/fr\\\/temoignages-femmes-russes-guerre\\\/#article\",\"isPartOf\":{\"@id\":\"https:\\\/\\\/marieclaire.be\\\/fr\\\/temoignages-femmes-russes-guerre\\\/\"},\"author\":{\"name\":\"Malvine Sevrin\",\"@id\":\"https:\\\/\\\/marieclaire.be\\\/fr\\\/#\\\/schema\\\/person\\\/c71bd7a8c3e622513c7531a39292a34e\"},\"headline\":\"Peur et honte \u00e0 Moscou : ce que les femmes russes pensent de la guerre\",\"datePublished\":\"2022-03-11T06:19:44+00:00\",\"mainEntityOfPage\":{\"@id\":\"https:\\\/\\\/marieclaire.be\\\/fr\\\/temoignages-femmes-russes-guerre\\\/\"},\"wordCount\":3280,\"publisher\":{\"@id\":\"https:\\\/\\\/marieclaire.be\\\/fr\\\/#organization\"},\"image\":{\"@id\":\"https:\\\/\\\/marieclaire.be\\\/fr\\\/temoignages-femmes-russes-guerre\\\/#primaryimage\"},\"thumbnailUrl\":\"https:\\\/\\\/marieclaire.be\\\/fr\\\/wp-content\\\/uploads\\\/2022\\\/03\\\/femmes-russes.jpg\",\"articleSection\":[\"Combats de femmes\",\"Soci\u00e9t\u00e9\"],\"inLanguage\":\"fr-FR\"},{\"@type\":\"WebPage\",\"@id\":\"https:\\\/\\\/marieclaire.be\\\/fr\\\/temoignages-femmes-russes-guerre\\\/\",\"url\":\"https:\\\/\\\/marieclaire.be\\\/fr\\\/temoignages-femmes-russes-guerre\\\/\",\"name\":\"Peur et honte \u00e0 Moscou : ce que les femmes russes pensent de la guerre - Marie Claire Belgique\",\"isPartOf\":{\"@id\":\"https:\\\/\\\/marieclaire.be\\\/fr\\\/#website\"},\"primaryImageOfPage\":{\"@id\":\"https:\\\/\\\/marieclaire.be\\\/fr\\\/temoignages-femmes-russes-guerre\\\/#primaryimage\"},\"image\":{\"@id\":\"https:\\\/\\\/marieclaire.be\\\/fr\\\/temoignages-femmes-russes-guerre\\\/#primaryimage\"},\"thumbnailUrl\":\"https:\\\/\\\/marieclaire.be\\\/fr\\\/wp-content\\\/uploads\\\/2022\\\/03\\\/femmes-russes.jpg\",\"datePublished\":\"2022-03-11T06:19:44+00:00\",\"description\":\"La guerre en Ukraine prouve une fois de plus combien le peuple russe est divis\u00e9 lorsqu'il s'agit de son propre gouvernement et de ses politiques.\",\"inLanguage\":\"fr-FR\",\"potentialAction\":[{\"@type\":\"ReadAction\",\"target\":[\"https:\\\/\\\/marieclaire.be\\\/fr\\\/temoignages-femmes-russes-guerre\\\/\"]}]},{\"@type\":\"ImageObject\",\"inLanguage\":\"fr-FR\",\"@id\":\"https:\\\/\\\/marieclaire.be\\\/fr\\\/temoignages-femmes-russes-guerre\\\/#primaryimage\",\"url\":\"https:\\\/\\\/marieclaire.be\\\/fr\\\/wp-content\\\/uploads\\\/2022\\\/03\\\/femmes-russes.jpg\",\"contentUrl\":\"https:\\\/\\\/marieclaire.be\\\/fr\\\/wp-content\\\/uploads\\\/2022\\\/03\\\/femmes-russes.jpg\",\"width\":1200,\"height\":628,\"caption\":\"Getty Images\"},{\"@type\":\"WebSite\",\"@id\":\"https:\\\/\\\/marieclaire.be\\\/fr\\\/#website\",\"url\":\"https:\\\/\\\/marieclaire.be\\\/fr\\\/\",\"name\":\"Marie Claire Belgique\",\"description\":\"Marie Claire Belgique, le magazine du style et de l\u2019intelligence qui parle de mode, des tendances, de la beaut\u00e9, de l\u2019actualit\u00e9 et de la culture\",\"publisher\":{\"@id\":\"https:\\\/\\\/marieclaire.be\\\/fr\\\/#organization\"},\"potentialAction\":[{\"@type\":\"SearchAction\",\"target\":{\"@type\":\"EntryPoint\",\"urlTemplate\":\"https:\\\/\\\/marieclaire.be\\\/fr\\\/?s={search_term_string}\"},\"query-input\":{\"@type\":\"PropertyValueSpecification\",\"valueRequired\":true,\"valueName\":\"search_term_string\"}}],\"inLanguage\":\"fr-FR\"},{\"@type\":\"Organization\",\"@id\":\"https:\\\/\\\/marieclaire.be\\\/fr\\\/#organization\",\"name\":\"Marie Claire\",\"url\":\"https:\\\/\\\/marieclaire.be\\\/fr\\\/\",\"logo\":{\"@type\":\"ImageObject\",\"inLanguage\":\"fr-FR\",\"@id\":\"https:\\\/\\\/marieclaire.be\\\/fr\\\/#\\\/schema\\\/logo\\\/image\\\/\",\"url\":\"https:\\\/\\\/marieclaire.be\\\/fr\\\/wp-content\\\/uploads\\\/2018\\\/05\\\/mc-logo2.png\",\"contentUrl\":\"https:\\\/\\\/marieclaire.be\\\/fr\\\/wp-content\\\/uploads\\\/2018\\\/05\\\/mc-logo2.png\",\"width\":1001,\"height\":189,\"caption\":\"Marie Claire\"},\"image\":{\"@id\":\"https:\\\/\\\/marieclaire.be\\\/fr\\\/#\\\/schema\\\/logo\\\/image\\\/\"},\"sameAs\":[\"https:\\\/\\\/www.facebook.com\\\/MarieClaire.Belgique\\\/\",\"https:\\\/\\\/www.instagram.com\\\/marieclaire_belgique\\\/\",\"https:\\\/\\\/fr.pinterest.com\\\/marieclairebe\\\/\",\"https:\\\/\\\/www.youtube.com\\\/user\\\/BelgiumMarieClaire\"]},{\"@type\":\"Person\",\"@id\":\"https:\\\/\\\/marieclaire.be\\\/fr\\\/#\\\/schema\\\/person\\\/c71bd7a8c3e622513c7531a39292a34e\",\"name\":\"Malvine Sevrin\",\"image\":{\"@type\":\"ImageObject\",\"inLanguage\":\"fr-FR\",\"@id\":\"https:\\\/\\\/marieclaire.be\\\/fr\\\/wp-content\\\/uploads\\\/2017\\\/05\\\/capture-decran-2024-02-13-a-145920-96x96.png\",\"url\":\"https:\\\/\\\/marieclaire.be\\\/fr\\\/wp-content\\\/uploads\\\/2017\\\/05\\\/capture-decran-2024-02-13-a-145920-96x96.png\",\"contentUrl\":\"https:\\\/\\\/marieclaire.be\\\/fr\\\/wp-content\\\/uploads\\\/2017\\\/05\\\/capture-decran-2024-02-13-a-145920-96x96.png\",\"caption\":\"Malvine Sevrin\"},\"description\":\"Des podiums parisiens aux derni\u00e8res nouveaut\u00e9s skincare qui enflamment TikTok, je d\u00e9crypte les tendances pour Marie Claire Belgique. Passionn\u00e9e de voyage, de mode et de beaut\u00e9, je partage mes coups de coeur d\u00e9nich\u00e9s aux quatre coins du globe. En tant que r\u00e9dactrice en chef digital, j'ai \u00e9galement \u00e0 coeur de mettre en lumi\u00e8re les histoires inspirantes de femmes \u00e0 travers notre site et sur nos r\u00e9seaux sociaux.\",\"sameAs\":[\"https:\\\/\\\/www.instagram.com\\\/malvinesev\\\/\"],\"url\":\"https:\\\/\\\/marieclaire.be\\\/fr\\\/author\\\/malvine\\\/\"}]}<\/script>\n<!-- \/ Yoast SEO plugin. -->","yoast_head_json":{"title":"Peur et honte \u00e0 Moscou : ce que les femmes russes pensent de la guerre - Marie Claire Belgique","description":"La guerre en Ukraine prouve une fois de plus combien le peuple russe est divis\u00e9 lorsqu'il s'agit de son propre gouvernement et de ses politiques.","robots":{"index":"index","follow":"follow","max-snippet":"max-snippet:-1","max-image-preview":"max-image-preview:large","max-video-preview":"max-video-preview:-1"},"canonical":"https:\/\/marieclaire.be\/fr\/temoignages-femmes-russes-guerre\/","next":"https:\/\/marieclaire.be\/fr\/temoignages-femmes-russes-guerre\/2\/","og_locale":"fr_FR","og_type":"article","og_title":"Peur et honte \u00e0 Moscou : ce que les femmes russes pensent de la guerre - Marie Claire Belgique","og_description":"La guerre en Ukraine prouve une fois de plus combien le peuple russe est divis\u00e9 lorsqu'il s'agit de son propre gouvernement et de ses politiques.","og_url":"https:\/\/marieclaire.be\/fr\/temoignages-femmes-russes-guerre\/","og_site_name":"Marie Claire Belgique","article_publisher":"https:\/\/www.facebook.com\/MarieClaire.Belgique\/","article_published_time":"2022-03-11T06:19:44+00:00","og_image":[{"width":1200,"height":628,"url":"https:\/\/marieclaire.be\/fr\/wp-content\/uploads\/2022\/03\/femmes-russes.jpg","type":"image\/jpeg"}],"author":"Malvine Sevrin","twitter_misc":{"\u00c9crit par":"Malvine Sevrin","Dur\u00e9e de lecture estim\u00e9e":"16 minutes"},"schema":{"@context":"https:\/\/schema.org","@graph":[{"@type":"NewsArticle","@id":"https:\/\/marieclaire.be\/fr\/temoignages-femmes-russes-guerre\/#article","isPartOf":{"@id":"https:\/\/marieclaire.be\/fr\/temoignages-femmes-russes-guerre\/"},"author":{"name":"Malvine Sevrin","@id":"https:\/\/marieclaire.be\/fr\/#\/schema\/person\/c71bd7a8c3e622513c7531a39292a34e"},"headline":"Peur et honte \u00e0 Moscou : ce que les femmes russes pensent de la guerre","datePublished":"2022-03-11T06:19:44+00:00","mainEntityOfPage":{"@id":"https:\/\/marieclaire.be\/fr\/temoignages-femmes-russes-guerre\/"},"wordCount":3280,"publisher":{"@id":"https:\/\/marieclaire.be\/fr\/#organization"},"image":{"@id":"https:\/\/marieclaire.be\/fr\/temoignages-femmes-russes-guerre\/#primaryimage"},"thumbnailUrl":"https:\/\/marieclaire.be\/fr\/wp-content\/uploads\/2022\/03\/femmes-russes.jpg","articleSection":["Combats de femmes","Soci\u00e9t\u00e9"],"inLanguage":"fr-FR"},{"@type":"WebPage","@id":"https:\/\/marieclaire.be\/fr\/temoignages-femmes-russes-guerre\/","url":"https:\/\/marieclaire.be\/fr\/temoignages-femmes-russes-guerre\/","name":"Peur et honte \u00e0 Moscou : ce que les femmes russes pensent de la guerre - Marie Claire Belgique","isPartOf":{"@id":"https:\/\/marieclaire.be\/fr\/#website"},"primaryImageOfPage":{"@id":"https:\/\/marieclaire.be\/fr\/temoignages-femmes-russes-guerre\/#primaryimage"},"image":{"@id":"https:\/\/marieclaire.be\/fr\/temoignages-femmes-russes-guerre\/#primaryimage"},"thumbnailUrl":"https:\/\/marieclaire.be\/fr\/wp-content\/uploads\/2022\/03\/femmes-russes.jpg","datePublished":"2022-03-11T06:19:44+00:00","description":"La guerre en Ukraine prouve une fois de plus combien le peuple russe est divis\u00e9 lorsqu'il s'agit de son propre gouvernement et de ses politiques.","inLanguage":"fr-FR","potentialAction":[{"@type":"ReadAction","target":["https:\/\/marieclaire.be\/fr\/temoignages-femmes-russes-guerre\/"]}]},{"@type":"ImageObject","inLanguage":"fr-FR","@id":"https:\/\/marieclaire.be\/fr\/temoignages-femmes-russes-guerre\/#primaryimage","url":"https:\/\/marieclaire.be\/fr\/wp-content\/uploads\/2022\/03\/femmes-russes.jpg","contentUrl":"https:\/\/marieclaire.be\/fr\/wp-content\/uploads\/2022\/03\/femmes-russes.jpg","width":1200,"height":628,"caption":"Getty Images"},{"@type":"WebSite","@id":"https:\/\/marieclaire.be\/fr\/#website","url":"https:\/\/marieclaire.be\/fr\/","name":"Marie Claire Belgique","description":"Marie Claire Belgique, le magazine du style et de l\u2019intelligence qui parle de mode, des tendances, de la beaut\u00e9, de l\u2019actualit\u00e9 et de la culture","publisher":{"@id":"https:\/\/marieclaire.be\/fr\/#organization"},"potentialAction":[{"@type":"SearchAction","target":{"@type":"EntryPoint","urlTemplate":"https:\/\/marieclaire.be\/fr\/?s={search_term_string}"},"query-input":{"@type":"PropertyValueSpecification","valueRequired":true,"valueName":"search_term_string"}}],"inLanguage":"fr-FR"},{"@type":"Organization","@id":"https:\/\/marieclaire.be\/fr\/#organization","name":"Marie Claire","url":"https:\/\/marieclaire.be\/fr\/","logo":{"@type":"ImageObject","inLanguage":"fr-FR","@id":"https:\/\/marieclaire.be\/fr\/#\/schema\/logo\/image\/","url":"https:\/\/marieclaire.be\/fr\/wp-content\/uploads\/2018\/05\/mc-logo2.png","contentUrl":"https:\/\/marieclaire.be\/fr\/wp-content\/uploads\/2018\/05\/mc-logo2.png","width":1001,"height":189,"caption":"Marie Claire"},"image":{"@id":"https:\/\/marieclaire.be\/fr\/#\/schema\/logo\/image\/"},"sameAs":["https:\/\/www.facebook.com\/MarieClaire.Belgique\/","https:\/\/www.instagram.com\/marieclaire_belgique\/","https:\/\/fr.pinterest.com\/marieclairebe\/","https:\/\/www.youtube.com\/user\/BelgiumMarieClaire"]},{"@type":"Person","@id":"https:\/\/marieclaire.be\/fr\/#\/schema\/person\/c71bd7a8c3e622513c7531a39292a34e","name":"Malvine Sevrin","image":{"@type":"ImageObject","inLanguage":"fr-FR","@id":"https:\/\/marieclaire.be\/fr\/wp-content\/uploads\/2017\/05\/capture-decran-2024-02-13-a-145920-96x96.png","url":"https:\/\/marieclaire.be\/fr\/wp-content\/uploads\/2017\/05\/capture-decran-2024-02-13-a-145920-96x96.png","contentUrl":"https:\/\/marieclaire.be\/fr\/wp-content\/uploads\/2017\/05\/capture-decran-2024-02-13-a-145920-96x96.png","caption":"Malvine Sevrin"},"description":"Des podiums parisiens aux derni\u00e8res nouveaut\u00e9s skincare qui enflamment TikTok, je d\u00e9crypte les tendances pour Marie Claire Belgique. Passionn\u00e9e de voyage, de mode et de beaut\u00e9, je partage mes coups de coeur d\u00e9nich\u00e9s aux quatre coins du globe. En tant que r\u00e9dactrice en chef digital, j'ai \u00e9galement \u00e0 coeur de mettre en lumi\u00e8re les histoires inspirantes de femmes \u00e0 travers notre site et sur nos r\u00e9seaux sociaux.","sameAs":["https:\/\/www.instagram.com\/malvinesev\/"],"url":"https:\/\/marieclaire.be\/fr\/author\/malvine\/"}]}},"_links":{"self":[{"href":"https:\/\/marieclaire.be\/fr\/wp-json\/wp\/v2\/posts\/113425","targetHints":{"allow":["GET"]}}],"collection":[{"href":"https:\/\/marieclaire.be\/fr\/wp-json\/wp\/v2\/posts"}],"about":[{"href":"https:\/\/marieclaire.be\/fr\/wp-json\/wp\/v2\/types\/post"}],"author":[{"embeddable":true,"href":"https:\/\/marieclaire.be\/fr\/wp-json\/wp\/v2\/users\/30"}],"replies":[{"embeddable":true,"href":"https:\/\/marieclaire.be\/fr\/wp-json\/wp\/v2\/comments?post=113425"}],"version-history":[{"count":4,"href":"https:\/\/marieclaire.be\/fr\/wp-json\/wp\/v2\/posts\/113425\/revisions"}],"predecessor-version":[{"id":113444,"href":"https:\/\/marieclaire.be\/fr\/wp-json\/wp\/v2\/posts\/113425\/revisions\/113444"}],"wp:featuredmedia":[{"embeddable":true,"href":"https:\/\/marieclaire.be\/fr\/wp-json\/wp\/v2\/media\/113442"}],"wp:attachment":[{"href":"https:\/\/marieclaire.be\/fr\/wp-json\/wp\/v2\/media?parent=113425"}],"wp:term":[{"taxonomy":"category","embeddable":true,"href":"https:\/\/marieclaire.be\/fr\/wp-json\/wp\/v2\/categories?post=113425"},{"taxonomy":"post_tag","embeddable":true,"href":"https:\/\/marieclaire.be\/fr\/wp-json\/wp\/v2\/tags?post=113425"}],"curies":[{"name":"wp","href":"https:\/\/api.w.org\/{rel}","templated":true}]}}