{"id":110940,"date":"2024-04-11T08:00:14","date_gmt":"2024-04-11T06:00:14","guid":{"rendered":"https:\/\/marieclaire.be\/fr\/?p=110940"},"modified":"2024-04-11T10:09:38","modified_gmt":"2024-04-11T08:09:38","slug":"food-courts-ou-se-regaler-a-bruxelles","status":"publish","type":"post","link":"https:\/\/marieclaire.be\/fr\/food-courts-ou-se-regaler-a-bruxelles\/","title":{"rendered":"4 food courts o\u00f9 se r\u00e9galer \u00e0 Bruxelles"},"content":{"rendered":"","protected":false},"excerpt":{"rendered":"Londres, Lisbonne, Amsterdam\u2026 \u00e0 chaque grande capitale, son food court ! R\u00e9cemment d\u00e9barqu\u00e9 chez nous, le concept bat son plein et offre aux familles et amis ind\u00e9cis de quoi s\u00e9duire tous les app\u00e9tits.","protected":false},"author":71,"featured_media":135051,"comment_status":"closed","ping_status":"closed","sticky":false,"template":"","format":"standard","meta":{"_acf_changed":false,"footnotes":""},"categories":[806,67],"tags":[893,156,838],"class_list":["post-110940","post","type-post","status-publish","format-standard","has-post-thumbnail","hentry","category-food","category-lifestyle","tag-belgique","tag-bruxelles","tag-restaurant"],"acf":[],"_yoast_wpseo_title":null,"_yoast_wpseo_metadesc":"Le concept des food courts a d\u00e9barqu\u00e9 dans notre capitale pour le plus grand bonheur des foodies bruxellois !","image_verticale":"135050","yoast_head":"<!-- This site is optimized with the Yoast SEO plugin v27.3 - https:\/\/yoast.com\/product\/yoast-seo-wordpress\/ -->\n<title>4 food courts o\u00f9 se r\u00e9galer \u00e0 Bruxelles - Marie Claire Belgique<\/title>\n<meta name=\"description\" content=\"Le concept des food courts a d\u00e9barqu\u00e9 dans notre capitale pour le plus grand bonheur des foodies bruxellois !\" \/>\n<meta name=\"robots\" content=\"index, follow, max-snippet:-1, max-image-preview:large, max-video-preview:-1\" \/>\n<link rel=\"canonical\" href=\"https:\/\/marieclaire.be\/fr\/food-courts-ou-se-regaler-a-bruxelles\/\" \/>\n<link rel=\"next\" href=\"https:\/\/marieclaire.be\/fr\/food-courts-ou-se-regaler-a-bruxelles\/2\/\" \/>\n<meta property=\"og:locale\" content=\"fr_FR\" \/>\n<meta property=\"og:type\" content=\"article\" \/>\n<meta property=\"og:title\" content=\"4 food courts o\u00f9 se r\u00e9galer \u00e0 Bruxelles - Marie Claire Belgique\" \/>\n<meta property=\"og:description\" content=\"Le concept des food courts a d\u00e9barqu\u00e9 dans notre capitale pour le plus grand bonheur des foodies bruxellois !\" \/>\n<meta property=\"og:url\" content=\"https:\/\/marieclaire.be\/fr\/food-courts-ou-se-regaler-a-bruxelles\/\" \/>\n<meta property=\"og:site_name\" content=\"Marie Claire Belgique\" \/>\n<meta property=\"article:publisher\" content=\"https:\/\/www.facebook.com\/MarieClaire.Belgique\/\" \/>\n<meta property=\"article:published_time\" content=\"2024-04-11T06:00:14+00:00\" \/>\n<meta property=\"article:modified_time\" content=\"2024-04-11T08:09:38+00:00\" \/>\n<meta property=\"og:image\" content=\"https:\/\/marieclaire.be\/fr\/wp-content\/uploads\/2023\/06\/food-court-bxl.png\" \/>\n\t<meta property=\"og:image:width\" content=\"1200\" \/>\n\t<meta property=\"og:image:height\" content=\"628\" \/>\n\t<meta property=\"og:image:type\" content=\"image\/png\" \/>\n<meta name=\"author\" content=\"Romane Henkinbrant\" \/>\n<meta name=\"twitter:label1\" content=\"\u00c9crit par\" \/>\n\t<meta name=\"twitter:data1\" content=\"Romane Henkinbrant\" \/>\n\t<meta name=\"twitter:label2\" content=\"Dur\u00e9e de lecture estim\u00e9e\" \/>\n\t<meta name=\"twitter:data2\" content=\"6 minutes\" \/>\n<script type=\"application\/ld+json\" class=\"yoast-schema-graph\">{\"@context\":\"https:\\\/\\\/schema.org\",\"@graph\":[{\"@type\":\"NewsArticle\",\"@id\":\"https:\\\/\\\/marieclaire.be\\\/fr\\\/food-courts-ou-se-regaler-a-bruxelles\\\/#article\",\"isPartOf\":{\"@id\":\"https:\\\/\\\/marieclaire.be\\\/fr\\\/food-courts-ou-se-regaler-a-bruxelles\\\/\"},\"author\":{\"name\":\"Romane Henkinbrant\",\"@id\":\"https:\\\/\\\/marieclaire.be\\\/fr\\\/#\\\/schema\\\/person\\\/7e552cfe4a87823753ac7fca7a28b705\"},\"headline\":\"4 food courts o\u00f9 se r\u00e9galer \u00e0 Bruxelles\",\"datePublished\":\"2024-04-11T06:00:14+00:00\",\"dateModified\":\"2024-04-11T08:09:38+00:00\",\"mainEntityOfPage\":{\"@id\":\"https:\\\/\\\/marieclaire.be\\\/fr\\\/food-courts-ou-se-regaler-a-bruxelles\\\/\"},\"wordCount\":1306,\"publisher\":{\"@id\":\"https:\\\/\\\/marieclaire.be\\\/fr\\\/#organization\"},\"image\":{\"@id\":\"https:\\\/\\\/marieclaire.be\\\/fr\\\/food-courts-ou-se-regaler-a-bruxelles\\\/#primaryimage\"},\"thumbnailUrl\":\"https:\\\/\\\/marieclaire.be\\\/fr\\\/wp-content\\\/uploads\\\/2023\\\/06\\\/food-court-bxl.png\",\"keywords\":[\"belgique\",\"Bruxelles\",\"restaurant\"],\"articleSection\":[\"Food\",\"Lifestyle\"],\"inLanguage\":\"fr-FR\"},{\"@type\":\"WebPage\",\"@id\":\"https:\\\/\\\/marieclaire.be\\\/fr\\\/food-courts-ou-se-regaler-a-bruxelles\\\/\",\"url\":\"https:\\\/\\\/marieclaire.be\\\/fr\\\/food-courts-ou-se-regaler-a-bruxelles\\\/\",\"name\":\"4 food courts o\u00f9 se r\u00e9galer \u00e0 Bruxelles - Marie Claire Belgique\",\"isPartOf\":{\"@id\":\"https:\\\/\\\/marieclaire.be\\\/fr\\\/#website\"},\"primaryImageOfPage\":{\"@id\":\"https:\\\/\\\/marieclaire.be\\\/fr\\\/food-courts-ou-se-regaler-a-bruxelles\\\/#primaryimage\"},\"image\":{\"@id\":\"https:\\\/\\\/marieclaire.be\\\/fr\\\/food-courts-ou-se-regaler-a-bruxelles\\\/#primaryimage\"},\"thumbnailUrl\":\"https:\\\/\\\/marieclaire.be\\\/fr\\\/wp-content\\\/uploads\\\/2023\\\/06\\\/food-court-bxl.png\",\"datePublished\":\"2024-04-11T06:00:14+00:00\",\"dateModified\":\"2024-04-11T08:09:38+00:00\",\"description\":\"Le concept des food courts a d\u00e9barqu\u00e9 dans notre capitale pour le plus grand bonheur des foodies bruxellois !\",\"inLanguage\":\"fr-FR\",\"potentialAction\":[{\"@type\":\"ReadAction\",\"target\":[\"https:\\\/\\\/marieclaire.be\\\/fr\\\/food-courts-ou-se-regaler-a-bruxelles\\\/\"]}]},{\"@type\":\"ImageObject\",\"inLanguage\":\"fr-FR\",\"@id\":\"https:\\\/\\\/marieclaire.be\\\/fr\\\/food-courts-ou-se-regaler-a-bruxelles\\\/#primaryimage\",\"url\":\"https:\\\/\\\/marieclaire.be\\\/fr\\\/wp-content\\\/uploads\\\/2023\\\/06\\\/food-court-bxl.png\",\"contentUrl\":\"https:\\\/\\\/marieclaire.be\\\/fr\\\/wp-content\\\/uploads\\\/2023\\\/06\\\/food-court-bxl.png\",\"width\":1200,\"height\":628,\"caption\":\"Presse\"},{\"@type\":\"WebSite\",\"@id\":\"https:\\\/\\\/marieclaire.be\\\/fr\\\/#website\",\"url\":\"https:\\\/\\\/marieclaire.be\\\/fr\\\/\",\"name\":\"Marie Claire Belgique\",\"description\":\"Marie Claire Belgique, le magazine du style et de l\u2019intelligence qui parle de mode, des tendances, de la beaut\u00e9, de l\u2019actualit\u00e9 et de la culture\",\"publisher\":{\"@id\":\"https:\\\/\\\/marieclaire.be\\\/fr\\\/#organization\"},\"potentialAction\":[{\"@type\":\"SearchAction\",\"target\":{\"@type\":\"EntryPoint\",\"urlTemplate\":\"https:\\\/\\\/marieclaire.be\\\/fr\\\/?s={search_term_string}\"},\"query-input\":{\"@type\":\"PropertyValueSpecification\",\"valueRequired\":true,\"valueName\":\"search_term_string\"}}],\"inLanguage\":\"fr-FR\"},{\"@type\":\"Organization\",\"@id\":\"https:\\\/\\\/marieclaire.be\\\/fr\\\/#organization\",\"name\":\"Marie Claire\",\"url\":\"https:\\\/\\\/marieclaire.be\\\/fr\\\/\",\"logo\":{\"@type\":\"ImageObject\",\"inLanguage\":\"fr-FR\",\"@id\":\"https:\\\/\\\/marieclaire.be\\\/fr\\\/#\\\/schema\\\/logo\\\/image\\\/\",\"url\":\"https:\\\/\\\/marieclaire.be\\\/fr\\\/wp-content\\\/uploads\\\/2018\\\/05\\\/mc-logo2.png\",\"contentUrl\":\"https:\\\/\\\/marieclaire.be\\\/fr\\\/wp-content\\\/uploads\\\/2018\\\/05\\\/mc-logo2.png\",\"width\":1001,\"height\":189,\"caption\":\"Marie Claire\"},\"image\":{\"@id\":\"https:\\\/\\\/marieclaire.be\\\/fr\\\/#\\\/schema\\\/logo\\\/image\\\/\"},\"sameAs\":[\"https:\\\/\\\/www.facebook.com\\\/MarieClaire.Belgique\\\/\",\"https:\\\/\\\/www.instagram.com\\\/marieclaire_belgique\\\/\",\"https:\\\/\\\/fr.pinterest.com\\\/marieclairebe\\\/\",\"https:\\\/\\\/www.youtube.com\\\/user\\\/BelgiumMarieClaire\"]},{\"@type\":\"Person\",\"@id\":\"https:\\\/\\\/marieclaire.be\\\/fr\\\/#\\\/schema\\\/person\\\/7e552cfe4a87823753ac7fca7a28b705\",\"name\":\"Romane Henkinbrant\",\"image\":{\"@type\":\"ImageObject\",\"inLanguage\":\"fr-FR\",\"@id\":\"https:\\\/\\\/marieclaire.be\\\/fr\\\/wp-content\\\/uploads\\\/2022\\\/10\\\/cbc74c76-01fc-4f4e-ad26-e1f297d2eb35-96x96.jpg\",\"url\":\"https:\\\/\\\/marieclaire.be\\\/fr\\\/wp-content\\\/uploads\\\/2022\\\/10\\\/cbc74c76-01fc-4f4e-ad26-e1f297d2eb35-96x96.jpg\",\"contentUrl\":\"https:\\\/\\\/marieclaire.be\\\/fr\\\/wp-content\\\/uploads\\\/2022\\\/10\\\/cbc74c76-01fc-4f4e-ad26-e1f297d2eb35-96x96.jpg\",\"caption\":\"Romane Henkinbrant\"},\"description\":\"Grande affam\u00e9e toujours en qu\u00eate des derni\u00e8res adresses durables, des meilleurs vins naturels et produits locaux, qui croit fermement que manger en dit autant sur soi que sur celleux qui nous entourent.\",\"sameAs\":[\"https:\\\/\\\/www.instagram.com\\\/romane_hkbt\\\/\"],\"url\":\"https:\\\/\\\/marieclaire.be\\\/fr\\\/author\\\/romanehenkinbranthotmail-com\\\/\"}]}<\/script>\n<!-- \/ Yoast SEO plugin. -->","yoast_head_json":{"title":"4 food courts o\u00f9 se r\u00e9galer \u00e0 Bruxelles - Marie Claire Belgique","description":"Le concept des food courts a d\u00e9barqu\u00e9 dans notre capitale pour le plus grand bonheur des foodies bruxellois !","robots":{"index":"index","follow":"follow","max-snippet":"max-snippet:-1","max-image-preview":"max-image-preview:large","max-video-preview":"max-video-preview:-1"},"canonical":"https:\/\/marieclaire.be\/fr\/food-courts-ou-se-regaler-a-bruxelles\/","next":"https:\/\/marieclaire.be\/fr\/food-courts-ou-se-regaler-a-bruxelles\/2\/","og_locale":"fr_FR","og_type":"article","og_title":"4 food courts o\u00f9 se r\u00e9galer \u00e0 Bruxelles - Marie Claire Belgique","og_description":"Le concept des food courts a d\u00e9barqu\u00e9 dans notre capitale pour le plus grand bonheur des foodies bruxellois !","og_url":"https:\/\/marieclaire.be\/fr\/food-courts-ou-se-regaler-a-bruxelles\/","og_site_name":"Marie Claire Belgique","article_publisher":"https:\/\/www.facebook.com\/MarieClaire.Belgique\/","article_published_time":"2024-04-11T06:00:14+00:00","article_modified_time":"2024-04-11T08:09:38+00:00","og_image":[{"width":1200,"height":628,"url":"https:\/\/marieclaire.be\/fr\/wp-content\/uploads\/2023\/06\/food-court-bxl.png","type":"image\/png"}],"author":"Romane Henkinbrant","twitter_misc":{"\u00c9crit par":"Romane Henkinbrant","Dur\u00e9e de lecture estim\u00e9e":"6 minutes"},"schema":{"@context":"https:\/\/schema.org","@graph":[{"@type":"NewsArticle","@id":"https:\/\/marieclaire.be\/fr\/food-courts-ou-se-regaler-a-bruxelles\/#article","isPartOf":{"@id":"https:\/\/marieclaire.be\/fr\/food-courts-ou-se-regaler-a-bruxelles\/"},"author":{"name":"Romane Henkinbrant","@id":"https:\/\/marieclaire.be\/fr\/#\/schema\/person\/7e552cfe4a87823753ac7fca7a28b705"},"headline":"4 food courts o\u00f9 se r\u00e9galer \u00e0 Bruxelles","datePublished":"2024-04-11T06:00:14+00:00","dateModified":"2024-04-11T08:09:38+00:00","mainEntityOfPage":{"@id":"https:\/\/marieclaire.be\/fr\/food-courts-ou-se-regaler-a-bruxelles\/"},"wordCount":1306,"publisher":{"@id":"https:\/\/marieclaire.be\/fr\/#organization"},"image":{"@id":"https:\/\/marieclaire.be\/fr\/food-courts-ou-se-regaler-a-bruxelles\/#primaryimage"},"thumbnailUrl":"https:\/\/marieclaire.be\/fr\/wp-content\/uploads\/2023\/06\/food-court-bxl.png","keywords":["belgique","Bruxelles","restaurant"],"articleSection":["Food","Lifestyle"],"inLanguage":"fr-FR"},{"@type":"WebPage","@id":"https:\/\/marieclaire.be\/fr\/food-courts-ou-se-regaler-a-bruxelles\/","url":"https:\/\/marieclaire.be\/fr\/food-courts-ou-se-regaler-a-bruxelles\/","name":"4 food courts o\u00f9 se r\u00e9galer \u00e0 Bruxelles - Marie Claire Belgique","isPartOf":{"@id":"https:\/\/marieclaire.be\/fr\/#website"},"primaryImageOfPage":{"@id":"https:\/\/marieclaire.be\/fr\/food-courts-ou-se-regaler-a-bruxelles\/#primaryimage"},"image":{"@id":"https:\/\/marieclaire.be\/fr\/food-courts-ou-se-regaler-a-bruxelles\/#primaryimage"},"thumbnailUrl":"https:\/\/marieclaire.be\/fr\/wp-content\/uploads\/2023\/06\/food-court-bxl.png","datePublished":"2024-04-11T06:00:14+00:00","dateModified":"2024-04-11T08:09:38+00:00","description":"Le concept des food courts a d\u00e9barqu\u00e9 dans notre capitale pour le plus grand bonheur des foodies bruxellois !","inLanguage":"fr-FR","potentialAction":[{"@type":"ReadAction","target":["https:\/\/marieclaire.be\/fr\/food-courts-ou-se-regaler-a-bruxelles\/"]}]},{"@type":"ImageObject","inLanguage":"fr-FR","@id":"https:\/\/marieclaire.be\/fr\/food-courts-ou-se-regaler-a-bruxelles\/#primaryimage","url":"https:\/\/marieclaire.be\/fr\/wp-content\/uploads\/2023\/06\/food-court-bxl.png","contentUrl":"https:\/\/marieclaire.be\/fr\/wp-content\/uploads\/2023\/06\/food-court-bxl.png","width":1200,"height":628,"caption":"Presse"},{"@type":"WebSite","@id":"https:\/\/marieclaire.be\/fr\/#website","url":"https:\/\/marieclaire.be\/fr\/","name":"Marie Claire Belgique","description":"Marie Claire Belgique, le magazine du style et de l\u2019intelligence qui parle de mode, des tendances, de la beaut\u00e9, de l\u2019actualit\u00e9 et de la culture","publisher":{"@id":"https:\/\/marieclaire.be\/fr\/#organization"},"potentialAction":[{"@type":"SearchAction","target":{"@type":"EntryPoint","urlTemplate":"https:\/\/marieclaire.be\/fr\/?s={search_term_string}"},"query-input":{"@type":"PropertyValueSpecification","valueRequired":true,"valueName":"search_term_string"}}],"inLanguage":"fr-FR"},{"@type":"Organization","@id":"https:\/\/marieclaire.be\/fr\/#organization","name":"Marie Claire","url":"https:\/\/marieclaire.be\/fr\/","logo":{"@type":"ImageObject","inLanguage":"fr-FR","@id":"https:\/\/marieclaire.be\/fr\/#\/schema\/logo\/image\/","url":"https:\/\/marieclaire.be\/fr\/wp-content\/uploads\/2018\/05\/mc-logo2.png","contentUrl":"https:\/\/marieclaire.be\/fr\/wp-content\/uploads\/2018\/05\/mc-logo2.png","width":1001,"height":189,"caption":"Marie Claire"},"image":{"@id":"https:\/\/marieclaire.be\/fr\/#\/schema\/logo\/image\/"},"sameAs":["https:\/\/www.facebook.com\/MarieClaire.Belgique\/","https:\/\/www.instagram.com\/marieclaire_belgique\/","https:\/\/fr.pinterest.com\/marieclairebe\/","https:\/\/www.youtube.com\/user\/BelgiumMarieClaire"]},{"@type":"Person","@id":"https:\/\/marieclaire.be\/fr\/#\/schema\/person\/7e552cfe4a87823753ac7fca7a28b705","name":"Romane Henkinbrant","image":{"@type":"ImageObject","inLanguage":"fr-FR","@id":"https:\/\/marieclaire.be\/fr\/wp-content\/uploads\/2022\/10\/cbc74c76-01fc-4f4e-ad26-e1f297d2eb35-96x96.jpg","url":"https:\/\/marieclaire.be\/fr\/wp-content\/uploads\/2022\/10\/cbc74c76-01fc-4f4e-ad26-e1f297d2eb35-96x96.jpg","contentUrl":"https:\/\/marieclaire.be\/fr\/wp-content\/uploads\/2022\/10\/cbc74c76-01fc-4f4e-ad26-e1f297d2eb35-96x96.jpg","caption":"Romane Henkinbrant"},"description":"Grande affam\u00e9e toujours en qu\u00eate des derni\u00e8res adresses durables, des meilleurs vins naturels et produits locaux, qui croit fermement que manger en dit autant sur soi que sur celleux qui nous entourent.","sameAs":["https:\/\/www.instagram.com\/romane_hkbt\/"],"url":"https:\/\/marieclaire.be\/fr\/author\/romanehenkinbranthotmail-com\/"}]}},"_links":{"self":[{"href":"https:\/\/marieclaire.be\/fr\/wp-json\/wp\/v2\/posts\/110940","targetHints":{"allow":["GET"]}}],"collection":[{"href":"https:\/\/marieclaire.be\/fr\/wp-json\/wp\/v2\/posts"}],"about":[{"href":"https:\/\/marieclaire.be\/fr\/wp-json\/wp\/v2\/types\/post"}],"author":[{"embeddable":true,"href":"https:\/\/marieclaire.be\/fr\/wp-json\/wp\/v2\/users\/71"}],"replies":[{"embeddable":true,"href":"https:\/\/marieclaire.be\/fr\/wp-json\/wp\/v2\/comments?post=110940"}],"version-history":[{"count":24,"href":"https:\/\/marieclaire.be\/fr\/wp-json\/wp\/v2\/posts\/110940\/revisions"}],"predecessor-version":[{"id":135147,"href":"https:\/\/marieclaire.be\/fr\/wp-json\/wp\/v2\/posts\/110940\/revisions\/135147"}],"wp:featuredmedia":[{"embeddable":true,"href":"https:\/\/marieclaire.be\/fr\/wp-json\/wp\/v2\/media\/135051"}],"wp:attachment":[{"href":"https:\/\/marieclaire.be\/fr\/wp-json\/wp\/v2\/media?parent=110940"}],"wp:term":[{"taxonomy":"category","embeddable":true,"href":"https:\/\/marieclaire.be\/fr\/wp-json\/wp\/v2\/categories?post=110940"},{"taxonomy":"post_tag","embeddable":true,"href":"https:\/\/marieclaire.be\/fr\/wp-json\/wp\/v2\/tags?post=110940"}],"curies":[{"name":"wp","href":"https:\/\/api.w.org\/{rel}","templated":true}]}}