{"id":110274,"date":"2021-12-08T15:12:04","date_gmt":"2021-12-08T14:12:04","guid":{"rendered":"https:\/\/marieclaire.be\/fr\/?p=110274"},"modified":"2021-12-08T15:26:45","modified_gmt":"2021-12-08T14:26:45","slug":"defile-chanel-metiers-dart-ode-creativite","status":"publish","type":"post","link":"https:\/\/marieclaire.be\/fr\/defile-chanel-metiers-dart-ode-creativite\/","title":{"rendered":"D\u00e9fil\u00e9 Chanel M\u00e9tiers d&#8217;Art : une ode \u00e0 l&#8217;artisanat et la cr\u00e9ativit\u00e9"},"content":{"rendered":"","protected":false},"excerpt":{"rendered":"Hier apr\u00e8s-midi, le d\u00e9fil\u00e9 annuel des M\u00e9tiers d&#8217;art 2021-22 de la maison de couture Chanel s&#8217;est d\u00e9roul\u00e9 \u00e0 Paris. ...","protected":false},"author":30,"featured_media":110278,"comment_status":"closed","ping_status":"closed","sticky":false,"template":"","format":"standard","meta":{"_acf_changed":false,"footnotes":""},"categories":[22,6],"tags":[778,890],"class_list":["post-110274","post","type-post","status-publish","format-standard","has-post-thumbnail","hentry","category-defiles","category-mode","tag-chanel","tag-defile"],"acf":[],"_yoast_wpseo_title":null,"_yoast_wpseo_metadesc":"Pr\u00e9sent\u00e9 une fois par an, le d\u00e9fil\u00e9 M\u00e9tiers d'Art met en lumi\u00e8re le savoir-faire exceptionnel des diff\u00e9rents ateliers avec lesquels Chanel collabore.","image_verticale":"110277","yoast_head":"<!-- This site is optimized with the Yoast SEO plugin v27.3 - https:\/\/yoast.com\/product\/yoast-seo-wordpress\/ -->\n<title>D\u00e9fil\u00e9 Chanel M\u00e9tiers d&#039;Art : une ode \u00e0 l&#039;artisanat et la cr\u00e9ativit\u00e9 - Marie Claire Belgique<\/title>\n<meta name=\"description\" content=\"Pr\u00e9sent\u00e9 une fois par an, le d\u00e9fil\u00e9 M\u00e9tiers d&#039;Art met en lumi\u00e8re le savoir-faire exceptionnel des diff\u00e9rents ateliers avec lesquels Chanel collabore.\" \/>\n<meta name=\"robots\" content=\"index, follow, max-snippet:-1, max-image-preview:large, max-video-preview:-1\" \/>\n<link rel=\"canonical\" href=\"https:\/\/marieclaire.be\/fr\/defile-chanel-metiers-dart-ode-creativite\/\" \/>\n<link rel=\"next\" href=\"https:\/\/marieclaire.be\/fr\/defile-chanel-metiers-dart-ode-creativite\/2\/\" \/>\n<meta property=\"og:locale\" content=\"fr_FR\" \/>\n<meta property=\"og:type\" content=\"article\" \/>\n<meta property=\"og:title\" content=\"D\u00e9fil\u00e9 Chanel M\u00e9tiers d&#039;Art : une ode \u00e0 l&#039;artisanat et la cr\u00e9ativit\u00e9 - Marie Claire Belgique\" \/>\n<meta property=\"og:description\" content=\"Pr\u00e9sent\u00e9 une fois par an, le d\u00e9fil\u00e9 M\u00e9tiers d&#039;Art met en lumi\u00e8re le savoir-faire exceptionnel des diff\u00e9rents ateliers avec lesquels Chanel collabore.\" \/>\n<meta property=\"og:url\" content=\"https:\/\/marieclaire.be\/fr\/defile-chanel-metiers-dart-ode-creativite\/\" \/>\n<meta property=\"og:site_name\" content=\"Marie Claire Belgique\" \/>\n<meta property=\"article:publisher\" content=\"https:\/\/www.facebook.com\/MarieClaire.Belgique\/\" \/>\n<meta property=\"article:published_time\" content=\"2021-12-08T14:12:04+00:00\" \/>\n<meta property=\"article:modified_time\" content=\"2021-12-08T14:26:45+00:00\" \/>\n<meta property=\"og:image\" content=\"https:\/\/marieclaire.be\/fr\/wp-content\/uploads\/2021\/12\/chanel-defile2.jpg\" \/>\n\t<meta property=\"og:image:width\" content=\"1200\" \/>\n\t<meta property=\"og:image:height\" content=\"628\" \/>\n\t<meta property=\"og:image:type\" content=\"image\/jpeg\" \/>\n<meta name=\"author\" content=\"Malvine Sevrin\" \/>\n<meta name=\"twitter:label1\" content=\"\u00c9crit par\" \/>\n\t<meta name=\"twitter:data1\" content=\"Malvine Sevrin\" \/>\n\t<meta name=\"twitter:label2\" content=\"Dur\u00e9e de lecture estim\u00e9e\" \/>\n\t<meta name=\"twitter:data2\" content=\"4 minutes\" \/>\n<script type=\"application\/ld+json\" class=\"yoast-schema-graph\">{\"@context\":\"https:\\\/\\\/schema.org\",\"@graph\":[{\"@type\":\"NewsArticle\",\"@id\":\"https:\\\/\\\/marieclaire.be\\\/fr\\\/defile-chanel-metiers-dart-ode-creativite\\\/#article\",\"isPartOf\":{\"@id\":\"https:\\\/\\\/marieclaire.be\\\/fr\\\/defile-chanel-metiers-dart-ode-creativite\\\/\"},\"author\":{\"name\":\"Malvine Sevrin\",\"@id\":\"https:\\\/\\\/marieclaire.be\\\/fr\\\/#\\\/schema\\\/person\\\/c71bd7a8c3e622513c7531a39292a34e\"},\"headline\":\"D\u00e9fil\u00e9 Chanel M\u00e9tiers d&#8217;Art : une ode \u00e0 l&#8217;artisanat et la cr\u00e9ativit\u00e9\",\"datePublished\":\"2021-12-08T14:12:04+00:00\",\"dateModified\":\"2021-12-08T14:26:45+00:00\",\"mainEntityOfPage\":{\"@id\":\"https:\\\/\\\/marieclaire.be\\\/fr\\\/defile-chanel-metiers-dart-ode-creativite\\\/\"},\"wordCount\":810,\"publisher\":{\"@id\":\"https:\\\/\\\/marieclaire.be\\\/fr\\\/#organization\"},\"image\":{\"@id\":\"https:\\\/\\\/marieclaire.be\\\/fr\\\/defile-chanel-metiers-dart-ode-creativite\\\/#primaryimage\"},\"thumbnailUrl\":\"https:\\\/\\\/marieclaire.be\\\/fr\\\/wp-content\\\/uploads\\\/2021\\\/12\\\/chanel-defile2.jpg\",\"keywords\":[\"chanel\",\"d\u00e9fil\u00e9\"],\"articleSection\":[\"D\u00e9fil\u00e9s\",\"Mode\"],\"inLanguage\":\"fr-FR\"},{\"@type\":\"WebPage\",\"@id\":\"https:\\\/\\\/marieclaire.be\\\/fr\\\/defile-chanel-metiers-dart-ode-creativite\\\/\",\"url\":\"https:\\\/\\\/marieclaire.be\\\/fr\\\/defile-chanel-metiers-dart-ode-creativite\\\/\",\"name\":\"D\u00e9fil\u00e9 Chanel M\u00e9tiers d'Art : une ode \u00e0 l'artisanat et la cr\u00e9ativit\u00e9 - Marie Claire Belgique\",\"isPartOf\":{\"@id\":\"https:\\\/\\\/marieclaire.be\\\/fr\\\/#website\"},\"primaryImageOfPage\":{\"@id\":\"https:\\\/\\\/marieclaire.be\\\/fr\\\/defile-chanel-metiers-dart-ode-creativite\\\/#primaryimage\"},\"image\":{\"@id\":\"https:\\\/\\\/marieclaire.be\\\/fr\\\/defile-chanel-metiers-dart-ode-creativite\\\/#primaryimage\"},\"thumbnailUrl\":\"https:\\\/\\\/marieclaire.be\\\/fr\\\/wp-content\\\/uploads\\\/2021\\\/12\\\/chanel-defile2.jpg\",\"datePublished\":\"2021-12-08T14:12:04+00:00\",\"dateModified\":\"2021-12-08T14:26:45+00:00\",\"description\":\"Pr\u00e9sent\u00e9 une fois par an, le d\u00e9fil\u00e9 M\u00e9tiers d'Art met en lumi\u00e8re le savoir-faire exceptionnel des diff\u00e9rents ateliers avec lesquels Chanel collabore.\",\"inLanguage\":\"fr-FR\",\"potentialAction\":[{\"@type\":\"ReadAction\",\"target\":[\"https:\\\/\\\/marieclaire.be\\\/fr\\\/defile-chanel-metiers-dart-ode-creativite\\\/\"]}]},{\"@type\":\"ImageObject\",\"inLanguage\":\"fr-FR\",\"@id\":\"https:\\\/\\\/marieclaire.be\\\/fr\\\/defile-chanel-metiers-dart-ode-creativite\\\/#primaryimage\",\"url\":\"https:\\\/\\\/marieclaire.be\\\/fr\\\/wp-content\\\/uploads\\\/2021\\\/12\\\/chanel-defile2.jpg\",\"contentUrl\":\"https:\\\/\\\/marieclaire.be\\\/fr\\\/wp-content\\\/uploads\\\/2021\\\/12\\\/chanel-defile2.jpg\",\"width\":1200,\"height\":628,\"caption\":\"Chanel\"},{\"@type\":\"WebSite\",\"@id\":\"https:\\\/\\\/marieclaire.be\\\/fr\\\/#website\",\"url\":\"https:\\\/\\\/marieclaire.be\\\/fr\\\/\",\"name\":\"Marie Claire Belgique\",\"description\":\"Marie Claire Belgique, le magazine du style et de l\u2019intelligence qui parle de mode, des tendances, de la beaut\u00e9, de l\u2019actualit\u00e9 et de la culture\",\"publisher\":{\"@id\":\"https:\\\/\\\/marieclaire.be\\\/fr\\\/#organization\"},\"potentialAction\":[{\"@type\":\"SearchAction\",\"target\":{\"@type\":\"EntryPoint\",\"urlTemplate\":\"https:\\\/\\\/marieclaire.be\\\/fr\\\/?s={search_term_string}\"},\"query-input\":{\"@type\":\"PropertyValueSpecification\",\"valueRequired\":true,\"valueName\":\"search_term_string\"}}],\"inLanguage\":\"fr-FR\"},{\"@type\":\"Organization\",\"@id\":\"https:\\\/\\\/marieclaire.be\\\/fr\\\/#organization\",\"name\":\"Marie Claire\",\"url\":\"https:\\\/\\\/marieclaire.be\\\/fr\\\/\",\"logo\":{\"@type\":\"ImageObject\",\"inLanguage\":\"fr-FR\",\"@id\":\"https:\\\/\\\/marieclaire.be\\\/fr\\\/#\\\/schema\\\/logo\\\/image\\\/\",\"url\":\"https:\\\/\\\/marieclaire.be\\\/fr\\\/wp-content\\\/uploads\\\/2018\\\/05\\\/mc-logo2.png\",\"contentUrl\":\"https:\\\/\\\/marieclaire.be\\\/fr\\\/wp-content\\\/uploads\\\/2018\\\/05\\\/mc-logo2.png\",\"width\":1001,\"height\":189,\"caption\":\"Marie Claire\"},\"image\":{\"@id\":\"https:\\\/\\\/marieclaire.be\\\/fr\\\/#\\\/schema\\\/logo\\\/image\\\/\"},\"sameAs\":[\"https:\\\/\\\/www.facebook.com\\\/MarieClaire.Belgique\\\/\",\"https:\\\/\\\/www.instagram.com\\\/marieclaire_belgique\\\/\",\"https:\\\/\\\/fr.pinterest.com\\\/marieclairebe\\\/\",\"https:\\\/\\\/www.youtube.com\\\/user\\\/BelgiumMarieClaire\"]},{\"@type\":\"Person\",\"@id\":\"https:\\\/\\\/marieclaire.be\\\/fr\\\/#\\\/schema\\\/person\\\/c71bd7a8c3e622513c7531a39292a34e\",\"name\":\"Malvine Sevrin\",\"image\":{\"@type\":\"ImageObject\",\"inLanguage\":\"fr-FR\",\"@id\":\"https:\\\/\\\/marieclaire.be\\\/fr\\\/wp-content\\\/uploads\\\/2017\\\/05\\\/capture-decran-2024-02-13-a-145920-96x96.png\",\"url\":\"https:\\\/\\\/marieclaire.be\\\/fr\\\/wp-content\\\/uploads\\\/2017\\\/05\\\/capture-decran-2024-02-13-a-145920-96x96.png\",\"contentUrl\":\"https:\\\/\\\/marieclaire.be\\\/fr\\\/wp-content\\\/uploads\\\/2017\\\/05\\\/capture-decran-2024-02-13-a-145920-96x96.png\",\"caption\":\"Malvine Sevrin\"},\"description\":\"Des podiums parisiens aux derni\u00e8res nouveaut\u00e9s skincare qui enflamment TikTok, je d\u00e9crypte les tendances pour Marie Claire Belgique. Passionn\u00e9e de voyage, de mode et de beaut\u00e9, je partage mes coups de coeur d\u00e9nich\u00e9s aux quatre coins du globe. En tant que r\u00e9dactrice en chef digital, j'ai \u00e9galement \u00e0 coeur de mettre en lumi\u00e8re les histoires inspirantes de femmes \u00e0 travers notre site et sur nos r\u00e9seaux sociaux.\",\"sameAs\":[\"https:\\\/\\\/www.instagram.com\\\/malvinesev\\\/\"],\"url\":\"https:\\\/\\\/marieclaire.be\\\/fr\\\/author\\\/malvine\\\/\"}]}<\/script>\n<!-- \/ Yoast SEO plugin. -->","yoast_head_json":{"title":"D\u00e9fil\u00e9 Chanel M\u00e9tiers d'Art : une ode \u00e0 l'artisanat et la cr\u00e9ativit\u00e9 - Marie Claire Belgique","description":"Pr\u00e9sent\u00e9 une fois par an, le d\u00e9fil\u00e9 M\u00e9tiers d'Art met en lumi\u00e8re le savoir-faire exceptionnel des diff\u00e9rents ateliers avec lesquels Chanel collabore.","robots":{"index":"index","follow":"follow","max-snippet":"max-snippet:-1","max-image-preview":"max-image-preview:large","max-video-preview":"max-video-preview:-1"},"canonical":"https:\/\/marieclaire.be\/fr\/defile-chanel-metiers-dart-ode-creativite\/","next":"https:\/\/marieclaire.be\/fr\/defile-chanel-metiers-dart-ode-creativite\/2\/","og_locale":"fr_FR","og_type":"article","og_title":"D\u00e9fil\u00e9 Chanel M\u00e9tiers d'Art : une ode \u00e0 l'artisanat et la cr\u00e9ativit\u00e9 - Marie Claire Belgique","og_description":"Pr\u00e9sent\u00e9 une fois par an, le d\u00e9fil\u00e9 M\u00e9tiers d'Art met en lumi\u00e8re le savoir-faire exceptionnel des diff\u00e9rents ateliers avec lesquels Chanel collabore.","og_url":"https:\/\/marieclaire.be\/fr\/defile-chanel-metiers-dart-ode-creativite\/","og_site_name":"Marie Claire Belgique","article_publisher":"https:\/\/www.facebook.com\/MarieClaire.Belgique\/","article_published_time":"2021-12-08T14:12:04+00:00","article_modified_time":"2021-12-08T14:26:45+00:00","og_image":[{"width":1200,"height":628,"url":"https:\/\/marieclaire.be\/fr\/wp-content\/uploads\/2021\/12\/chanel-defile2.jpg","type":"image\/jpeg"}],"author":"Malvine Sevrin","twitter_misc":{"\u00c9crit par":"Malvine Sevrin","Dur\u00e9e de lecture estim\u00e9e":"4 minutes"},"schema":{"@context":"https:\/\/schema.org","@graph":[{"@type":"NewsArticle","@id":"https:\/\/marieclaire.be\/fr\/defile-chanel-metiers-dart-ode-creativite\/#article","isPartOf":{"@id":"https:\/\/marieclaire.be\/fr\/defile-chanel-metiers-dart-ode-creativite\/"},"author":{"name":"Malvine Sevrin","@id":"https:\/\/marieclaire.be\/fr\/#\/schema\/person\/c71bd7a8c3e622513c7531a39292a34e"},"headline":"D\u00e9fil\u00e9 Chanel M\u00e9tiers d&#8217;Art : une ode \u00e0 l&#8217;artisanat et la cr\u00e9ativit\u00e9","datePublished":"2021-12-08T14:12:04+00:00","dateModified":"2021-12-08T14:26:45+00:00","mainEntityOfPage":{"@id":"https:\/\/marieclaire.be\/fr\/defile-chanel-metiers-dart-ode-creativite\/"},"wordCount":810,"publisher":{"@id":"https:\/\/marieclaire.be\/fr\/#organization"},"image":{"@id":"https:\/\/marieclaire.be\/fr\/defile-chanel-metiers-dart-ode-creativite\/#primaryimage"},"thumbnailUrl":"https:\/\/marieclaire.be\/fr\/wp-content\/uploads\/2021\/12\/chanel-defile2.jpg","keywords":["chanel","d\u00e9fil\u00e9"],"articleSection":["D\u00e9fil\u00e9s","Mode"],"inLanguage":"fr-FR"},{"@type":"WebPage","@id":"https:\/\/marieclaire.be\/fr\/defile-chanel-metiers-dart-ode-creativite\/","url":"https:\/\/marieclaire.be\/fr\/defile-chanel-metiers-dart-ode-creativite\/","name":"D\u00e9fil\u00e9 Chanel M\u00e9tiers d'Art : une ode \u00e0 l'artisanat et la cr\u00e9ativit\u00e9 - Marie Claire Belgique","isPartOf":{"@id":"https:\/\/marieclaire.be\/fr\/#website"},"primaryImageOfPage":{"@id":"https:\/\/marieclaire.be\/fr\/defile-chanel-metiers-dart-ode-creativite\/#primaryimage"},"image":{"@id":"https:\/\/marieclaire.be\/fr\/defile-chanel-metiers-dart-ode-creativite\/#primaryimage"},"thumbnailUrl":"https:\/\/marieclaire.be\/fr\/wp-content\/uploads\/2021\/12\/chanel-defile2.jpg","datePublished":"2021-12-08T14:12:04+00:00","dateModified":"2021-12-08T14:26:45+00:00","description":"Pr\u00e9sent\u00e9 une fois par an, le d\u00e9fil\u00e9 M\u00e9tiers d'Art met en lumi\u00e8re le savoir-faire exceptionnel des diff\u00e9rents ateliers avec lesquels Chanel collabore.","inLanguage":"fr-FR","potentialAction":[{"@type":"ReadAction","target":["https:\/\/marieclaire.be\/fr\/defile-chanel-metiers-dart-ode-creativite\/"]}]},{"@type":"ImageObject","inLanguage":"fr-FR","@id":"https:\/\/marieclaire.be\/fr\/defile-chanel-metiers-dart-ode-creativite\/#primaryimage","url":"https:\/\/marieclaire.be\/fr\/wp-content\/uploads\/2021\/12\/chanel-defile2.jpg","contentUrl":"https:\/\/marieclaire.be\/fr\/wp-content\/uploads\/2021\/12\/chanel-defile2.jpg","width":1200,"height":628,"caption":"Chanel"},{"@type":"WebSite","@id":"https:\/\/marieclaire.be\/fr\/#website","url":"https:\/\/marieclaire.be\/fr\/","name":"Marie Claire Belgique","description":"Marie Claire Belgique, le magazine du style et de l\u2019intelligence qui parle de mode, des tendances, de la beaut\u00e9, de l\u2019actualit\u00e9 et de la culture","publisher":{"@id":"https:\/\/marieclaire.be\/fr\/#organization"},"potentialAction":[{"@type":"SearchAction","target":{"@type":"EntryPoint","urlTemplate":"https:\/\/marieclaire.be\/fr\/?s={search_term_string}"},"query-input":{"@type":"PropertyValueSpecification","valueRequired":true,"valueName":"search_term_string"}}],"inLanguage":"fr-FR"},{"@type":"Organization","@id":"https:\/\/marieclaire.be\/fr\/#organization","name":"Marie Claire","url":"https:\/\/marieclaire.be\/fr\/","logo":{"@type":"ImageObject","inLanguage":"fr-FR","@id":"https:\/\/marieclaire.be\/fr\/#\/schema\/logo\/image\/","url":"https:\/\/marieclaire.be\/fr\/wp-content\/uploads\/2018\/05\/mc-logo2.png","contentUrl":"https:\/\/marieclaire.be\/fr\/wp-content\/uploads\/2018\/05\/mc-logo2.png","width":1001,"height":189,"caption":"Marie Claire"},"image":{"@id":"https:\/\/marieclaire.be\/fr\/#\/schema\/logo\/image\/"},"sameAs":["https:\/\/www.facebook.com\/MarieClaire.Belgique\/","https:\/\/www.instagram.com\/marieclaire_belgique\/","https:\/\/fr.pinterest.com\/marieclairebe\/","https:\/\/www.youtube.com\/user\/BelgiumMarieClaire"]},{"@type":"Person","@id":"https:\/\/marieclaire.be\/fr\/#\/schema\/person\/c71bd7a8c3e622513c7531a39292a34e","name":"Malvine Sevrin","image":{"@type":"ImageObject","inLanguage":"fr-FR","@id":"https:\/\/marieclaire.be\/fr\/wp-content\/uploads\/2017\/05\/capture-decran-2024-02-13-a-145920-96x96.png","url":"https:\/\/marieclaire.be\/fr\/wp-content\/uploads\/2017\/05\/capture-decran-2024-02-13-a-145920-96x96.png","contentUrl":"https:\/\/marieclaire.be\/fr\/wp-content\/uploads\/2017\/05\/capture-decran-2024-02-13-a-145920-96x96.png","caption":"Malvine Sevrin"},"description":"Des podiums parisiens aux derni\u00e8res nouveaut\u00e9s skincare qui enflamment TikTok, je d\u00e9crypte les tendances pour Marie Claire Belgique. Passionn\u00e9e de voyage, de mode et de beaut\u00e9, je partage mes coups de coeur d\u00e9nich\u00e9s aux quatre coins du globe. En tant que r\u00e9dactrice en chef digital, j'ai \u00e9galement \u00e0 coeur de mettre en lumi\u00e8re les histoires inspirantes de femmes \u00e0 travers notre site et sur nos r\u00e9seaux sociaux.","sameAs":["https:\/\/www.instagram.com\/malvinesev\/"],"url":"https:\/\/marieclaire.be\/fr\/author\/malvine\/"}]}},"_links":{"self":[{"href":"https:\/\/marieclaire.be\/fr\/wp-json\/wp\/v2\/posts\/110274","targetHints":{"allow":["GET"]}}],"collection":[{"href":"https:\/\/marieclaire.be\/fr\/wp-json\/wp\/v2\/posts"}],"about":[{"href":"https:\/\/marieclaire.be\/fr\/wp-json\/wp\/v2\/types\/post"}],"author":[{"embeddable":true,"href":"https:\/\/marieclaire.be\/fr\/wp-json\/wp\/v2\/users\/30"}],"replies":[{"embeddable":true,"href":"https:\/\/marieclaire.be\/fr\/wp-json\/wp\/v2\/comments?post=110274"}],"version-history":[{"count":1,"href":"https:\/\/marieclaire.be\/fr\/wp-json\/wp\/v2\/posts\/110274\/revisions"}],"predecessor-version":[{"id":110341,"href":"https:\/\/marieclaire.be\/fr\/wp-json\/wp\/v2\/posts\/110274\/revisions\/110341"}],"wp:featuredmedia":[{"embeddable":true,"href":"https:\/\/marieclaire.be\/fr\/wp-json\/wp\/v2\/media\/110278"}],"wp:attachment":[{"href":"https:\/\/marieclaire.be\/fr\/wp-json\/wp\/v2\/media?parent=110274"}],"wp:term":[{"taxonomy":"category","embeddable":true,"href":"https:\/\/marieclaire.be\/fr\/wp-json\/wp\/v2\/categories?post=110274"},{"taxonomy":"post_tag","embeddable":true,"href":"https:\/\/marieclaire.be\/fr\/wp-json\/wp\/v2\/tags?post=110274"}],"curies":[{"name":"wp","href":"https:\/\/api.w.org\/{rel}","templated":true}]}}