{"id":110050,"date":"2021-11-30T18:10:12","date_gmt":"2021-11-30T17:10:12","guid":{"rendered":"https:\/\/marieclaire.be\/fr\/?p=110050"},"modified":"2021-11-30T18:10:12","modified_gmt":"2021-11-30T17:10:12","slug":"josephine-baker-portrait-artiste-militante","status":"publish","type":"post","link":"https:\/\/marieclaire.be\/fr\/josephine-baker-portrait-artiste-militante\/","title":{"rendered":"Jos\u00e9phine Baker : une vie d&#8217;artiste et de militante"},"content":{"rendered":"","protected":false},"excerpt":{"rendered":"D\u00e9c\u00e9d\u00e9e en 1975, Jos\u00e9phine Baker entre au Panth\u00e9on. ...","protected":false},"author":30,"featured_media":110060,"comment_status":"closed","ping_status":"closed","sticky":false,"template":"","format":"standard","meta":{"_acf_changed":false,"footnotes":""},"categories":[27,1434],"tags":[964],"class_list":["post-110050","post","type-post","status-publish","format-standard","has-post-thumbnail","hentry","category-combats-de-femme","category-societe","tag-feminisme"],"acf":[],"_yoast_wpseo_title":null,"_yoast_wpseo_metadesc":"D\u00e9c\u00e9d\u00e9e en 1975, Jos\u00e9phine Baker entre au Panth\u00e9on et rejoint les rares femmes \u00e0 y reposer. Retour sur une vie d\u2019artiste et d\u2019engagement.","image_verticale":"110059","yoast_head":"<!-- This site is optimized with the Yoast SEO plugin v27.3 - https:\/\/yoast.com\/product\/yoast-seo-wordpress\/ -->\n<title>Jos\u00e9phine Baker : une vie d&#039;artiste et de militante - Marie Claire Belgique<\/title>\n<meta name=\"description\" content=\"D\u00e9c\u00e9d\u00e9e en 1975, Jos\u00e9phine Baker entre au Panth\u00e9on et rejoint les rares femmes \u00e0 y reposer. Retour sur une vie d\u2019artiste et d\u2019engagement.\" \/>\n<meta name=\"robots\" content=\"index, follow, max-snippet:-1, max-image-preview:large, max-video-preview:-1\" \/>\n<link rel=\"canonical\" href=\"https:\/\/marieclaire.be\/fr\/josephine-baker-portrait-artiste-militante\/\" \/>\n<link rel=\"next\" href=\"https:\/\/marieclaire.be\/fr\/josephine-baker-portrait-artiste-militante\/2\/\" \/>\n<meta property=\"og:locale\" content=\"fr_FR\" \/>\n<meta property=\"og:type\" content=\"article\" \/>\n<meta property=\"og:title\" content=\"Jos\u00e9phine Baker : une vie d&#039;artiste et de militante - Marie Claire Belgique\" \/>\n<meta property=\"og:description\" content=\"D\u00e9c\u00e9d\u00e9e en 1975, Jos\u00e9phine Baker entre au Panth\u00e9on et rejoint les rares femmes \u00e0 y reposer. Retour sur une vie d\u2019artiste et d\u2019engagement.\" \/>\n<meta property=\"og:url\" content=\"https:\/\/marieclaire.be\/fr\/josephine-baker-portrait-artiste-militante\/\" \/>\n<meta property=\"og:site_name\" content=\"Marie Claire Belgique\" \/>\n<meta property=\"article:publisher\" content=\"https:\/\/www.facebook.com\/MarieClaire.Belgique\/\" \/>\n<meta property=\"article:published_time\" content=\"2021-11-30T17:10:12+00:00\" \/>\n<meta property=\"og:image\" content=\"https:\/\/marieclaire.be\/fr\/wp-content\/uploads\/2021\/11\/josephine-baker2.jpg\" \/>\n\t<meta property=\"og:image:width\" content=\"1200\" \/>\n\t<meta property=\"og:image:height\" content=\"628\" \/>\n\t<meta property=\"og:image:type\" content=\"image\/jpeg\" \/>\n<meta name=\"author\" content=\"Malvine Sevrin\" \/>\n<meta name=\"twitter:label1\" content=\"\u00c9crit par\" \/>\n\t<meta name=\"twitter:data1\" content=\"Malvine Sevrin\" \/>\n\t<meta name=\"twitter:label2\" content=\"Dur\u00e9e de lecture estim\u00e9e\" \/>\n\t<meta name=\"twitter:data2\" content=\"9 minutes\" \/>\n<script type=\"application\/ld+json\" class=\"yoast-schema-graph\">{\"@context\":\"https:\\\/\\\/schema.org\",\"@graph\":[{\"@type\":\"NewsArticle\",\"@id\":\"https:\\\/\\\/marieclaire.be\\\/fr\\\/josephine-baker-portrait-artiste-militante\\\/#article\",\"isPartOf\":{\"@id\":\"https:\\\/\\\/marieclaire.be\\\/fr\\\/josephine-baker-portrait-artiste-militante\\\/\"},\"author\":{\"name\":\"Malvine Sevrin\",\"@id\":\"https:\\\/\\\/marieclaire.be\\\/fr\\\/#\\\/schema\\\/person\\\/c71bd7a8c3e622513c7531a39292a34e\"},\"headline\":\"Jos\u00e9phine Baker : une vie d&#8217;artiste et de militante\",\"datePublished\":\"2021-11-30T17:10:12+00:00\",\"mainEntityOfPage\":{\"@id\":\"https:\\\/\\\/marieclaire.be\\\/fr\\\/josephine-baker-portrait-artiste-militante\\\/\"},\"wordCount\":1817,\"publisher\":{\"@id\":\"https:\\\/\\\/marieclaire.be\\\/fr\\\/#organization\"},\"image\":{\"@id\":\"https:\\\/\\\/marieclaire.be\\\/fr\\\/josephine-baker-portrait-artiste-militante\\\/#primaryimage\"},\"thumbnailUrl\":\"https:\\\/\\\/marieclaire.be\\\/fr\\\/wp-content\\\/uploads\\\/2021\\\/11\\\/josephine-baker2.jpg\",\"keywords\":[\"f\u00e9minisme\"],\"articleSection\":[\"Combats de femmes\",\"Soci\u00e9t\u00e9\"],\"inLanguage\":\"fr-FR\"},{\"@type\":\"WebPage\",\"@id\":\"https:\\\/\\\/marieclaire.be\\\/fr\\\/josephine-baker-portrait-artiste-militante\\\/\",\"url\":\"https:\\\/\\\/marieclaire.be\\\/fr\\\/josephine-baker-portrait-artiste-militante\\\/\",\"name\":\"Jos\u00e9phine Baker : une vie d'artiste et de militante - Marie Claire Belgique\",\"isPartOf\":{\"@id\":\"https:\\\/\\\/marieclaire.be\\\/fr\\\/#website\"},\"primaryImageOfPage\":{\"@id\":\"https:\\\/\\\/marieclaire.be\\\/fr\\\/josephine-baker-portrait-artiste-militante\\\/#primaryimage\"},\"image\":{\"@id\":\"https:\\\/\\\/marieclaire.be\\\/fr\\\/josephine-baker-portrait-artiste-militante\\\/#primaryimage\"},\"thumbnailUrl\":\"https:\\\/\\\/marieclaire.be\\\/fr\\\/wp-content\\\/uploads\\\/2021\\\/11\\\/josephine-baker2.jpg\",\"datePublished\":\"2021-11-30T17:10:12+00:00\",\"description\":\"D\u00e9c\u00e9d\u00e9e en 1975, Jos\u00e9phine Baker entre au Panth\u00e9on et rejoint les rares femmes \u00e0 y reposer. Retour sur une vie d\u2019artiste et d\u2019engagement.\",\"inLanguage\":\"fr-FR\",\"potentialAction\":[{\"@type\":\"ReadAction\",\"target\":[\"https:\\\/\\\/marieclaire.be\\\/fr\\\/josephine-baker-portrait-artiste-militante\\\/\"]}]},{\"@type\":\"ImageObject\",\"inLanguage\":\"fr-FR\",\"@id\":\"https:\\\/\\\/marieclaire.be\\\/fr\\\/josephine-baker-portrait-artiste-militante\\\/#primaryimage\",\"url\":\"https:\\\/\\\/marieclaire.be\\\/fr\\\/wp-content\\\/uploads\\\/2021\\\/11\\\/josephine-baker2.jpg\",\"contentUrl\":\"https:\\\/\\\/marieclaire.be\\\/fr\\\/wp-content\\\/uploads\\\/2021\\\/11\\\/josephine-baker2.jpg\",\"width\":1200,\"height\":628,\"caption\":\"Alain Dejean\\\/Sygma via Getty Images\"},{\"@type\":\"WebSite\",\"@id\":\"https:\\\/\\\/marieclaire.be\\\/fr\\\/#website\",\"url\":\"https:\\\/\\\/marieclaire.be\\\/fr\\\/\",\"name\":\"Marie Claire Belgique\",\"description\":\"Marie Claire Belgique, le magazine du style et de l\u2019intelligence qui parle de mode, des tendances, de la beaut\u00e9, de l\u2019actualit\u00e9 et de la culture\",\"publisher\":{\"@id\":\"https:\\\/\\\/marieclaire.be\\\/fr\\\/#organization\"},\"potentialAction\":[{\"@type\":\"SearchAction\",\"target\":{\"@type\":\"EntryPoint\",\"urlTemplate\":\"https:\\\/\\\/marieclaire.be\\\/fr\\\/?s={search_term_string}\"},\"query-input\":{\"@type\":\"PropertyValueSpecification\",\"valueRequired\":true,\"valueName\":\"search_term_string\"}}],\"inLanguage\":\"fr-FR\"},{\"@type\":\"Organization\",\"@id\":\"https:\\\/\\\/marieclaire.be\\\/fr\\\/#organization\",\"name\":\"Marie Claire\",\"url\":\"https:\\\/\\\/marieclaire.be\\\/fr\\\/\",\"logo\":{\"@type\":\"ImageObject\",\"inLanguage\":\"fr-FR\",\"@id\":\"https:\\\/\\\/marieclaire.be\\\/fr\\\/#\\\/schema\\\/logo\\\/image\\\/\",\"url\":\"https:\\\/\\\/marieclaire.be\\\/fr\\\/wp-content\\\/uploads\\\/2018\\\/05\\\/mc-logo2.png\",\"contentUrl\":\"https:\\\/\\\/marieclaire.be\\\/fr\\\/wp-content\\\/uploads\\\/2018\\\/05\\\/mc-logo2.png\",\"width\":1001,\"height\":189,\"caption\":\"Marie Claire\"},\"image\":{\"@id\":\"https:\\\/\\\/marieclaire.be\\\/fr\\\/#\\\/schema\\\/logo\\\/image\\\/\"},\"sameAs\":[\"https:\\\/\\\/www.facebook.com\\\/MarieClaire.Belgique\\\/\",\"https:\\\/\\\/www.instagram.com\\\/marieclaire_belgique\\\/\",\"https:\\\/\\\/fr.pinterest.com\\\/marieclairebe\\\/\",\"https:\\\/\\\/www.youtube.com\\\/user\\\/BelgiumMarieClaire\"]},{\"@type\":\"Person\",\"@id\":\"https:\\\/\\\/marieclaire.be\\\/fr\\\/#\\\/schema\\\/person\\\/c71bd7a8c3e622513c7531a39292a34e\",\"name\":\"Malvine Sevrin\",\"image\":{\"@type\":\"ImageObject\",\"inLanguage\":\"fr-FR\",\"@id\":\"https:\\\/\\\/marieclaire.be\\\/fr\\\/wp-content\\\/uploads\\\/2017\\\/05\\\/capture-decran-2024-02-13-a-145920-96x96.png\",\"url\":\"https:\\\/\\\/marieclaire.be\\\/fr\\\/wp-content\\\/uploads\\\/2017\\\/05\\\/capture-decran-2024-02-13-a-145920-96x96.png\",\"contentUrl\":\"https:\\\/\\\/marieclaire.be\\\/fr\\\/wp-content\\\/uploads\\\/2017\\\/05\\\/capture-decran-2024-02-13-a-145920-96x96.png\",\"caption\":\"Malvine Sevrin\"},\"description\":\"Des podiums parisiens aux derni\u00e8res nouveaut\u00e9s skincare qui enflamment TikTok, je d\u00e9crypte les tendances pour Marie Claire Belgique. Passionn\u00e9e de voyage, de mode et de beaut\u00e9, je partage mes coups de coeur d\u00e9nich\u00e9s aux quatre coins du globe. En tant que r\u00e9dactrice en chef digital, j'ai \u00e9galement \u00e0 coeur de mettre en lumi\u00e8re les histoires inspirantes de femmes \u00e0 travers notre site et sur nos r\u00e9seaux sociaux.\",\"sameAs\":[\"https:\\\/\\\/www.instagram.com\\\/malvinesev\\\/\"],\"url\":\"https:\\\/\\\/marieclaire.be\\\/fr\\\/author\\\/malvine\\\/\"}]}<\/script>\n<!-- \/ Yoast SEO plugin. -->","yoast_head_json":{"title":"Jos\u00e9phine Baker : une vie d'artiste et de militante - Marie Claire Belgique","description":"D\u00e9c\u00e9d\u00e9e en 1975, Jos\u00e9phine Baker entre au Panth\u00e9on et rejoint les rares femmes \u00e0 y reposer. Retour sur une vie d\u2019artiste et d\u2019engagement.","robots":{"index":"index","follow":"follow","max-snippet":"max-snippet:-1","max-image-preview":"max-image-preview:large","max-video-preview":"max-video-preview:-1"},"canonical":"https:\/\/marieclaire.be\/fr\/josephine-baker-portrait-artiste-militante\/","next":"https:\/\/marieclaire.be\/fr\/josephine-baker-portrait-artiste-militante\/2\/","og_locale":"fr_FR","og_type":"article","og_title":"Jos\u00e9phine Baker : une vie d'artiste et de militante - Marie Claire Belgique","og_description":"D\u00e9c\u00e9d\u00e9e en 1975, Jos\u00e9phine Baker entre au Panth\u00e9on et rejoint les rares femmes \u00e0 y reposer. Retour sur une vie d\u2019artiste et d\u2019engagement.","og_url":"https:\/\/marieclaire.be\/fr\/josephine-baker-portrait-artiste-militante\/","og_site_name":"Marie Claire Belgique","article_publisher":"https:\/\/www.facebook.com\/MarieClaire.Belgique\/","article_published_time":"2021-11-30T17:10:12+00:00","og_image":[{"width":1200,"height":628,"url":"https:\/\/marieclaire.be\/fr\/wp-content\/uploads\/2021\/11\/josephine-baker2.jpg","type":"image\/jpeg"}],"author":"Malvine Sevrin","twitter_misc":{"\u00c9crit par":"Malvine Sevrin","Dur\u00e9e de lecture estim\u00e9e":"9 minutes"},"schema":{"@context":"https:\/\/schema.org","@graph":[{"@type":"NewsArticle","@id":"https:\/\/marieclaire.be\/fr\/josephine-baker-portrait-artiste-militante\/#article","isPartOf":{"@id":"https:\/\/marieclaire.be\/fr\/josephine-baker-portrait-artiste-militante\/"},"author":{"name":"Malvine Sevrin","@id":"https:\/\/marieclaire.be\/fr\/#\/schema\/person\/c71bd7a8c3e622513c7531a39292a34e"},"headline":"Jos\u00e9phine Baker : une vie d&#8217;artiste et de militante","datePublished":"2021-11-30T17:10:12+00:00","mainEntityOfPage":{"@id":"https:\/\/marieclaire.be\/fr\/josephine-baker-portrait-artiste-militante\/"},"wordCount":1817,"publisher":{"@id":"https:\/\/marieclaire.be\/fr\/#organization"},"image":{"@id":"https:\/\/marieclaire.be\/fr\/josephine-baker-portrait-artiste-militante\/#primaryimage"},"thumbnailUrl":"https:\/\/marieclaire.be\/fr\/wp-content\/uploads\/2021\/11\/josephine-baker2.jpg","keywords":["f\u00e9minisme"],"articleSection":["Combats de femmes","Soci\u00e9t\u00e9"],"inLanguage":"fr-FR"},{"@type":"WebPage","@id":"https:\/\/marieclaire.be\/fr\/josephine-baker-portrait-artiste-militante\/","url":"https:\/\/marieclaire.be\/fr\/josephine-baker-portrait-artiste-militante\/","name":"Jos\u00e9phine Baker : une vie d'artiste et de militante - Marie Claire Belgique","isPartOf":{"@id":"https:\/\/marieclaire.be\/fr\/#website"},"primaryImageOfPage":{"@id":"https:\/\/marieclaire.be\/fr\/josephine-baker-portrait-artiste-militante\/#primaryimage"},"image":{"@id":"https:\/\/marieclaire.be\/fr\/josephine-baker-portrait-artiste-militante\/#primaryimage"},"thumbnailUrl":"https:\/\/marieclaire.be\/fr\/wp-content\/uploads\/2021\/11\/josephine-baker2.jpg","datePublished":"2021-11-30T17:10:12+00:00","description":"D\u00e9c\u00e9d\u00e9e en 1975, Jos\u00e9phine Baker entre au Panth\u00e9on et rejoint les rares femmes \u00e0 y reposer. Retour sur une vie d\u2019artiste et d\u2019engagement.","inLanguage":"fr-FR","potentialAction":[{"@type":"ReadAction","target":["https:\/\/marieclaire.be\/fr\/josephine-baker-portrait-artiste-militante\/"]}]},{"@type":"ImageObject","inLanguage":"fr-FR","@id":"https:\/\/marieclaire.be\/fr\/josephine-baker-portrait-artiste-militante\/#primaryimage","url":"https:\/\/marieclaire.be\/fr\/wp-content\/uploads\/2021\/11\/josephine-baker2.jpg","contentUrl":"https:\/\/marieclaire.be\/fr\/wp-content\/uploads\/2021\/11\/josephine-baker2.jpg","width":1200,"height":628,"caption":"Alain Dejean\/Sygma via Getty Images"},{"@type":"WebSite","@id":"https:\/\/marieclaire.be\/fr\/#website","url":"https:\/\/marieclaire.be\/fr\/","name":"Marie Claire Belgique","description":"Marie Claire Belgique, le magazine du style et de l\u2019intelligence qui parle de mode, des tendances, de la beaut\u00e9, de l\u2019actualit\u00e9 et de la culture","publisher":{"@id":"https:\/\/marieclaire.be\/fr\/#organization"},"potentialAction":[{"@type":"SearchAction","target":{"@type":"EntryPoint","urlTemplate":"https:\/\/marieclaire.be\/fr\/?s={search_term_string}"},"query-input":{"@type":"PropertyValueSpecification","valueRequired":true,"valueName":"search_term_string"}}],"inLanguage":"fr-FR"},{"@type":"Organization","@id":"https:\/\/marieclaire.be\/fr\/#organization","name":"Marie Claire","url":"https:\/\/marieclaire.be\/fr\/","logo":{"@type":"ImageObject","inLanguage":"fr-FR","@id":"https:\/\/marieclaire.be\/fr\/#\/schema\/logo\/image\/","url":"https:\/\/marieclaire.be\/fr\/wp-content\/uploads\/2018\/05\/mc-logo2.png","contentUrl":"https:\/\/marieclaire.be\/fr\/wp-content\/uploads\/2018\/05\/mc-logo2.png","width":1001,"height":189,"caption":"Marie Claire"},"image":{"@id":"https:\/\/marieclaire.be\/fr\/#\/schema\/logo\/image\/"},"sameAs":["https:\/\/www.facebook.com\/MarieClaire.Belgique\/","https:\/\/www.instagram.com\/marieclaire_belgique\/","https:\/\/fr.pinterest.com\/marieclairebe\/","https:\/\/www.youtube.com\/user\/BelgiumMarieClaire"]},{"@type":"Person","@id":"https:\/\/marieclaire.be\/fr\/#\/schema\/person\/c71bd7a8c3e622513c7531a39292a34e","name":"Malvine Sevrin","image":{"@type":"ImageObject","inLanguage":"fr-FR","@id":"https:\/\/marieclaire.be\/fr\/wp-content\/uploads\/2017\/05\/capture-decran-2024-02-13-a-145920-96x96.png","url":"https:\/\/marieclaire.be\/fr\/wp-content\/uploads\/2017\/05\/capture-decran-2024-02-13-a-145920-96x96.png","contentUrl":"https:\/\/marieclaire.be\/fr\/wp-content\/uploads\/2017\/05\/capture-decran-2024-02-13-a-145920-96x96.png","caption":"Malvine Sevrin"},"description":"Des podiums parisiens aux derni\u00e8res nouveaut\u00e9s skincare qui enflamment TikTok, je d\u00e9crypte les tendances pour Marie Claire Belgique. Passionn\u00e9e de voyage, de mode et de beaut\u00e9, je partage mes coups de coeur d\u00e9nich\u00e9s aux quatre coins du globe. En tant que r\u00e9dactrice en chef digital, j'ai \u00e9galement \u00e0 coeur de mettre en lumi\u00e8re les histoires inspirantes de femmes \u00e0 travers notre site et sur nos r\u00e9seaux sociaux.","sameAs":["https:\/\/www.instagram.com\/malvinesev\/"],"url":"https:\/\/marieclaire.be\/fr\/author\/malvine\/"}]}},"_links":{"self":[{"href":"https:\/\/marieclaire.be\/fr\/wp-json\/wp\/v2\/posts\/110050","targetHints":{"allow":["GET"]}}],"collection":[{"href":"https:\/\/marieclaire.be\/fr\/wp-json\/wp\/v2\/posts"}],"about":[{"href":"https:\/\/marieclaire.be\/fr\/wp-json\/wp\/v2\/types\/post"}],"author":[{"embeddable":true,"href":"https:\/\/marieclaire.be\/fr\/wp-json\/wp\/v2\/users\/30"}],"replies":[{"embeddable":true,"href":"https:\/\/marieclaire.be\/fr\/wp-json\/wp\/v2\/comments?post=110050"}],"version-history":[{"count":5,"href":"https:\/\/marieclaire.be\/fr\/wp-json\/wp\/v2\/posts\/110050\/revisions"}],"predecessor-version":[{"id":110064,"href":"https:\/\/marieclaire.be\/fr\/wp-json\/wp\/v2\/posts\/110050\/revisions\/110064"}],"wp:featuredmedia":[{"embeddable":true,"href":"https:\/\/marieclaire.be\/fr\/wp-json\/wp\/v2\/media\/110060"}],"wp:attachment":[{"href":"https:\/\/marieclaire.be\/fr\/wp-json\/wp\/v2\/media?parent=110050"}],"wp:term":[{"taxonomy":"category","embeddable":true,"href":"https:\/\/marieclaire.be\/fr\/wp-json\/wp\/v2\/categories?post=110050"},{"taxonomy":"post_tag","embeddable":true,"href":"https:\/\/marieclaire.be\/fr\/wp-json\/wp\/v2\/tags?post=110050"}],"curies":[{"name":"wp","href":"https:\/\/api.w.org\/{rel}","templated":true}]}}