{"id":109697,"date":"2025-11-17T08:01:21","date_gmt":"2025-11-17T07:01:21","guid":{"rendered":"https:\/\/marieclaire.be\/fr\/?p=109697"},"modified":"2025-11-17T13:54:55","modified_gmt":"2025-11-17T12:54:55","slug":"noel-10-calendriers-de-lavent-pour-se-regaler-jusquaux-fetes","status":"publish","type":"post","link":"https:\/\/marieclaire.be\/fr\/noel-10-calendriers-de-lavent-pour-se-regaler-jusquaux-fetes\/","title":{"rendered":"8 calendriers de l\u2019Avent gourmands pour se r\u00e9galer jusqu\u2019aux f\u00eates"},"content":{"rendered":"","protected":false},"excerpt":{"rendered":"24, 23, 22\u2026 Plus que quelques dodos avant No\u00ebl ! Pour enchanter vos papilles jusqu\u2019au jour J, nous avons s\u00e9lectionn\u00e9 8 calendriers de l\u2019Avent 2025 plus beaux et savoureux les uns que les autres.","protected":false},"author":30,"featured_media":146189,"comment_status":"closed","ping_status":"closed","sticky":false,"template":"","format":"standard","meta":{"_acf_changed":false,"footnotes":""},"categories":[806,67],"tags":[553],"class_list":["post-109697","post","type-post","status-publish","format-standard","has-post-thumbnail","hentry","category-food","category-lifestyle","tag-noel"],"acf":[],"_yoast_wpseo_title":null,"_yoast_wpseo_metadesc":"Petite s\u00e9lection des calendriers de l'Avent \u00e0 croquer ou \u00e0 siroter pour enchanter vos papilles en attendant No\u00ebl !","image_verticale":"146188","yoast_head":"<!-- This site is optimized with the Yoast SEO plugin v27.3 - https:\/\/yoast.com\/product\/yoast-seo-wordpress\/ -->\n<title>8 calendriers de l\u2019Avent gourmands pour se r\u00e9galer jusqu\u2019aux f\u00eates - Marie Claire Belgique<\/title>\n<meta name=\"description\" content=\"Petite s\u00e9lection des calendriers de l&#039;Avent \u00e0 croquer ou \u00e0 siroter pour enchanter vos papilles en attendant No\u00ebl !\" \/>\n<meta name=\"robots\" content=\"index, follow, max-snippet:-1, max-image-preview:large, max-video-preview:-1\" \/>\n<link rel=\"canonical\" href=\"https:\/\/marieclaire.be\/fr\/noel-10-calendriers-de-lavent-pour-se-regaler-jusquaux-fetes\/\" \/>\n<link rel=\"next\" href=\"https:\/\/marieclaire.be\/fr\/noel-10-calendriers-de-lavent-pour-se-regaler-jusquaux-fetes\/2\/\" \/>\n<meta property=\"og:locale\" content=\"fr_FR\" \/>\n<meta property=\"og:type\" content=\"article\" \/>\n<meta property=\"og:title\" content=\"8 calendriers de l\u2019Avent gourmands pour se r\u00e9galer jusqu\u2019aux f\u00eates - Marie Claire Belgique\" \/>\n<meta property=\"og:description\" content=\"Petite s\u00e9lection des calendriers de l&#039;Avent \u00e0 croquer ou \u00e0 siroter pour enchanter vos papilles en attendant No\u00ebl !\" \/>\n<meta property=\"og:url\" content=\"https:\/\/marieclaire.be\/fr\/noel-10-calendriers-de-lavent-pour-se-regaler-jusquaux-fetes\/\" \/>\n<meta property=\"og:site_name\" content=\"Marie Claire Belgique\" \/>\n<meta property=\"article:publisher\" content=\"https:\/\/www.facebook.com\/MarieClaire.Belgique\/\" \/>\n<meta property=\"article:published_time\" content=\"2025-11-17T07:01:21+00:00\" \/>\n<meta property=\"article:modified_time\" content=\"2025-11-17T12:54:55+00:00\" \/>\n<meta property=\"og:image\" content=\"https:\/\/marieclaire.be\/fr\/wp-content\/uploads\/2024\/11\/avent-calendrier.png\" \/>\n\t<meta property=\"og:image:width\" content=\"1200\" \/>\n\t<meta property=\"og:image:height\" content=\"628\" \/>\n\t<meta property=\"og:image:type\" content=\"image\/png\" \/>\n<meta name=\"author\" content=\"Malvine Sevrin\" \/>\n<meta name=\"twitter:label1\" content=\"\u00c9crit par\" \/>\n\t<meta name=\"twitter:data1\" content=\"Malvine Sevrin\" \/>\n\t<meta name=\"twitter:label2\" content=\"Dur\u00e9e de lecture estim\u00e9e\" \/>\n\t<meta name=\"twitter:data2\" content=\"6 minutes\" \/>\n<script type=\"application\/ld+json\" class=\"yoast-schema-graph\">{\"@context\":\"https:\\\/\\\/schema.org\",\"@graph\":[{\"@type\":\"NewsArticle\",\"@id\":\"https:\\\/\\\/marieclaire.be\\\/fr\\\/noel-10-calendriers-de-lavent-pour-se-regaler-jusquaux-fetes\\\/#article\",\"isPartOf\":{\"@id\":\"https:\\\/\\\/marieclaire.be\\\/fr\\\/noel-10-calendriers-de-lavent-pour-se-regaler-jusquaux-fetes\\\/\"},\"author\":{\"name\":\"Malvine Sevrin\",\"@id\":\"https:\\\/\\\/marieclaire.be\\\/fr\\\/#\\\/schema\\\/person\\\/c71bd7a8c3e622513c7531a39292a34e\"},\"headline\":\"8 calendriers de l\u2019Avent gourmands pour se r\u00e9galer jusqu\u2019aux f\u00eates\",\"datePublished\":\"2025-11-17T07:01:21+00:00\",\"dateModified\":\"2025-11-17T12:54:55+00:00\",\"mainEntityOfPage\":{\"@id\":\"https:\\\/\\\/marieclaire.be\\\/fr\\\/noel-10-calendriers-de-lavent-pour-se-regaler-jusquaux-fetes\\\/\"},\"wordCount\":778,\"publisher\":{\"@id\":\"https:\\\/\\\/marieclaire.be\\\/fr\\\/#organization\"},\"image\":{\"@id\":\"https:\\\/\\\/marieclaire.be\\\/fr\\\/noel-10-calendriers-de-lavent-pour-se-regaler-jusquaux-fetes\\\/#primaryimage\"},\"thumbnailUrl\":\"https:\\\/\\\/marieclaire.be\\\/fr\\\/wp-content\\\/uploads\\\/2024\\\/11\\\/avent-calendrier.png\",\"keywords\":[\"No\u00ebl\"],\"articleSection\":[\"Food\",\"Lifestyle\"],\"inLanguage\":\"fr-FR\"},{\"@type\":\"WebPage\",\"@id\":\"https:\\\/\\\/marieclaire.be\\\/fr\\\/noel-10-calendriers-de-lavent-pour-se-regaler-jusquaux-fetes\\\/\",\"url\":\"https:\\\/\\\/marieclaire.be\\\/fr\\\/noel-10-calendriers-de-lavent-pour-se-regaler-jusquaux-fetes\\\/\",\"name\":\"8 calendriers de l\u2019Avent gourmands pour se r\u00e9galer jusqu\u2019aux f\u00eates - Marie Claire Belgique\",\"isPartOf\":{\"@id\":\"https:\\\/\\\/marieclaire.be\\\/fr\\\/#website\"},\"primaryImageOfPage\":{\"@id\":\"https:\\\/\\\/marieclaire.be\\\/fr\\\/noel-10-calendriers-de-lavent-pour-se-regaler-jusquaux-fetes\\\/#primaryimage\"},\"image\":{\"@id\":\"https:\\\/\\\/marieclaire.be\\\/fr\\\/noel-10-calendriers-de-lavent-pour-se-regaler-jusquaux-fetes\\\/#primaryimage\"},\"thumbnailUrl\":\"https:\\\/\\\/marieclaire.be\\\/fr\\\/wp-content\\\/uploads\\\/2024\\\/11\\\/avent-calendrier.png\",\"datePublished\":\"2025-11-17T07:01:21+00:00\",\"dateModified\":\"2025-11-17T12:54:55+00:00\",\"description\":\"Petite s\u00e9lection des calendriers de l'Avent \u00e0 croquer ou \u00e0 siroter pour enchanter vos papilles en attendant No\u00ebl !\",\"inLanguage\":\"fr-FR\",\"potentialAction\":[{\"@type\":\"ReadAction\",\"target\":[\"https:\\\/\\\/marieclaire.be\\\/fr\\\/noel-10-calendriers-de-lavent-pour-se-regaler-jusquaux-fetes\\\/\"]}]},{\"@type\":\"ImageObject\",\"inLanguage\":\"fr-FR\",\"@id\":\"https:\\\/\\\/marieclaire.be\\\/fr\\\/noel-10-calendriers-de-lavent-pour-se-regaler-jusquaux-fetes\\\/#primaryimage\",\"url\":\"https:\\\/\\\/marieclaire.be\\\/fr\\\/wp-content\\\/uploads\\\/2024\\\/11\\\/avent-calendrier.png\",\"contentUrl\":\"https:\\\/\\\/marieclaire.be\\\/fr\\\/wp-content\\\/uploads\\\/2024\\\/11\\\/avent-calendrier.png\",\"width\":1200,\"height\":628,\"caption\":\"Presse\"},{\"@type\":\"WebSite\",\"@id\":\"https:\\\/\\\/marieclaire.be\\\/fr\\\/#website\",\"url\":\"https:\\\/\\\/marieclaire.be\\\/fr\\\/\",\"name\":\"Marie Claire Belgique\",\"description\":\"Marie Claire Belgique, le magazine du style et de l\u2019intelligence qui parle de mode, des tendances, de la beaut\u00e9, de l\u2019actualit\u00e9 et de la culture\",\"publisher\":{\"@id\":\"https:\\\/\\\/marieclaire.be\\\/fr\\\/#organization\"},\"potentialAction\":[{\"@type\":\"SearchAction\",\"target\":{\"@type\":\"EntryPoint\",\"urlTemplate\":\"https:\\\/\\\/marieclaire.be\\\/fr\\\/?s={search_term_string}\"},\"query-input\":{\"@type\":\"PropertyValueSpecification\",\"valueRequired\":true,\"valueName\":\"search_term_string\"}}],\"inLanguage\":\"fr-FR\"},{\"@type\":\"Organization\",\"@id\":\"https:\\\/\\\/marieclaire.be\\\/fr\\\/#organization\",\"name\":\"Marie Claire\",\"url\":\"https:\\\/\\\/marieclaire.be\\\/fr\\\/\",\"logo\":{\"@type\":\"ImageObject\",\"inLanguage\":\"fr-FR\",\"@id\":\"https:\\\/\\\/marieclaire.be\\\/fr\\\/#\\\/schema\\\/logo\\\/image\\\/\",\"url\":\"https:\\\/\\\/marieclaire.be\\\/fr\\\/wp-content\\\/uploads\\\/2018\\\/05\\\/mc-logo2.png\",\"contentUrl\":\"https:\\\/\\\/marieclaire.be\\\/fr\\\/wp-content\\\/uploads\\\/2018\\\/05\\\/mc-logo2.png\",\"width\":1001,\"height\":189,\"caption\":\"Marie Claire\"},\"image\":{\"@id\":\"https:\\\/\\\/marieclaire.be\\\/fr\\\/#\\\/schema\\\/logo\\\/image\\\/\"},\"sameAs\":[\"https:\\\/\\\/www.facebook.com\\\/MarieClaire.Belgique\\\/\",\"https:\\\/\\\/www.instagram.com\\\/marieclaire_belgique\\\/\",\"https:\\\/\\\/fr.pinterest.com\\\/marieclairebe\\\/\",\"https:\\\/\\\/www.youtube.com\\\/user\\\/BelgiumMarieClaire\"]},{\"@type\":\"Person\",\"@id\":\"https:\\\/\\\/marieclaire.be\\\/fr\\\/#\\\/schema\\\/person\\\/c71bd7a8c3e622513c7531a39292a34e\",\"name\":\"Malvine Sevrin\",\"image\":{\"@type\":\"ImageObject\",\"inLanguage\":\"fr-FR\",\"@id\":\"https:\\\/\\\/marieclaire.be\\\/fr\\\/wp-content\\\/uploads\\\/2017\\\/05\\\/capture-decran-2024-02-13-a-145920-96x96.png\",\"url\":\"https:\\\/\\\/marieclaire.be\\\/fr\\\/wp-content\\\/uploads\\\/2017\\\/05\\\/capture-decran-2024-02-13-a-145920-96x96.png\",\"contentUrl\":\"https:\\\/\\\/marieclaire.be\\\/fr\\\/wp-content\\\/uploads\\\/2017\\\/05\\\/capture-decran-2024-02-13-a-145920-96x96.png\",\"caption\":\"Malvine Sevrin\"},\"description\":\"Des podiums parisiens aux derni\u00e8res nouveaut\u00e9s skincare qui enflamment TikTok, je d\u00e9crypte les tendances pour Marie Claire Belgique. Passionn\u00e9e de voyage, de mode et de beaut\u00e9, je partage mes coups de coeur d\u00e9nich\u00e9s aux quatre coins du globe. En tant que r\u00e9dactrice en chef digital, j'ai \u00e9galement \u00e0 coeur de mettre en lumi\u00e8re les histoires inspirantes de femmes \u00e0 travers notre site et sur nos r\u00e9seaux sociaux.\",\"sameAs\":[\"https:\\\/\\\/www.instagram.com\\\/malvinesev\\\/\"],\"url\":\"https:\\\/\\\/marieclaire.be\\\/fr\\\/author\\\/malvine\\\/\"}]}<\/script>\n<!-- \/ Yoast SEO plugin. -->","yoast_head_json":{"title":"8 calendriers de l\u2019Avent gourmands pour se r\u00e9galer jusqu\u2019aux f\u00eates - Marie Claire Belgique","description":"Petite s\u00e9lection des calendriers de l'Avent \u00e0 croquer ou \u00e0 siroter pour enchanter vos papilles en attendant No\u00ebl !","robots":{"index":"index","follow":"follow","max-snippet":"max-snippet:-1","max-image-preview":"max-image-preview:large","max-video-preview":"max-video-preview:-1"},"canonical":"https:\/\/marieclaire.be\/fr\/noel-10-calendriers-de-lavent-pour-se-regaler-jusquaux-fetes\/","next":"https:\/\/marieclaire.be\/fr\/noel-10-calendriers-de-lavent-pour-se-regaler-jusquaux-fetes\/2\/","og_locale":"fr_FR","og_type":"article","og_title":"8 calendriers de l\u2019Avent gourmands pour se r\u00e9galer jusqu\u2019aux f\u00eates - Marie Claire Belgique","og_description":"Petite s\u00e9lection des calendriers de l'Avent \u00e0 croquer ou \u00e0 siroter pour enchanter vos papilles en attendant No\u00ebl !","og_url":"https:\/\/marieclaire.be\/fr\/noel-10-calendriers-de-lavent-pour-se-regaler-jusquaux-fetes\/","og_site_name":"Marie Claire Belgique","article_publisher":"https:\/\/www.facebook.com\/MarieClaire.Belgique\/","article_published_time":"2025-11-17T07:01:21+00:00","article_modified_time":"2025-11-17T12:54:55+00:00","og_image":[{"width":1200,"height":628,"url":"https:\/\/marieclaire.be\/fr\/wp-content\/uploads\/2024\/11\/avent-calendrier.png","type":"image\/png"}],"author":"Malvine Sevrin","twitter_misc":{"\u00c9crit par":"Malvine Sevrin","Dur\u00e9e de lecture estim\u00e9e":"6 minutes"},"schema":{"@context":"https:\/\/schema.org","@graph":[{"@type":"NewsArticle","@id":"https:\/\/marieclaire.be\/fr\/noel-10-calendriers-de-lavent-pour-se-regaler-jusquaux-fetes\/#article","isPartOf":{"@id":"https:\/\/marieclaire.be\/fr\/noel-10-calendriers-de-lavent-pour-se-regaler-jusquaux-fetes\/"},"author":{"name":"Malvine Sevrin","@id":"https:\/\/marieclaire.be\/fr\/#\/schema\/person\/c71bd7a8c3e622513c7531a39292a34e"},"headline":"8 calendriers de l\u2019Avent gourmands pour se r\u00e9galer jusqu\u2019aux f\u00eates","datePublished":"2025-11-17T07:01:21+00:00","dateModified":"2025-11-17T12:54:55+00:00","mainEntityOfPage":{"@id":"https:\/\/marieclaire.be\/fr\/noel-10-calendriers-de-lavent-pour-se-regaler-jusquaux-fetes\/"},"wordCount":778,"publisher":{"@id":"https:\/\/marieclaire.be\/fr\/#organization"},"image":{"@id":"https:\/\/marieclaire.be\/fr\/noel-10-calendriers-de-lavent-pour-se-regaler-jusquaux-fetes\/#primaryimage"},"thumbnailUrl":"https:\/\/marieclaire.be\/fr\/wp-content\/uploads\/2024\/11\/avent-calendrier.png","keywords":["No\u00ebl"],"articleSection":["Food","Lifestyle"],"inLanguage":"fr-FR"},{"@type":"WebPage","@id":"https:\/\/marieclaire.be\/fr\/noel-10-calendriers-de-lavent-pour-se-regaler-jusquaux-fetes\/","url":"https:\/\/marieclaire.be\/fr\/noel-10-calendriers-de-lavent-pour-se-regaler-jusquaux-fetes\/","name":"8 calendriers de l\u2019Avent gourmands pour se r\u00e9galer jusqu\u2019aux f\u00eates - Marie Claire Belgique","isPartOf":{"@id":"https:\/\/marieclaire.be\/fr\/#website"},"primaryImageOfPage":{"@id":"https:\/\/marieclaire.be\/fr\/noel-10-calendriers-de-lavent-pour-se-regaler-jusquaux-fetes\/#primaryimage"},"image":{"@id":"https:\/\/marieclaire.be\/fr\/noel-10-calendriers-de-lavent-pour-se-regaler-jusquaux-fetes\/#primaryimage"},"thumbnailUrl":"https:\/\/marieclaire.be\/fr\/wp-content\/uploads\/2024\/11\/avent-calendrier.png","datePublished":"2025-11-17T07:01:21+00:00","dateModified":"2025-11-17T12:54:55+00:00","description":"Petite s\u00e9lection des calendriers de l'Avent \u00e0 croquer ou \u00e0 siroter pour enchanter vos papilles en attendant No\u00ebl !","inLanguage":"fr-FR","potentialAction":[{"@type":"ReadAction","target":["https:\/\/marieclaire.be\/fr\/noel-10-calendriers-de-lavent-pour-se-regaler-jusquaux-fetes\/"]}]},{"@type":"ImageObject","inLanguage":"fr-FR","@id":"https:\/\/marieclaire.be\/fr\/noel-10-calendriers-de-lavent-pour-se-regaler-jusquaux-fetes\/#primaryimage","url":"https:\/\/marieclaire.be\/fr\/wp-content\/uploads\/2024\/11\/avent-calendrier.png","contentUrl":"https:\/\/marieclaire.be\/fr\/wp-content\/uploads\/2024\/11\/avent-calendrier.png","width":1200,"height":628,"caption":"Presse"},{"@type":"WebSite","@id":"https:\/\/marieclaire.be\/fr\/#website","url":"https:\/\/marieclaire.be\/fr\/","name":"Marie Claire Belgique","description":"Marie Claire Belgique, le magazine du style et de l\u2019intelligence qui parle de mode, des tendances, de la beaut\u00e9, de l\u2019actualit\u00e9 et de la culture","publisher":{"@id":"https:\/\/marieclaire.be\/fr\/#organization"},"potentialAction":[{"@type":"SearchAction","target":{"@type":"EntryPoint","urlTemplate":"https:\/\/marieclaire.be\/fr\/?s={search_term_string}"},"query-input":{"@type":"PropertyValueSpecification","valueRequired":true,"valueName":"search_term_string"}}],"inLanguage":"fr-FR"},{"@type":"Organization","@id":"https:\/\/marieclaire.be\/fr\/#organization","name":"Marie Claire","url":"https:\/\/marieclaire.be\/fr\/","logo":{"@type":"ImageObject","inLanguage":"fr-FR","@id":"https:\/\/marieclaire.be\/fr\/#\/schema\/logo\/image\/","url":"https:\/\/marieclaire.be\/fr\/wp-content\/uploads\/2018\/05\/mc-logo2.png","contentUrl":"https:\/\/marieclaire.be\/fr\/wp-content\/uploads\/2018\/05\/mc-logo2.png","width":1001,"height":189,"caption":"Marie Claire"},"image":{"@id":"https:\/\/marieclaire.be\/fr\/#\/schema\/logo\/image\/"},"sameAs":["https:\/\/www.facebook.com\/MarieClaire.Belgique\/","https:\/\/www.instagram.com\/marieclaire_belgique\/","https:\/\/fr.pinterest.com\/marieclairebe\/","https:\/\/www.youtube.com\/user\/BelgiumMarieClaire"]},{"@type":"Person","@id":"https:\/\/marieclaire.be\/fr\/#\/schema\/person\/c71bd7a8c3e622513c7531a39292a34e","name":"Malvine Sevrin","image":{"@type":"ImageObject","inLanguage":"fr-FR","@id":"https:\/\/marieclaire.be\/fr\/wp-content\/uploads\/2017\/05\/capture-decran-2024-02-13-a-145920-96x96.png","url":"https:\/\/marieclaire.be\/fr\/wp-content\/uploads\/2017\/05\/capture-decran-2024-02-13-a-145920-96x96.png","contentUrl":"https:\/\/marieclaire.be\/fr\/wp-content\/uploads\/2017\/05\/capture-decran-2024-02-13-a-145920-96x96.png","caption":"Malvine Sevrin"},"description":"Des podiums parisiens aux derni\u00e8res nouveaut\u00e9s skincare qui enflamment TikTok, je d\u00e9crypte les tendances pour Marie Claire Belgique. Passionn\u00e9e de voyage, de mode et de beaut\u00e9, je partage mes coups de coeur d\u00e9nich\u00e9s aux quatre coins du globe. En tant que r\u00e9dactrice en chef digital, j'ai \u00e9galement \u00e0 coeur de mettre en lumi\u00e8re les histoires inspirantes de femmes \u00e0 travers notre site et sur nos r\u00e9seaux sociaux.","sameAs":["https:\/\/www.instagram.com\/malvinesev\/"],"url":"https:\/\/marieclaire.be\/fr\/author\/malvine\/"}]}},"_links":{"self":[{"href":"https:\/\/marieclaire.be\/fr\/wp-json\/wp\/v2\/posts\/109697","targetHints":{"allow":["GET"]}}],"collection":[{"href":"https:\/\/marieclaire.be\/fr\/wp-json\/wp\/v2\/posts"}],"about":[{"href":"https:\/\/marieclaire.be\/fr\/wp-json\/wp\/v2\/types\/post"}],"author":[{"embeddable":true,"href":"https:\/\/marieclaire.be\/fr\/wp-json\/wp\/v2\/users\/30"}],"replies":[{"embeddable":true,"href":"https:\/\/marieclaire.be\/fr\/wp-json\/wp\/v2\/comments?post=109697"}],"version-history":[{"count":37,"href":"https:\/\/marieclaire.be\/fr\/wp-json\/wp\/v2\/posts\/109697\/revisions"}],"predecessor-version":[{"id":120393,"href":"https:\/\/marieclaire.be\/fr\/wp-json\/wp\/v2\/posts\/109697\/revisions\/120393"}],"wp:featuredmedia":[{"embeddable":true,"href":"https:\/\/marieclaire.be\/fr\/wp-json\/wp\/v2\/media\/146189"}],"wp:attachment":[{"href":"https:\/\/marieclaire.be\/fr\/wp-json\/wp\/v2\/media?parent=109697"}],"wp:term":[{"taxonomy":"category","embeddable":true,"href":"https:\/\/marieclaire.be\/fr\/wp-json\/wp\/v2\/categories?post=109697"},{"taxonomy":"post_tag","embeddable":true,"href":"https:\/\/marieclaire.be\/fr\/wp-json\/wp\/v2\/tags?post=109697"}],"curies":[{"name":"wp","href":"https:\/\/api.w.org\/{rel}","templated":true}]}}