{"id":109031,"date":"2021-09-26T17:40:35","date_gmt":"2021-09-26T15:40:35","guid":{"rendered":"https:\/\/marieclaire.be\/fr\/?p=109031"},"modified":"2021-10-26T17:42:38","modified_gmt":"2021-10-26T15:42:38","slug":"budget-nos-conseils-pour-mieux-le-gerer-en-cette-fin-dannee","status":"publish","type":"post","link":"https:\/\/marieclaire.be\/fr\/budget-nos-conseils-pour-mieux-le-gerer-en-cette-fin-dannee\/","title":{"rendered":"Budget : nos conseils pour mieux le g\u00e9rer en cette fin d\u2019ann\u00e9e"},"content":{"rendered":"","protected":false},"excerpt":{"rendered":"Alors que la fin d\u2019ann\u00e9e approche doucement et que la liste des cadeaux de No\u00ebl ne va pas tarder \u00e0 arriver, nous vous proposons quelques conseils pour apprendre \u00e0 mieux g\u00e9rer votre budget.","protected":false},"author":2,"featured_media":109032,"comment_status":"closed","ping_status":"closed","sticky":false,"template":"","format":"standard","meta":{"_acf_changed":false,"footnotes":""},"categories":[67,1725],"tags":[],"class_list":["post-109031","post","type-post","status-publish","format-standard","has-post-thumbnail","hentry","category-lifestyle","category-vie-pratique"],"acf":[],"_yoast_wpseo_title":null,"_yoast_wpseo_metadesc":null,"image_verticale":"","yoast_head":"<!-- This site is optimized with the Yoast SEO plugin v27.3 - https:\/\/yoast.com\/product\/yoast-seo-wordpress\/ -->\n<title>Budget : nos conseils pour mieux le g\u00e9rer en cette fin d\u2019ann\u00e9e - Marie Claire Belgique<\/title>\n<meta name=\"robots\" content=\"index, follow, max-snippet:-1, max-image-preview:large, max-video-preview:-1\" \/>\n<link rel=\"canonical\" href=\"https:\/\/marieclaire.be\/fr\/budget-nos-conseils-pour-mieux-le-gerer-en-cette-fin-dannee\/\" \/>\n<meta property=\"og:locale\" content=\"fr_FR\" \/>\n<meta property=\"og:type\" content=\"article\" \/>\n<meta property=\"og:title\" content=\"Budget : nos conseils pour mieux le g\u00e9rer en cette fin d\u2019ann\u00e9e - Marie Claire Belgique\" \/>\n<meta property=\"og:description\" content=\"Alors que la fin d\u2019ann\u00e9e approche doucement et que la liste des cadeaux de No\u00ebl ne va pas tarder \u00e0 arriver, nous vous proposons quelques conseils pour apprendre \u00e0 mieux g\u00e9rer votre budget.\" \/>\n<meta property=\"og:url\" content=\"https:\/\/marieclaire.be\/fr\/budget-nos-conseils-pour-mieux-le-gerer-en-cette-fin-dannee\/\" \/>\n<meta property=\"og:site_name\" content=\"Marie Claire Belgique\" \/>\n<meta property=\"article:publisher\" content=\"https:\/\/www.facebook.com\/MarieClaire.Belgique\/\" \/>\n<meta property=\"article:published_time\" content=\"2021-09-26T15:40:35+00:00\" \/>\n<meta property=\"article:modified_time\" content=\"2021-10-26T15:42:38+00:00\" \/>\n<meta property=\"og:image\" content=\"https:\/\/marieclaire.be\/fr\/wp-content\/uploads\/2021\/10\/femme-qui-calcule-son-budget.jpg\" \/>\n\t<meta property=\"og:image:width\" content=\"977\" \/>\n\t<meta property=\"og:image:height\" content=\"798\" \/>\n\t<meta property=\"og:image:type\" content=\"image\/jpeg\" \/>\n<meta name=\"author\" content=\"Marieclaire\" \/>\n<meta name=\"twitter:label1\" content=\"\u00c9crit par\" \/>\n\t<meta name=\"twitter:data1\" content=\"Marieclaire\" \/>\n\t<meta name=\"twitter:label2\" content=\"Dur\u00e9e de lecture estim\u00e9e\" \/>\n\t<meta name=\"twitter:data2\" content=\"4 minutes\" \/>\n<script type=\"application\/ld+json\" class=\"yoast-schema-graph\">{\"@context\":\"https:\\\/\\\/schema.org\",\"@graph\":[{\"@type\":\"NewsArticle\",\"@id\":\"https:\\\/\\\/marieclaire.be\\\/fr\\\/budget-nos-conseils-pour-mieux-le-gerer-en-cette-fin-dannee\\\/#article\",\"isPartOf\":{\"@id\":\"https:\\\/\\\/marieclaire.be\\\/fr\\\/budget-nos-conseils-pour-mieux-le-gerer-en-cette-fin-dannee\\\/\"},\"author\":{\"name\":\"Marieclaire\",\"@id\":\"https:\\\/\\\/marieclaire.be\\\/fr\\\/#\\\/schema\\\/person\\\/be1fb0a9a9509ad07ea6321bf4bf3524\"},\"headline\":\"Budget : nos conseils pour mieux le g\u00e9rer en cette fin d\u2019ann\u00e9e\",\"datePublished\":\"2021-09-26T15:40:35+00:00\",\"dateModified\":\"2021-10-26T15:42:38+00:00\",\"mainEntityOfPage\":{\"@id\":\"https:\\\/\\\/marieclaire.be\\\/fr\\\/budget-nos-conseils-pour-mieux-le-gerer-en-cette-fin-dannee\\\/\"},\"wordCount\":947,\"publisher\":{\"@id\":\"https:\\\/\\\/marieclaire.be\\\/fr\\\/#organization\"},\"image\":{\"@id\":\"https:\\\/\\\/marieclaire.be\\\/fr\\\/budget-nos-conseils-pour-mieux-le-gerer-en-cette-fin-dannee\\\/#primaryimage\"},\"thumbnailUrl\":\"https:\\\/\\\/marieclaire.be\\\/fr\\\/wp-content\\\/uploads\\\/2021\\\/10\\\/femme-qui-calcule-son-budget.jpg\",\"articleSection\":[\"Lifestyle\",\"Vie pratique\"],\"inLanguage\":\"fr-FR\"},{\"@type\":\"WebPage\",\"@id\":\"https:\\\/\\\/marieclaire.be\\\/fr\\\/budget-nos-conseils-pour-mieux-le-gerer-en-cette-fin-dannee\\\/\",\"url\":\"https:\\\/\\\/marieclaire.be\\\/fr\\\/budget-nos-conseils-pour-mieux-le-gerer-en-cette-fin-dannee\\\/\",\"name\":\"Budget : nos conseils pour mieux le g\u00e9rer en cette fin d\u2019ann\u00e9e - Marie Claire Belgique\",\"isPartOf\":{\"@id\":\"https:\\\/\\\/marieclaire.be\\\/fr\\\/#website\"},\"primaryImageOfPage\":{\"@id\":\"https:\\\/\\\/marieclaire.be\\\/fr\\\/budget-nos-conseils-pour-mieux-le-gerer-en-cette-fin-dannee\\\/#primaryimage\"},\"image\":{\"@id\":\"https:\\\/\\\/marieclaire.be\\\/fr\\\/budget-nos-conseils-pour-mieux-le-gerer-en-cette-fin-dannee\\\/#primaryimage\"},\"thumbnailUrl\":\"https:\\\/\\\/marieclaire.be\\\/fr\\\/wp-content\\\/uploads\\\/2021\\\/10\\\/femme-qui-calcule-son-budget.jpg\",\"datePublished\":\"2021-09-26T15:40:35+00:00\",\"dateModified\":\"2021-10-26T15:42:38+00:00\",\"breadcrumb\":{\"@id\":\"https:\\\/\\\/marieclaire.be\\\/fr\\\/budget-nos-conseils-pour-mieux-le-gerer-en-cette-fin-dannee\\\/#breadcrumb\"},\"inLanguage\":\"fr-FR\",\"potentialAction\":[{\"@type\":\"ReadAction\",\"target\":[\"https:\\\/\\\/marieclaire.be\\\/fr\\\/budget-nos-conseils-pour-mieux-le-gerer-en-cette-fin-dannee\\\/\"]}]},{\"@type\":\"ImageObject\",\"inLanguage\":\"fr-FR\",\"@id\":\"https:\\\/\\\/marieclaire.be\\\/fr\\\/budget-nos-conseils-pour-mieux-le-gerer-en-cette-fin-dannee\\\/#primaryimage\",\"url\":\"https:\\\/\\\/marieclaire.be\\\/fr\\\/wp-content\\\/uploads\\\/2021\\\/10\\\/femme-qui-calcule-son-budget.jpg\",\"contentUrl\":\"https:\\\/\\\/marieclaire.be\\\/fr\\\/wp-content\\\/uploads\\\/2021\\\/10\\\/femme-qui-calcule-son-budget.jpg\",\"width\":977,\"height\":798},{\"@type\":\"BreadcrumbList\",\"@id\":\"https:\\\/\\\/marieclaire.be\\\/fr\\\/budget-nos-conseils-pour-mieux-le-gerer-en-cette-fin-dannee\\\/#breadcrumb\",\"itemListElement\":[{\"@type\":\"ListItem\",\"position\":1,\"name\":\"Accueil\",\"item\":\"https:\\\/\\\/marieclaire.be\\\/fr\\\/\"},{\"@type\":\"ListItem\",\"position\":2,\"name\":\"Budget : nos conseils pour mieux le g\u00e9rer en cette fin d\u2019ann\u00e9e\"}]},{\"@type\":\"WebSite\",\"@id\":\"https:\\\/\\\/marieclaire.be\\\/fr\\\/#website\",\"url\":\"https:\\\/\\\/marieclaire.be\\\/fr\\\/\",\"name\":\"Marie Claire Belgique\",\"description\":\"Marie Claire Belgique, le magazine du style et de l\u2019intelligence qui parle de mode, des tendances, de la beaut\u00e9, de l\u2019actualit\u00e9 et de la culture\",\"publisher\":{\"@id\":\"https:\\\/\\\/marieclaire.be\\\/fr\\\/#organization\"},\"potentialAction\":[{\"@type\":\"SearchAction\",\"target\":{\"@type\":\"EntryPoint\",\"urlTemplate\":\"https:\\\/\\\/marieclaire.be\\\/fr\\\/?s={search_term_string}\"},\"query-input\":{\"@type\":\"PropertyValueSpecification\",\"valueRequired\":true,\"valueName\":\"search_term_string\"}}],\"inLanguage\":\"fr-FR\"},{\"@type\":\"Organization\",\"@id\":\"https:\\\/\\\/marieclaire.be\\\/fr\\\/#organization\",\"name\":\"Marie Claire\",\"url\":\"https:\\\/\\\/marieclaire.be\\\/fr\\\/\",\"logo\":{\"@type\":\"ImageObject\",\"inLanguage\":\"fr-FR\",\"@id\":\"https:\\\/\\\/marieclaire.be\\\/fr\\\/#\\\/schema\\\/logo\\\/image\\\/\",\"url\":\"https:\\\/\\\/marieclaire.be\\\/fr\\\/wp-content\\\/uploads\\\/2018\\\/05\\\/mc-logo2.png\",\"contentUrl\":\"https:\\\/\\\/marieclaire.be\\\/fr\\\/wp-content\\\/uploads\\\/2018\\\/05\\\/mc-logo2.png\",\"width\":1001,\"height\":189,\"caption\":\"Marie Claire\"},\"image\":{\"@id\":\"https:\\\/\\\/marieclaire.be\\\/fr\\\/#\\\/schema\\\/logo\\\/image\\\/\"},\"sameAs\":[\"https:\\\/\\\/www.facebook.com\\\/MarieClaire.Belgique\\\/\",\"https:\\\/\\\/www.instagram.com\\\/marieclaire_belgique\\\/\",\"https:\\\/\\\/fr.pinterest.com\\\/marieclairebe\\\/\",\"https:\\\/\\\/www.youtube.com\\\/user\\\/BelgiumMarieClaire\"]},{\"@type\":\"Person\",\"@id\":\"https:\\\/\\\/marieclaire.be\\\/fr\\\/#\\\/schema\\\/person\\\/be1fb0a9a9509ad07ea6321bf4bf3524\",\"name\":\"Marieclaire\",\"image\":{\"@type\":\"ImageObject\",\"inLanguage\":\"fr-FR\",\"@id\":\"https:\\\/\\\/marieclaire.be\\\/fr\\\/wp-content\\\/uploads\\\/2016\\\/11\\\/mclogo-96x96.jpg\",\"url\":\"https:\\\/\\\/marieclaire.be\\\/fr\\\/wp-content\\\/uploads\\\/2016\\\/11\\\/mclogo-96x96.jpg\",\"contentUrl\":\"https:\\\/\\\/marieclaire.be\\\/fr\\\/wp-content\\\/uploads\\\/2016\\\/11\\\/mclogo-96x96.jpg\",\"caption\":\"Marieclaire\"},\"url\":\"https:\\\/\\\/marieclaire.be\\\/fr\\\/author\\\/marieclaire\\\/\"}]}<\/script>\n<!-- \/ Yoast SEO plugin. -->","yoast_head_json":{"title":"Budget : nos conseils pour mieux le g\u00e9rer en cette fin d\u2019ann\u00e9e - Marie Claire Belgique","robots":{"index":"index","follow":"follow","max-snippet":"max-snippet:-1","max-image-preview":"max-image-preview:large","max-video-preview":"max-video-preview:-1"},"canonical":"https:\/\/marieclaire.be\/fr\/budget-nos-conseils-pour-mieux-le-gerer-en-cette-fin-dannee\/","og_locale":"fr_FR","og_type":"article","og_title":"Budget : nos conseils pour mieux le g\u00e9rer en cette fin d\u2019ann\u00e9e - Marie Claire Belgique","og_description":"Alors que la fin d\u2019ann\u00e9e approche doucement et que la liste des cadeaux de No\u00ebl ne va pas tarder \u00e0 arriver, nous vous proposons quelques conseils pour apprendre \u00e0 mieux g\u00e9rer votre budget.","og_url":"https:\/\/marieclaire.be\/fr\/budget-nos-conseils-pour-mieux-le-gerer-en-cette-fin-dannee\/","og_site_name":"Marie Claire Belgique","article_publisher":"https:\/\/www.facebook.com\/MarieClaire.Belgique\/","article_published_time":"2021-09-26T15:40:35+00:00","article_modified_time":"2021-10-26T15:42:38+00:00","og_image":[{"width":977,"height":798,"url":"https:\/\/marieclaire.be\/fr\/wp-content\/uploads\/2021\/10\/femme-qui-calcule-son-budget.jpg","type":"image\/jpeg"}],"author":"Marieclaire","twitter_misc":{"\u00c9crit par":"Marieclaire","Dur\u00e9e de lecture estim\u00e9e":"4 minutes"},"schema":{"@context":"https:\/\/schema.org","@graph":[{"@type":"NewsArticle","@id":"https:\/\/marieclaire.be\/fr\/budget-nos-conseils-pour-mieux-le-gerer-en-cette-fin-dannee\/#article","isPartOf":{"@id":"https:\/\/marieclaire.be\/fr\/budget-nos-conseils-pour-mieux-le-gerer-en-cette-fin-dannee\/"},"author":{"name":"Marieclaire","@id":"https:\/\/marieclaire.be\/fr\/#\/schema\/person\/be1fb0a9a9509ad07ea6321bf4bf3524"},"headline":"Budget : nos conseils pour mieux le g\u00e9rer en cette fin d\u2019ann\u00e9e","datePublished":"2021-09-26T15:40:35+00:00","dateModified":"2021-10-26T15:42:38+00:00","mainEntityOfPage":{"@id":"https:\/\/marieclaire.be\/fr\/budget-nos-conseils-pour-mieux-le-gerer-en-cette-fin-dannee\/"},"wordCount":947,"publisher":{"@id":"https:\/\/marieclaire.be\/fr\/#organization"},"image":{"@id":"https:\/\/marieclaire.be\/fr\/budget-nos-conseils-pour-mieux-le-gerer-en-cette-fin-dannee\/#primaryimage"},"thumbnailUrl":"https:\/\/marieclaire.be\/fr\/wp-content\/uploads\/2021\/10\/femme-qui-calcule-son-budget.jpg","articleSection":["Lifestyle","Vie pratique"],"inLanguage":"fr-FR"},{"@type":"WebPage","@id":"https:\/\/marieclaire.be\/fr\/budget-nos-conseils-pour-mieux-le-gerer-en-cette-fin-dannee\/","url":"https:\/\/marieclaire.be\/fr\/budget-nos-conseils-pour-mieux-le-gerer-en-cette-fin-dannee\/","name":"Budget : nos conseils pour mieux le g\u00e9rer en cette fin d\u2019ann\u00e9e - Marie Claire Belgique","isPartOf":{"@id":"https:\/\/marieclaire.be\/fr\/#website"},"primaryImageOfPage":{"@id":"https:\/\/marieclaire.be\/fr\/budget-nos-conseils-pour-mieux-le-gerer-en-cette-fin-dannee\/#primaryimage"},"image":{"@id":"https:\/\/marieclaire.be\/fr\/budget-nos-conseils-pour-mieux-le-gerer-en-cette-fin-dannee\/#primaryimage"},"thumbnailUrl":"https:\/\/marieclaire.be\/fr\/wp-content\/uploads\/2021\/10\/femme-qui-calcule-son-budget.jpg","datePublished":"2021-09-26T15:40:35+00:00","dateModified":"2021-10-26T15:42:38+00:00","breadcrumb":{"@id":"https:\/\/marieclaire.be\/fr\/budget-nos-conseils-pour-mieux-le-gerer-en-cette-fin-dannee\/#breadcrumb"},"inLanguage":"fr-FR","potentialAction":[{"@type":"ReadAction","target":["https:\/\/marieclaire.be\/fr\/budget-nos-conseils-pour-mieux-le-gerer-en-cette-fin-dannee\/"]}]},{"@type":"ImageObject","inLanguage":"fr-FR","@id":"https:\/\/marieclaire.be\/fr\/budget-nos-conseils-pour-mieux-le-gerer-en-cette-fin-dannee\/#primaryimage","url":"https:\/\/marieclaire.be\/fr\/wp-content\/uploads\/2021\/10\/femme-qui-calcule-son-budget.jpg","contentUrl":"https:\/\/marieclaire.be\/fr\/wp-content\/uploads\/2021\/10\/femme-qui-calcule-son-budget.jpg","width":977,"height":798},{"@type":"BreadcrumbList","@id":"https:\/\/marieclaire.be\/fr\/budget-nos-conseils-pour-mieux-le-gerer-en-cette-fin-dannee\/#breadcrumb","itemListElement":[{"@type":"ListItem","position":1,"name":"Accueil","item":"https:\/\/marieclaire.be\/fr\/"},{"@type":"ListItem","position":2,"name":"Budget : nos conseils pour mieux le g\u00e9rer en cette fin d\u2019ann\u00e9e"}]},{"@type":"WebSite","@id":"https:\/\/marieclaire.be\/fr\/#website","url":"https:\/\/marieclaire.be\/fr\/","name":"Marie Claire Belgique","description":"Marie Claire Belgique, le magazine du style et de l\u2019intelligence qui parle de mode, des tendances, de la beaut\u00e9, de l\u2019actualit\u00e9 et de la culture","publisher":{"@id":"https:\/\/marieclaire.be\/fr\/#organization"},"potentialAction":[{"@type":"SearchAction","target":{"@type":"EntryPoint","urlTemplate":"https:\/\/marieclaire.be\/fr\/?s={search_term_string}"},"query-input":{"@type":"PropertyValueSpecification","valueRequired":true,"valueName":"search_term_string"}}],"inLanguage":"fr-FR"},{"@type":"Organization","@id":"https:\/\/marieclaire.be\/fr\/#organization","name":"Marie Claire","url":"https:\/\/marieclaire.be\/fr\/","logo":{"@type":"ImageObject","inLanguage":"fr-FR","@id":"https:\/\/marieclaire.be\/fr\/#\/schema\/logo\/image\/","url":"https:\/\/marieclaire.be\/fr\/wp-content\/uploads\/2018\/05\/mc-logo2.png","contentUrl":"https:\/\/marieclaire.be\/fr\/wp-content\/uploads\/2018\/05\/mc-logo2.png","width":1001,"height":189,"caption":"Marie Claire"},"image":{"@id":"https:\/\/marieclaire.be\/fr\/#\/schema\/logo\/image\/"},"sameAs":["https:\/\/www.facebook.com\/MarieClaire.Belgique\/","https:\/\/www.instagram.com\/marieclaire_belgique\/","https:\/\/fr.pinterest.com\/marieclairebe\/","https:\/\/www.youtube.com\/user\/BelgiumMarieClaire"]},{"@type":"Person","@id":"https:\/\/marieclaire.be\/fr\/#\/schema\/person\/be1fb0a9a9509ad07ea6321bf4bf3524","name":"Marieclaire","image":{"@type":"ImageObject","inLanguage":"fr-FR","@id":"https:\/\/marieclaire.be\/fr\/wp-content\/uploads\/2016\/11\/mclogo-96x96.jpg","url":"https:\/\/marieclaire.be\/fr\/wp-content\/uploads\/2016\/11\/mclogo-96x96.jpg","contentUrl":"https:\/\/marieclaire.be\/fr\/wp-content\/uploads\/2016\/11\/mclogo-96x96.jpg","caption":"Marieclaire"},"url":"https:\/\/marieclaire.be\/fr\/author\/marieclaire\/"}]}},"_links":{"self":[{"href":"https:\/\/marieclaire.be\/fr\/wp-json\/wp\/v2\/posts\/109031","targetHints":{"allow":["GET"]}}],"collection":[{"href":"https:\/\/marieclaire.be\/fr\/wp-json\/wp\/v2\/posts"}],"about":[{"href":"https:\/\/marieclaire.be\/fr\/wp-json\/wp\/v2\/types\/post"}],"author":[{"embeddable":true,"href":"https:\/\/marieclaire.be\/fr\/wp-json\/wp\/v2\/users\/2"}],"replies":[{"embeddable":true,"href":"https:\/\/marieclaire.be\/fr\/wp-json\/wp\/v2\/comments?post=109031"}],"version-history":[{"count":1,"href":"https:\/\/marieclaire.be\/fr\/wp-json\/wp\/v2\/posts\/109031\/revisions"}],"predecessor-version":[{"id":109033,"href":"https:\/\/marieclaire.be\/fr\/wp-json\/wp\/v2\/posts\/109031\/revisions\/109033"}],"wp:featuredmedia":[{"embeddable":true,"href":"https:\/\/marieclaire.be\/fr\/wp-json\/wp\/v2\/media\/109032"}],"wp:attachment":[{"href":"https:\/\/marieclaire.be\/fr\/wp-json\/wp\/v2\/media?parent=109031"}],"wp:term":[{"taxonomy":"category","embeddable":true,"href":"https:\/\/marieclaire.be\/fr\/wp-json\/wp\/v2\/categories?post=109031"},{"taxonomy":"post_tag","embeddable":true,"href":"https:\/\/marieclaire.be\/fr\/wp-json\/wp\/v2\/tags?post=109031"}],"curies":[{"name":"wp","href":"https:\/\/api.w.org\/{rel}","templated":true}]}}