{"id":106671,"date":"2025-05-09T08:31:14","date_gmt":"2025-05-09T06:31:14","guid":{"rendered":"https:\/\/marieclaire.be\/fr\/?p=106671"},"modified":"2025-05-05T19:56:32","modified_gmt":"2025-05-05T17:56:32","slug":"cannes-celebrites-ont-transgresse-la-tenue-correcte-exigee","status":"publish","type":"post","link":"https:\/\/marieclaire.be\/fr\/cannes-celebrites-ont-transgresse-la-tenue-correcte-exigee\/","title":{"rendered":"Cannes\u00a0: 10 c\u00e9l\u00e9brit\u00e9s qui ont transgress\u00e9 le dress code"},"content":{"rendered":"","protected":false},"excerpt":{"rendered":"Chaque ann\u00e9e, la grande messe annuelle du 7e art s&#8217;apparente \u00e0 un catwalk \u00e0 ciel ouvert. ...","protected":false},"author":30,"featured_media":115608,"comment_status":"closed","ping_status":"closed","sticky":false,"template":"","format":"standard","meta":{"_acf_changed":false,"footnotes":""},"categories":[67,82],"tags":[],"class_list":["post-106671","post","type-post","status-publish","format-standard","has-post-thumbnail","hentry","category-lifestyle","category-people"],"acf":[],"_yoast_wpseo_title":null,"_yoast_wpseo_metadesc":"Robes provocantes, tenues absurdes ou pi\u00e8ces de tissu ultra-suggestives : passage en revue de ces parti-pris stylistiques qui se jouent des normes.","image_verticale":"115609","yoast_head":"<!-- This site is optimized with the Yoast SEO plugin v27.3 - https:\/\/yoast.com\/product\/yoast-seo-wordpress\/ -->\n<title>Cannes\u00a0: 10 c\u00e9l\u00e9brit\u00e9s qui ont transgress\u00e9 le dress code - Marie Claire Belgique<\/title>\n<meta name=\"description\" content=\"Robes provocantes, tenues absurdes ou pi\u00e8ces de tissu ultra-suggestives : passage en revue de ces parti-pris stylistiques qui se jouent des normes.\" \/>\n<meta name=\"robots\" content=\"index, follow, max-snippet:-1, max-image-preview:large, max-video-preview:-1\" \/>\n<link rel=\"canonical\" href=\"https:\/\/marieclaire.be\/fr\/cannes-celebrites-ont-transgresse-la-tenue-correcte-exigee\/\" \/>\n<link rel=\"next\" href=\"https:\/\/marieclaire.be\/fr\/cannes-celebrites-ont-transgresse-la-tenue-correcte-exigee\/2\/\" \/>\n<meta property=\"og:locale\" content=\"fr_FR\" \/>\n<meta property=\"og:type\" content=\"article\" \/>\n<meta property=\"og:title\" content=\"Cannes\u00a0: 10 c\u00e9l\u00e9brit\u00e9s qui ont transgress\u00e9 le dress code - Marie Claire Belgique\" \/>\n<meta property=\"og:description\" content=\"Robes provocantes, tenues absurdes ou pi\u00e8ces de tissu ultra-suggestives : passage en revue de ces parti-pris stylistiques qui se jouent des normes.\" \/>\n<meta property=\"og:url\" content=\"https:\/\/marieclaire.be\/fr\/cannes-celebrites-ont-transgresse-la-tenue-correcte-exigee\/\" \/>\n<meta property=\"og:site_name\" content=\"Marie Claire Belgique\" \/>\n<meta property=\"article:publisher\" content=\"https:\/\/www.facebook.com\/MarieClaire.Belgique\/\" \/>\n<meta property=\"article:published_time\" content=\"2025-05-09T06:31:14+00:00\" \/>\n<meta property=\"og:image\" content=\"https:\/\/marieclaire.be\/fr\/wp-content\/uploads\/2022\/05\/cannes-polemique.jpg\" \/>\n\t<meta property=\"og:image:width\" content=\"1200\" \/>\n\t<meta property=\"og:image:height\" content=\"628\" \/>\n\t<meta property=\"og:image:type\" content=\"image\/jpeg\" \/>\n<meta name=\"author\" content=\"Malvine Sevrin\" \/>\n<meta name=\"twitter:label1\" content=\"\u00c9crit par\" \/>\n\t<meta name=\"twitter:data1\" content=\"Malvine Sevrin\" \/>\n\t<meta name=\"twitter:label2\" content=\"Dur\u00e9e de lecture estim\u00e9e\" \/>\n\t<meta name=\"twitter:data2\" content=\"10 minutes\" \/>\n<script type=\"application\/ld+json\" class=\"yoast-schema-graph\">{\"@context\":\"https:\\\/\\\/schema.org\",\"@graph\":[{\"@type\":\"NewsArticle\",\"@id\":\"https:\\\/\\\/marieclaire.be\\\/fr\\\/cannes-celebrites-ont-transgresse-la-tenue-correcte-exigee\\\/#article\",\"isPartOf\":{\"@id\":\"https:\\\/\\\/marieclaire.be\\\/fr\\\/cannes-celebrites-ont-transgresse-la-tenue-correcte-exigee\\\/\"},\"author\":{\"name\":\"Malvine Sevrin\",\"@id\":\"https:\\\/\\\/marieclaire.be\\\/fr\\\/#\\\/schema\\\/person\\\/c71bd7a8c3e622513c7531a39292a34e\"},\"headline\":\"Cannes\u00a0: 10 c\u00e9l\u00e9brit\u00e9s qui ont transgress\u00e9 le dress code\",\"datePublished\":\"2025-05-09T06:31:14+00:00\",\"mainEntityOfPage\":{\"@id\":\"https:\\\/\\\/marieclaire.be\\\/fr\\\/cannes-celebrites-ont-transgresse-la-tenue-correcte-exigee\\\/\"},\"wordCount\":1790,\"publisher\":{\"@id\":\"https:\\\/\\\/marieclaire.be\\\/fr\\\/#organization\"},\"image\":{\"@id\":\"https:\\\/\\\/marieclaire.be\\\/fr\\\/cannes-celebrites-ont-transgresse-la-tenue-correcte-exigee\\\/#primaryimage\"},\"thumbnailUrl\":\"https:\\\/\\\/marieclaire.be\\\/fr\\\/wp-content\\\/uploads\\\/2022\\\/05\\\/cannes-polemique.jpg\",\"articleSection\":[\"Lifestyle\",\"People\"],\"inLanguage\":\"fr-FR\"},{\"@type\":\"WebPage\",\"@id\":\"https:\\\/\\\/marieclaire.be\\\/fr\\\/cannes-celebrites-ont-transgresse-la-tenue-correcte-exigee\\\/\",\"url\":\"https:\\\/\\\/marieclaire.be\\\/fr\\\/cannes-celebrites-ont-transgresse-la-tenue-correcte-exigee\\\/\",\"name\":\"Cannes\u00a0: 10 c\u00e9l\u00e9brit\u00e9s qui ont transgress\u00e9 le dress code - Marie Claire Belgique\",\"isPartOf\":{\"@id\":\"https:\\\/\\\/marieclaire.be\\\/fr\\\/#website\"},\"primaryImageOfPage\":{\"@id\":\"https:\\\/\\\/marieclaire.be\\\/fr\\\/cannes-celebrites-ont-transgresse-la-tenue-correcte-exigee\\\/#primaryimage\"},\"image\":{\"@id\":\"https:\\\/\\\/marieclaire.be\\\/fr\\\/cannes-celebrites-ont-transgresse-la-tenue-correcte-exigee\\\/#primaryimage\"},\"thumbnailUrl\":\"https:\\\/\\\/marieclaire.be\\\/fr\\\/wp-content\\\/uploads\\\/2022\\\/05\\\/cannes-polemique.jpg\",\"datePublished\":\"2025-05-09T06:31:14+00:00\",\"description\":\"Robes provocantes, tenues absurdes ou pi\u00e8ces de tissu ultra-suggestives : passage en revue de ces parti-pris stylistiques qui se jouent des normes.\",\"inLanguage\":\"fr-FR\",\"potentialAction\":[{\"@type\":\"ReadAction\",\"target\":[\"https:\\\/\\\/marieclaire.be\\\/fr\\\/cannes-celebrites-ont-transgresse-la-tenue-correcte-exigee\\\/\"]}]},{\"@type\":\"ImageObject\",\"inLanguage\":\"fr-FR\",\"@id\":\"https:\\\/\\\/marieclaire.be\\\/fr\\\/cannes-celebrites-ont-transgresse-la-tenue-correcte-exigee\\\/#primaryimage\",\"url\":\"https:\\\/\\\/marieclaire.be\\\/fr\\\/wp-content\\\/uploads\\\/2022\\\/05\\\/cannes-polemique.jpg\",\"contentUrl\":\"https:\\\/\\\/marieclaire.be\\\/fr\\\/wp-content\\\/uploads\\\/2022\\\/05\\\/cannes-polemique.jpg\",\"width\":1200,\"height\":628,\"caption\":\"Getty Images\"},{\"@type\":\"WebSite\",\"@id\":\"https:\\\/\\\/marieclaire.be\\\/fr\\\/#website\",\"url\":\"https:\\\/\\\/marieclaire.be\\\/fr\\\/\",\"name\":\"Marie Claire Belgique\",\"description\":\"Marie Claire Belgique, le magazine du style et de l\u2019intelligence qui parle de mode, des tendances, de la beaut\u00e9, de l\u2019actualit\u00e9 et de la culture\",\"publisher\":{\"@id\":\"https:\\\/\\\/marieclaire.be\\\/fr\\\/#organization\"},\"potentialAction\":[{\"@type\":\"SearchAction\",\"target\":{\"@type\":\"EntryPoint\",\"urlTemplate\":\"https:\\\/\\\/marieclaire.be\\\/fr\\\/?s={search_term_string}\"},\"query-input\":{\"@type\":\"PropertyValueSpecification\",\"valueRequired\":true,\"valueName\":\"search_term_string\"}}],\"inLanguage\":\"fr-FR\"},{\"@type\":\"Organization\",\"@id\":\"https:\\\/\\\/marieclaire.be\\\/fr\\\/#organization\",\"name\":\"Marie Claire\",\"url\":\"https:\\\/\\\/marieclaire.be\\\/fr\\\/\",\"logo\":{\"@type\":\"ImageObject\",\"inLanguage\":\"fr-FR\",\"@id\":\"https:\\\/\\\/marieclaire.be\\\/fr\\\/#\\\/schema\\\/logo\\\/image\\\/\",\"url\":\"https:\\\/\\\/marieclaire.be\\\/fr\\\/wp-content\\\/uploads\\\/2018\\\/05\\\/mc-logo2.png\",\"contentUrl\":\"https:\\\/\\\/marieclaire.be\\\/fr\\\/wp-content\\\/uploads\\\/2018\\\/05\\\/mc-logo2.png\",\"width\":1001,\"height\":189,\"caption\":\"Marie Claire\"},\"image\":{\"@id\":\"https:\\\/\\\/marieclaire.be\\\/fr\\\/#\\\/schema\\\/logo\\\/image\\\/\"},\"sameAs\":[\"https:\\\/\\\/www.facebook.com\\\/MarieClaire.Belgique\\\/\",\"https:\\\/\\\/www.instagram.com\\\/marieclaire_belgique\\\/\",\"https:\\\/\\\/fr.pinterest.com\\\/marieclairebe\\\/\",\"https:\\\/\\\/www.youtube.com\\\/user\\\/BelgiumMarieClaire\"]},{\"@type\":\"Person\",\"@id\":\"https:\\\/\\\/marieclaire.be\\\/fr\\\/#\\\/schema\\\/person\\\/c71bd7a8c3e622513c7531a39292a34e\",\"name\":\"Malvine Sevrin\",\"image\":{\"@type\":\"ImageObject\",\"inLanguage\":\"fr-FR\",\"@id\":\"https:\\\/\\\/marieclaire.be\\\/fr\\\/wp-content\\\/uploads\\\/2017\\\/05\\\/capture-decran-2024-02-13-a-145920-96x96.png\",\"url\":\"https:\\\/\\\/marieclaire.be\\\/fr\\\/wp-content\\\/uploads\\\/2017\\\/05\\\/capture-decran-2024-02-13-a-145920-96x96.png\",\"contentUrl\":\"https:\\\/\\\/marieclaire.be\\\/fr\\\/wp-content\\\/uploads\\\/2017\\\/05\\\/capture-decran-2024-02-13-a-145920-96x96.png\",\"caption\":\"Malvine Sevrin\"},\"description\":\"Des podiums parisiens aux derni\u00e8res nouveaut\u00e9s skincare qui enflamment TikTok, je d\u00e9crypte les tendances pour Marie Claire Belgique. Passionn\u00e9e de voyage, de mode et de beaut\u00e9, je partage mes coups de coeur d\u00e9nich\u00e9s aux quatre coins du globe. En tant que r\u00e9dactrice en chef digital, j'ai \u00e9galement \u00e0 coeur de mettre en lumi\u00e8re les histoires inspirantes de femmes \u00e0 travers notre site et sur nos r\u00e9seaux sociaux.\",\"sameAs\":[\"https:\\\/\\\/www.instagram.com\\\/malvinesev\\\/\"],\"url\":\"https:\\\/\\\/marieclaire.be\\\/fr\\\/author\\\/malvine\\\/\"}]}<\/script>\n<!-- \/ Yoast SEO plugin. -->","yoast_head_json":{"title":"Cannes\u00a0: 10 c\u00e9l\u00e9brit\u00e9s qui ont transgress\u00e9 le dress code - Marie Claire Belgique","description":"Robes provocantes, tenues absurdes ou pi\u00e8ces de tissu ultra-suggestives : passage en revue de ces parti-pris stylistiques qui se jouent des normes.","robots":{"index":"index","follow":"follow","max-snippet":"max-snippet:-1","max-image-preview":"max-image-preview:large","max-video-preview":"max-video-preview:-1"},"canonical":"https:\/\/marieclaire.be\/fr\/cannes-celebrites-ont-transgresse-la-tenue-correcte-exigee\/","next":"https:\/\/marieclaire.be\/fr\/cannes-celebrites-ont-transgresse-la-tenue-correcte-exigee\/2\/","og_locale":"fr_FR","og_type":"article","og_title":"Cannes\u00a0: 10 c\u00e9l\u00e9brit\u00e9s qui ont transgress\u00e9 le dress code - Marie Claire Belgique","og_description":"Robes provocantes, tenues absurdes ou pi\u00e8ces de tissu ultra-suggestives : passage en revue de ces parti-pris stylistiques qui se jouent des normes.","og_url":"https:\/\/marieclaire.be\/fr\/cannes-celebrites-ont-transgresse-la-tenue-correcte-exigee\/","og_site_name":"Marie Claire Belgique","article_publisher":"https:\/\/www.facebook.com\/MarieClaire.Belgique\/","article_published_time":"2025-05-09T06:31:14+00:00","og_image":[{"width":1200,"height":628,"url":"https:\/\/marieclaire.be\/fr\/wp-content\/uploads\/2022\/05\/cannes-polemique.jpg","type":"image\/jpeg"}],"author":"Malvine Sevrin","twitter_misc":{"\u00c9crit par":"Malvine Sevrin","Dur\u00e9e de lecture estim\u00e9e":"10 minutes"},"schema":{"@context":"https:\/\/schema.org","@graph":[{"@type":"NewsArticle","@id":"https:\/\/marieclaire.be\/fr\/cannes-celebrites-ont-transgresse-la-tenue-correcte-exigee\/#article","isPartOf":{"@id":"https:\/\/marieclaire.be\/fr\/cannes-celebrites-ont-transgresse-la-tenue-correcte-exigee\/"},"author":{"name":"Malvine Sevrin","@id":"https:\/\/marieclaire.be\/fr\/#\/schema\/person\/c71bd7a8c3e622513c7531a39292a34e"},"headline":"Cannes\u00a0: 10 c\u00e9l\u00e9brit\u00e9s qui ont transgress\u00e9 le dress code","datePublished":"2025-05-09T06:31:14+00:00","mainEntityOfPage":{"@id":"https:\/\/marieclaire.be\/fr\/cannes-celebrites-ont-transgresse-la-tenue-correcte-exigee\/"},"wordCount":1790,"publisher":{"@id":"https:\/\/marieclaire.be\/fr\/#organization"},"image":{"@id":"https:\/\/marieclaire.be\/fr\/cannes-celebrites-ont-transgresse-la-tenue-correcte-exigee\/#primaryimage"},"thumbnailUrl":"https:\/\/marieclaire.be\/fr\/wp-content\/uploads\/2022\/05\/cannes-polemique.jpg","articleSection":["Lifestyle","People"],"inLanguage":"fr-FR"},{"@type":"WebPage","@id":"https:\/\/marieclaire.be\/fr\/cannes-celebrites-ont-transgresse-la-tenue-correcte-exigee\/","url":"https:\/\/marieclaire.be\/fr\/cannes-celebrites-ont-transgresse-la-tenue-correcte-exigee\/","name":"Cannes\u00a0: 10 c\u00e9l\u00e9brit\u00e9s qui ont transgress\u00e9 le dress code - Marie Claire Belgique","isPartOf":{"@id":"https:\/\/marieclaire.be\/fr\/#website"},"primaryImageOfPage":{"@id":"https:\/\/marieclaire.be\/fr\/cannes-celebrites-ont-transgresse-la-tenue-correcte-exigee\/#primaryimage"},"image":{"@id":"https:\/\/marieclaire.be\/fr\/cannes-celebrites-ont-transgresse-la-tenue-correcte-exigee\/#primaryimage"},"thumbnailUrl":"https:\/\/marieclaire.be\/fr\/wp-content\/uploads\/2022\/05\/cannes-polemique.jpg","datePublished":"2025-05-09T06:31:14+00:00","description":"Robes provocantes, tenues absurdes ou pi\u00e8ces de tissu ultra-suggestives : passage en revue de ces parti-pris stylistiques qui se jouent des normes.","inLanguage":"fr-FR","potentialAction":[{"@type":"ReadAction","target":["https:\/\/marieclaire.be\/fr\/cannes-celebrites-ont-transgresse-la-tenue-correcte-exigee\/"]}]},{"@type":"ImageObject","inLanguage":"fr-FR","@id":"https:\/\/marieclaire.be\/fr\/cannes-celebrites-ont-transgresse-la-tenue-correcte-exigee\/#primaryimage","url":"https:\/\/marieclaire.be\/fr\/wp-content\/uploads\/2022\/05\/cannes-polemique.jpg","contentUrl":"https:\/\/marieclaire.be\/fr\/wp-content\/uploads\/2022\/05\/cannes-polemique.jpg","width":1200,"height":628,"caption":"Getty Images"},{"@type":"WebSite","@id":"https:\/\/marieclaire.be\/fr\/#website","url":"https:\/\/marieclaire.be\/fr\/","name":"Marie Claire Belgique","description":"Marie Claire Belgique, le magazine du style et de l\u2019intelligence qui parle de mode, des tendances, de la beaut\u00e9, de l\u2019actualit\u00e9 et de la culture","publisher":{"@id":"https:\/\/marieclaire.be\/fr\/#organization"},"potentialAction":[{"@type":"SearchAction","target":{"@type":"EntryPoint","urlTemplate":"https:\/\/marieclaire.be\/fr\/?s={search_term_string}"},"query-input":{"@type":"PropertyValueSpecification","valueRequired":true,"valueName":"search_term_string"}}],"inLanguage":"fr-FR"},{"@type":"Organization","@id":"https:\/\/marieclaire.be\/fr\/#organization","name":"Marie Claire","url":"https:\/\/marieclaire.be\/fr\/","logo":{"@type":"ImageObject","inLanguage":"fr-FR","@id":"https:\/\/marieclaire.be\/fr\/#\/schema\/logo\/image\/","url":"https:\/\/marieclaire.be\/fr\/wp-content\/uploads\/2018\/05\/mc-logo2.png","contentUrl":"https:\/\/marieclaire.be\/fr\/wp-content\/uploads\/2018\/05\/mc-logo2.png","width":1001,"height":189,"caption":"Marie Claire"},"image":{"@id":"https:\/\/marieclaire.be\/fr\/#\/schema\/logo\/image\/"},"sameAs":["https:\/\/www.facebook.com\/MarieClaire.Belgique\/","https:\/\/www.instagram.com\/marieclaire_belgique\/","https:\/\/fr.pinterest.com\/marieclairebe\/","https:\/\/www.youtube.com\/user\/BelgiumMarieClaire"]},{"@type":"Person","@id":"https:\/\/marieclaire.be\/fr\/#\/schema\/person\/c71bd7a8c3e622513c7531a39292a34e","name":"Malvine Sevrin","image":{"@type":"ImageObject","inLanguage":"fr-FR","@id":"https:\/\/marieclaire.be\/fr\/wp-content\/uploads\/2017\/05\/capture-decran-2024-02-13-a-145920-96x96.png","url":"https:\/\/marieclaire.be\/fr\/wp-content\/uploads\/2017\/05\/capture-decran-2024-02-13-a-145920-96x96.png","contentUrl":"https:\/\/marieclaire.be\/fr\/wp-content\/uploads\/2017\/05\/capture-decran-2024-02-13-a-145920-96x96.png","caption":"Malvine Sevrin"},"description":"Des podiums parisiens aux derni\u00e8res nouveaut\u00e9s skincare qui enflamment TikTok, je d\u00e9crypte les tendances pour Marie Claire Belgique. Passionn\u00e9e de voyage, de mode et de beaut\u00e9, je partage mes coups de coeur d\u00e9nich\u00e9s aux quatre coins du globe. En tant que r\u00e9dactrice en chef digital, j'ai \u00e9galement \u00e0 coeur de mettre en lumi\u00e8re les histoires inspirantes de femmes \u00e0 travers notre site et sur nos r\u00e9seaux sociaux.","sameAs":["https:\/\/www.instagram.com\/malvinesev\/"],"url":"https:\/\/marieclaire.be\/fr\/author\/malvine\/"}]}},"_links":{"self":[{"href":"https:\/\/marieclaire.be\/fr\/wp-json\/wp\/v2\/posts\/106671","targetHints":{"allow":["GET"]}}],"collection":[{"href":"https:\/\/marieclaire.be\/fr\/wp-json\/wp\/v2\/posts"}],"about":[{"href":"https:\/\/marieclaire.be\/fr\/wp-json\/wp\/v2\/types\/post"}],"author":[{"embeddable":true,"href":"https:\/\/marieclaire.be\/fr\/wp-json\/wp\/v2\/users\/30"}],"replies":[{"embeddable":true,"href":"https:\/\/marieclaire.be\/fr\/wp-json\/wp\/v2\/comments?post=106671"}],"version-history":[{"count":5,"href":"https:\/\/marieclaire.be\/fr\/wp-json\/wp\/v2\/posts\/106671\/revisions"}],"predecessor-version":[{"id":115615,"href":"https:\/\/marieclaire.be\/fr\/wp-json\/wp\/v2\/posts\/106671\/revisions\/115615"}],"wp:featuredmedia":[{"embeddable":true,"href":"https:\/\/marieclaire.be\/fr\/wp-json\/wp\/v2\/media\/115608"}],"wp:attachment":[{"href":"https:\/\/marieclaire.be\/fr\/wp-json\/wp\/v2\/media?parent=106671"}],"wp:term":[{"taxonomy":"category","embeddable":true,"href":"https:\/\/marieclaire.be\/fr\/wp-json\/wp\/v2\/categories?post=106671"},{"taxonomy":"post_tag","embeddable":true,"href":"https:\/\/marieclaire.be\/fr\/wp-json\/wp\/v2\/tags?post=106671"}],"curies":[{"name":"wp","href":"https:\/\/api.w.org\/{rel}","templated":true}]}}