{"id":106259,"date":"2021-07-05T18:59:23","date_gmt":"2021-07-05T16:59:23","guid":{"rendered":"https:\/\/marieclaire.be\/fr\/?p=106259"},"modified":"2021-07-05T18:59:23","modified_gmt":"2021-07-05T16:59:23","slug":"rencontre-avec-heidi-delobelle-pdg-dag","status":"publish","type":"post","link":"https:\/\/marieclaire.be\/fr\/rencontre-avec-heidi-delobelle-pdg-dag\/","title":{"rendered":"Rencontre avec Heidi Delobelle, PDG d&#8217;AG"},"content":{"rendered":"","protected":false},"excerpt":{"rendered":"L\u2019acc\u00e9l\u00e9ration de la num\u00e9risation, des taux d\u2019int\u00e9r\u00eat historiquement bas, la mise en place d\u2019une organisation \u00e0 l\u2019\u00e9preuve du futur, la communication sur la durabilit\u00e9 et les relations avec les travailleurs sont autant de th\u00e9matiques auxquelles Heidi Delobelle, la nouvelle CEO d\u2019AG, est confront\u00e9e.","protected":false},"author":30,"featured_media":106577,"comment_status":"closed","ping_status":"closed","sticky":false,"template":"","format":"standard","meta":{"_acf_changed":false,"footnotes":""},"categories":[4193],"tags":[],"class_list":["post-106259","post","type-post","status-publish","format-standard","has-post-thumbnail","hentry","category-mcwork"],"acf":[],"_yoast_wpseo_title":null,"_yoast_wpseo_metadesc":"Pendant 23 ans, Heidi Delobelle a gravi les \u00e9chelons de la compagnie leader sur le march\u00e9 de l\u2019assurance-vie, jusqu\u2019\u00e0 devenir CEO en octobre 2020.","image_verticale":"106578","yoast_head":"<!-- This site is optimized with the Yoast SEO plugin v27.3 - https:\/\/yoast.com\/product\/yoast-seo-wordpress\/ -->\n<title>Rencontre avec Heidi Delobelle, PDG d&#039;AG - Marie Claire Belgique<\/title>\n<meta name=\"description\" content=\"Pendant 23 ans, Heidi Delobelle a gravi les \u00e9chelons de la compagnie leader sur le march\u00e9 de l\u2019assurance-vie, jusqu\u2019\u00e0 devenir CEO en octobre 2020.\" \/>\n<meta name=\"robots\" content=\"index, follow, max-snippet:-1, max-image-preview:large, max-video-preview:-1\" \/>\n<link rel=\"canonical\" href=\"https:\/\/marieclaire.be\/fr\/rencontre-avec-heidi-delobelle-pdg-dag\/\" \/>\n<link rel=\"next\" href=\"https:\/\/marieclaire.be\/fr\/rencontre-avec-heidi-delobelle-pdg-dag\/2\/\" \/>\n<meta property=\"og:locale\" content=\"fr_FR\" \/>\n<meta property=\"og:type\" content=\"article\" \/>\n<meta property=\"og:title\" content=\"Rencontre avec Heidi Delobelle, PDG d&#039;AG - Marie Claire Belgique\" \/>\n<meta property=\"og:description\" content=\"Pendant 23 ans, Heidi Delobelle a gravi les \u00e9chelons de la compagnie leader sur le march\u00e9 de l\u2019assurance-vie, jusqu\u2019\u00e0 devenir CEO en octobre 2020.\" \/>\n<meta property=\"og:url\" content=\"https:\/\/marieclaire.be\/fr\/rencontre-avec-heidi-delobelle-pdg-dag\/\" \/>\n<meta property=\"og:site_name\" content=\"Marie Claire Belgique\" \/>\n<meta property=\"article:publisher\" content=\"https:\/\/www.facebook.com\/MarieClaire.Belgique\/\" \/>\n<meta property=\"article:published_time\" content=\"2021-07-05T16:59:23+00:00\" \/>\n<meta property=\"og:image\" content=\"https:\/\/marieclaire.be\/fr\/wp-content\/uploads\/2021\/07\/heidi-itw.png\" \/>\n\t<meta property=\"og:image:width\" content=\"1280\" \/>\n\t<meta property=\"og:image:height\" content=\"670\" \/>\n\t<meta property=\"og:image:type\" content=\"image\/png\" \/>\n<meta name=\"author\" content=\"Malvine Sevrin\" \/>\n<meta name=\"twitter:label1\" content=\"\u00c9crit par\" \/>\n\t<meta name=\"twitter:data1\" content=\"Malvine Sevrin\" \/>\n\t<meta name=\"twitter:label2\" content=\"Dur\u00e9e de lecture estim\u00e9e\" \/>\n\t<meta name=\"twitter:data2\" content=\"9 minutes\" \/>\n<script type=\"application\/ld+json\" class=\"yoast-schema-graph\">{\"@context\":\"https:\\\/\\\/schema.org\",\"@graph\":[{\"@type\":\"NewsArticle\",\"@id\":\"https:\\\/\\\/marieclaire.be\\\/fr\\\/rencontre-avec-heidi-delobelle-pdg-dag\\\/#article\",\"isPartOf\":{\"@id\":\"https:\\\/\\\/marieclaire.be\\\/fr\\\/rencontre-avec-heidi-delobelle-pdg-dag\\\/\"},\"author\":{\"name\":\"Malvine Sevrin\",\"@id\":\"https:\\\/\\\/marieclaire.be\\\/fr\\\/#\\\/schema\\\/person\\\/c71bd7a8c3e622513c7531a39292a34e\"},\"headline\":\"Rencontre avec Heidi Delobelle, PDG d&#8217;AG\",\"datePublished\":\"2021-07-05T16:59:23+00:00\",\"mainEntityOfPage\":{\"@id\":\"https:\\\/\\\/marieclaire.be\\\/fr\\\/rencontre-avec-heidi-delobelle-pdg-dag\\\/\"},\"wordCount\":1900,\"publisher\":{\"@id\":\"https:\\\/\\\/marieclaire.be\\\/fr\\\/#organization\"},\"image\":{\"@id\":\"https:\\\/\\\/marieclaire.be\\\/fr\\\/rencontre-avec-heidi-delobelle-pdg-dag\\\/#primaryimage\"},\"thumbnailUrl\":\"https:\\\/\\\/marieclaire.be\\\/fr\\\/wp-content\\\/uploads\\\/2021\\\/07\\\/heidi-itw.png\",\"articleSection\":[\"MC@Work\"],\"inLanguage\":\"fr-FR\"},{\"@type\":\"WebPage\",\"@id\":\"https:\\\/\\\/marieclaire.be\\\/fr\\\/rencontre-avec-heidi-delobelle-pdg-dag\\\/\",\"url\":\"https:\\\/\\\/marieclaire.be\\\/fr\\\/rencontre-avec-heidi-delobelle-pdg-dag\\\/\",\"name\":\"Rencontre avec Heidi Delobelle, PDG d'AG - Marie Claire Belgique\",\"isPartOf\":{\"@id\":\"https:\\\/\\\/marieclaire.be\\\/fr\\\/#website\"},\"primaryImageOfPage\":{\"@id\":\"https:\\\/\\\/marieclaire.be\\\/fr\\\/rencontre-avec-heidi-delobelle-pdg-dag\\\/#primaryimage\"},\"image\":{\"@id\":\"https:\\\/\\\/marieclaire.be\\\/fr\\\/rencontre-avec-heidi-delobelle-pdg-dag\\\/#primaryimage\"},\"thumbnailUrl\":\"https:\\\/\\\/marieclaire.be\\\/fr\\\/wp-content\\\/uploads\\\/2021\\\/07\\\/heidi-itw.png\",\"datePublished\":\"2021-07-05T16:59:23+00:00\",\"description\":\"Pendant 23 ans, Heidi Delobelle a gravi les \u00e9chelons de la compagnie leader sur le march\u00e9 de l\u2019assurance-vie, jusqu\u2019\u00e0 devenir CEO en octobre 2020.\",\"inLanguage\":\"fr-FR\",\"potentialAction\":[{\"@type\":\"ReadAction\",\"target\":[\"https:\\\/\\\/marieclaire.be\\\/fr\\\/rencontre-avec-heidi-delobelle-pdg-dag\\\/\"]}]},{\"@type\":\"ImageObject\",\"inLanguage\":\"fr-FR\",\"@id\":\"https:\\\/\\\/marieclaire.be\\\/fr\\\/rencontre-avec-heidi-delobelle-pdg-dag\\\/#primaryimage\",\"url\":\"https:\\\/\\\/marieclaire.be\\\/fr\\\/wp-content\\\/uploads\\\/2021\\\/07\\\/heidi-itw.png\",\"contentUrl\":\"https:\\\/\\\/marieclaire.be\\\/fr\\\/wp-content\\\/uploads\\\/2021\\\/07\\\/heidi-itw.png\",\"width\":1280,\"height\":670,\"caption\":\"Presse\"},{\"@type\":\"WebSite\",\"@id\":\"https:\\\/\\\/marieclaire.be\\\/fr\\\/#website\",\"url\":\"https:\\\/\\\/marieclaire.be\\\/fr\\\/\",\"name\":\"Marie Claire Belgique\",\"description\":\"Marie Claire Belgique, le magazine du style et de l\u2019intelligence qui parle de mode, des tendances, de la beaut\u00e9, de l\u2019actualit\u00e9 et de la culture\",\"publisher\":{\"@id\":\"https:\\\/\\\/marieclaire.be\\\/fr\\\/#organization\"},\"potentialAction\":[{\"@type\":\"SearchAction\",\"target\":{\"@type\":\"EntryPoint\",\"urlTemplate\":\"https:\\\/\\\/marieclaire.be\\\/fr\\\/?s={search_term_string}\"},\"query-input\":{\"@type\":\"PropertyValueSpecification\",\"valueRequired\":true,\"valueName\":\"search_term_string\"}}],\"inLanguage\":\"fr-FR\"},{\"@type\":\"Organization\",\"@id\":\"https:\\\/\\\/marieclaire.be\\\/fr\\\/#organization\",\"name\":\"Marie Claire\",\"url\":\"https:\\\/\\\/marieclaire.be\\\/fr\\\/\",\"logo\":{\"@type\":\"ImageObject\",\"inLanguage\":\"fr-FR\",\"@id\":\"https:\\\/\\\/marieclaire.be\\\/fr\\\/#\\\/schema\\\/logo\\\/image\\\/\",\"url\":\"https:\\\/\\\/marieclaire.be\\\/fr\\\/wp-content\\\/uploads\\\/2018\\\/05\\\/mc-logo2.png\",\"contentUrl\":\"https:\\\/\\\/marieclaire.be\\\/fr\\\/wp-content\\\/uploads\\\/2018\\\/05\\\/mc-logo2.png\",\"width\":1001,\"height\":189,\"caption\":\"Marie Claire\"},\"image\":{\"@id\":\"https:\\\/\\\/marieclaire.be\\\/fr\\\/#\\\/schema\\\/logo\\\/image\\\/\"},\"sameAs\":[\"https:\\\/\\\/www.facebook.com\\\/MarieClaire.Belgique\\\/\",\"https:\\\/\\\/www.instagram.com\\\/marieclaire_belgique\\\/\",\"https:\\\/\\\/fr.pinterest.com\\\/marieclairebe\\\/\",\"https:\\\/\\\/www.youtube.com\\\/user\\\/BelgiumMarieClaire\"]},{\"@type\":\"Person\",\"@id\":\"https:\\\/\\\/marieclaire.be\\\/fr\\\/#\\\/schema\\\/person\\\/c71bd7a8c3e622513c7531a39292a34e\",\"name\":\"Malvine Sevrin\",\"image\":{\"@type\":\"ImageObject\",\"inLanguage\":\"fr-FR\",\"@id\":\"https:\\\/\\\/marieclaire.be\\\/fr\\\/wp-content\\\/uploads\\\/2017\\\/05\\\/capture-decran-2024-02-13-a-145920-96x96.png\",\"url\":\"https:\\\/\\\/marieclaire.be\\\/fr\\\/wp-content\\\/uploads\\\/2017\\\/05\\\/capture-decran-2024-02-13-a-145920-96x96.png\",\"contentUrl\":\"https:\\\/\\\/marieclaire.be\\\/fr\\\/wp-content\\\/uploads\\\/2017\\\/05\\\/capture-decran-2024-02-13-a-145920-96x96.png\",\"caption\":\"Malvine Sevrin\"},\"description\":\"Des podiums parisiens aux derni\u00e8res nouveaut\u00e9s skincare qui enflamment TikTok, je d\u00e9crypte les tendances pour Marie Claire Belgique. Passionn\u00e9e de voyage, de mode et de beaut\u00e9, je partage mes coups de coeur d\u00e9nich\u00e9s aux quatre coins du globe. En tant que r\u00e9dactrice en chef digital, j'ai \u00e9galement \u00e0 coeur de mettre en lumi\u00e8re les histoires inspirantes de femmes \u00e0 travers notre site et sur nos r\u00e9seaux sociaux.\",\"sameAs\":[\"https:\\\/\\\/www.instagram.com\\\/malvinesev\\\/\"],\"url\":\"https:\\\/\\\/marieclaire.be\\\/fr\\\/author\\\/malvine\\\/\"}]}<\/script>\n<!-- \/ Yoast SEO plugin. -->","yoast_head_json":{"title":"Rencontre avec Heidi Delobelle, PDG d'AG - Marie Claire Belgique","description":"Pendant 23 ans, Heidi Delobelle a gravi les \u00e9chelons de la compagnie leader sur le march\u00e9 de l\u2019assurance-vie, jusqu\u2019\u00e0 devenir CEO en octobre 2020.","robots":{"index":"index","follow":"follow","max-snippet":"max-snippet:-1","max-image-preview":"max-image-preview:large","max-video-preview":"max-video-preview:-1"},"canonical":"https:\/\/marieclaire.be\/fr\/rencontre-avec-heidi-delobelle-pdg-dag\/","next":"https:\/\/marieclaire.be\/fr\/rencontre-avec-heidi-delobelle-pdg-dag\/2\/","og_locale":"fr_FR","og_type":"article","og_title":"Rencontre avec Heidi Delobelle, PDG d'AG - Marie Claire Belgique","og_description":"Pendant 23 ans, Heidi Delobelle a gravi les \u00e9chelons de la compagnie leader sur le march\u00e9 de l\u2019assurance-vie, jusqu\u2019\u00e0 devenir CEO en octobre 2020.","og_url":"https:\/\/marieclaire.be\/fr\/rencontre-avec-heidi-delobelle-pdg-dag\/","og_site_name":"Marie Claire Belgique","article_publisher":"https:\/\/www.facebook.com\/MarieClaire.Belgique\/","article_published_time":"2021-07-05T16:59:23+00:00","og_image":[{"width":1280,"height":670,"url":"https:\/\/marieclaire.be\/fr\/wp-content\/uploads\/2021\/07\/heidi-itw.png","type":"image\/png"}],"author":"Malvine Sevrin","twitter_misc":{"\u00c9crit par":"Malvine Sevrin","Dur\u00e9e de lecture estim\u00e9e":"9 minutes"},"schema":{"@context":"https:\/\/schema.org","@graph":[{"@type":"NewsArticle","@id":"https:\/\/marieclaire.be\/fr\/rencontre-avec-heidi-delobelle-pdg-dag\/#article","isPartOf":{"@id":"https:\/\/marieclaire.be\/fr\/rencontre-avec-heidi-delobelle-pdg-dag\/"},"author":{"name":"Malvine Sevrin","@id":"https:\/\/marieclaire.be\/fr\/#\/schema\/person\/c71bd7a8c3e622513c7531a39292a34e"},"headline":"Rencontre avec Heidi Delobelle, PDG d&#8217;AG","datePublished":"2021-07-05T16:59:23+00:00","mainEntityOfPage":{"@id":"https:\/\/marieclaire.be\/fr\/rencontre-avec-heidi-delobelle-pdg-dag\/"},"wordCount":1900,"publisher":{"@id":"https:\/\/marieclaire.be\/fr\/#organization"},"image":{"@id":"https:\/\/marieclaire.be\/fr\/rencontre-avec-heidi-delobelle-pdg-dag\/#primaryimage"},"thumbnailUrl":"https:\/\/marieclaire.be\/fr\/wp-content\/uploads\/2021\/07\/heidi-itw.png","articleSection":["MC@Work"],"inLanguage":"fr-FR"},{"@type":"WebPage","@id":"https:\/\/marieclaire.be\/fr\/rencontre-avec-heidi-delobelle-pdg-dag\/","url":"https:\/\/marieclaire.be\/fr\/rencontre-avec-heidi-delobelle-pdg-dag\/","name":"Rencontre avec Heidi Delobelle, PDG d'AG - Marie Claire Belgique","isPartOf":{"@id":"https:\/\/marieclaire.be\/fr\/#website"},"primaryImageOfPage":{"@id":"https:\/\/marieclaire.be\/fr\/rencontre-avec-heidi-delobelle-pdg-dag\/#primaryimage"},"image":{"@id":"https:\/\/marieclaire.be\/fr\/rencontre-avec-heidi-delobelle-pdg-dag\/#primaryimage"},"thumbnailUrl":"https:\/\/marieclaire.be\/fr\/wp-content\/uploads\/2021\/07\/heidi-itw.png","datePublished":"2021-07-05T16:59:23+00:00","description":"Pendant 23 ans, Heidi Delobelle a gravi les \u00e9chelons de la compagnie leader sur le march\u00e9 de l\u2019assurance-vie, jusqu\u2019\u00e0 devenir CEO en octobre 2020.","inLanguage":"fr-FR","potentialAction":[{"@type":"ReadAction","target":["https:\/\/marieclaire.be\/fr\/rencontre-avec-heidi-delobelle-pdg-dag\/"]}]},{"@type":"ImageObject","inLanguage":"fr-FR","@id":"https:\/\/marieclaire.be\/fr\/rencontre-avec-heidi-delobelle-pdg-dag\/#primaryimage","url":"https:\/\/marieclaire.be\/fr\/wp-content\/uploads\/2021\/07\/heidi-itw.png","contentUrl":"https:\/\/marieclaire.be\/fr\/wp-content\/uploads\/2021\/07\/heidi-itw.png","width":1280,"height":670,"caption":"Presse"},{"@type":"WebSite","@id":"https:\/\/marieclaire.be\/fr\/#website","url":"https:\/\/marieclaire.be\/fr\/","name":"Marie Claire Belgique","description":"Marie Claire Belgique, le magazine du style et de l\u2019intelligence qui parle de mode, des tendances, de la beaut\u00e9, de l\u2019actualit\u00e9 et de la culture","publisher":{"@id":"https:\/\/marieclaire.be\/fr\/#organization"},"potentialAction":[{"@type":"SearchAction","target":{"@type":"EntryPoint","urlTemplate":"https:\/\/marieclaire.be\/fr\/?s={search_term_string}"},"query-input":{"@type":"PropertyValueSpecification","valueRequired":true,"valueName":"search_term_string"}}],"inLanguage":"fr-FR"},{"@type":"Organization","@id":"https:\/\/marieclaire.be\/fr\/#organization","name":"Marie Claire","url":"https:\/\/marieclaire.be\/fr\/","logo":{"@type":"ImageObject","inLanguage":"fr-FR","@id":"https:\/\/marieclaire.be\/fr\/#\/schema\/logo\/image\/","url":"https:\/\/marieclaire.be\/fr\/wp-content\/uploads\/2018\/05\/mc-logo2.png","contentUrl":"https:\/\/marieclaire.be\/fr\/wp-content\/uploads\/2018\/05\/mc-logo2.png","width":1001,"height":189,"caption":"Marie Claire"},"image":{"@id":"https:\/\/marieclaire.be\/fr\/#\/schema\/logo\/image\/"},"sameAs":["https:\/\/www.facebook.com\/MarieClaire.Belgique\/","https:\/\/www.instagram.com\/marieclaire_belgique\/","https:\/\/fr.pinterest.com\/marieclairebe\/","https:\/\/www.youtube.com\/user\/BelgiumMarieClaire"]},{"@type":"Person","@id":"https:\/\/marieclaire.be\/fr\/#\/schema\/person\/c71bd7a8c3e622513c7531a39292a34e","name":"Malvine Sevrin","image":{"@type":"ImageObject","inLanguage":"fr-FR","@id":"https:\/\/marieclaire.be\/fr\/wp-content\/uploads\/2017\/05\/capture-decran-2024-02-13-a-145920-96x96.png","url":"https:\/\/marieclaire.be\/fr\/wp-content\/uploads\/2017\/05\/capture-decran-2024-02-13-a-145920-96x96.png","contentUrl":"https:\/\/marieclaire.be\/fr\/wp-content\/uploads\/2017\/05\/capture-decran-2024-02-13-a-145920-96x96.png","caption":"Malvine Sevrin"},"description":"Des podiums parisiens aux derni\u00e8res nouveaut\u00e9s skincare qui enflamment TikTok, je d\u00e9crypte les tendances pour Marie Claire Belgique. Passionn\u00e9e de voyage, de mode et de beaut\u00e9, je partage mes coups de coeur d\u00e9nich\u00e9s aux quatre coins du globe. En tant que r\u00e9dactrice en chef digital, j'ai \u00e9galement \u00e0 coeur de mettre en lumi\u00e8re les histoires inspirantes de femmes \u00e0 travers notre site et sur nos r\u00e9seaux sociaux.","sameAs":["https:\/\/www.instagram.com\/malvinesev\/"],"url":"https:\/\/marieclaire.be\/fr\/author\/malvine\/"}]}},"_links":{"self":[{"href":"https:\/\/marieclaire.be\/fr\/wp-json\/wp\/v2\/posts\/106259","targetHints":{"allow":["GET"]}}],"collection":[{"href":"https:\/\/marieclaire.be\/fr\/wp-json\/wp\/v2\/posts"}],"about":[{"href":"https:\/\/marieclaire.be\/fr\/wp-json\/wp\/v2\/types\/post"}],"author":[{"embeddable":true,"href":"https:\/\/marieclaire.be\/fr\/wp-json\/wp\/v2\/users\/30"}],"replies":[{"embeddable":true,"href":"https:\/\/marieclaire.be\/fr\/wp-json\/wp\/v2\/comments?post=106259"}],"version-history":[{"count":8,"href":"https:\/\/marieclaire.be\/fr\/wp-json\/wp\/v2\/posts\/106259\/revisions"}],"predecessor-version":[{"id":106582,"href":"https:\/\/marieclaire.be\/fr\/wp-json\/wp\/v2\/posts\/106259\/revisions\/106582"}],"wp:featuredmedia":[{"embeddable":true,"href":"https:\/\/marieclaire.be\/fr\/wp-json\/wp\/v2\/media\/106577"}],"wp:attachment":[{"href":"https:\/\/marieclaire.be\/fr\/wp-json\/wp\/v2\/media?parent=106259"}],"wp:term":[{"taxonomy":"category","embeddable":true,"href":"https:\/\/marieclaire.be\/fr\/wp-json\/wp\/v2\/categories?post=106259"},{"taxonomy":"post_tag","embeddable":true,"href":"https:\/\/marieclaire.be\/fr\/wp-json\/wp\/v2\/tags?post=106259"}],"curies":[{"name":"wp","href":"https:\/\/api.w.org\/{rel}","templated":true}]}}