{"id":106192,"date":"2021-06-28T08:46:18","date_gmt":"2021-06-28T06:46:18","guid":{"rendered":"https:\/\/marieclaire.be\/fr\/?p=106192"},"modified":"2021-06-24T18:04:48","modified_gmt":"2021-06-24T16:04:48","slug":"deco-4-diy-recup-en-bois-pour-upgrader-interieur","status":"publish","type":"post","link":"https:\/\/marieclaire.be\/fr\/deco-4-diy-recup-en-bois-pour-upgrader-interieur\/","title":{"rendered":"D\u00e9co : 4 DIY r\u00e9cup en bois pour upgrader votre int\u00e9rieur"},"content":{"rendered":"","protected":false},"excerpt":{"rendered":"Vous avez du bois \u00e0 n\u2019en plus finir et vous ne savez pas quoi en faire ? Pourquoi ne pas le r\u00e9cup\u00e9rer pour cr\u00e9er une grande \u00e9tag\u00e8re murale, une table basse ou des rangements suspendus ? On vous a trouv\u00e9 4 id\u00e9es de DIY r\u00e9cup en bois super simples \u00e0 r\u00e9aliser et qui ajouteront une touche unique \u00e0 votre int\u00e9rieur.","protected":false},"author":8,"featured_media":106201,"comment_status":"closed","ping_status":"closed","sticky":false,"template":"","format":"standard","meta":{"_acf_changed":false,"footnotes":""},"categories":[68,67],"tags":[54,649],"class_list":["post-106192","post","type-post","status-publish","format-standard","has-post-thumbnail","hentry","category-deco","category-lifestyle","tag-deco","tag-diy"],"acf":[],"_yoast_wpseo_title":null,"_yoast_wpseo_metadesc":"Vous avez du bois \u00e0 n\u2019en plus finir et vous ne savez pas quoi en faire\u00a0? On vous a trouv\u00e9 4 DIY r\u00e9cup pour ugrader votre int\u00e9rieur !","image_verticale":"106200","yoast_head":"<!-- This site is optimized with the Yoast SEO plugin v27.3 - https:\/\/yoast.com\/product\/yoast-seo-wordpress\/ -->\n<title>D\u00e9co : 4 DIY r\u00e9cup en bois pour upgrader votre int\u00e9rieur - Marie Claire Belgique<\/title>\n<meta name=\"description\" content=\"Vous avez du bois \u00e0 n\u2019en plus finir et vous ne savez pas quoi en faire\u00a0? On vous a trouv\u00e9 4 DIY r\u00e9cup pour ugrader votre int\u00e9rieur !\" \/>\n<meta name=\"robots\" content=\"index, follow, max-snippet:-1, max-image-preview:large, max-video-preview:-1\" \/>\n<link rel=\"canonical\" href=\"https:\/\/marieclaire.be\/fr\/deco-4-diy-recup-en-bois-pour-upgrader-interieur\/\" \/>\n<link rel=\"next\" href=\"https:\/\/marieclaire.be\/fr\/deco-4-diy-recup-en-bois-pour-upgrader-interieur\/2\/\" \/>\n<meta property=\"og:locale\" content=\"fr_FR\" \/>\n<meta property=\"og:type\" content=\"article\" \/>\n<meta property=\"og:title\" content=\"D\u00e9co : 4 DIY r\u00e9cup en bois pour upgrader votre int\u00e9rieur - Marie Claire Belgique\" \/>\n<meta property=\"og:description\" content=\"Vous avez du bois \u00e0 n\u2019en plus finir et vous ne savez pas quoi en faire\u00a0? On vous a trouv\u00e9 4 DIY r\u00e9cup pour ugrader votre int\u00e9rieur !\" \/>\n<meta property=\"og:url\" content=\"https:\/\/marieclaire.be\/fr\/deco-4-diy-recup-en-bois-pour-upgrader-interieur\/\" \/>\n<meta property=\"og:site_name\" content=\"Marie Claire Belgique\" \/>\n<meta property=\"article:publisher\" content=\"https:\/\/www.facebook.com\/MarieClaire.Belgique\/\" \/>\n<meta property=\"article:published_time\" content=\"2021-06-28T06:46:18+00:00\" \/>\n<meta property=\"og:image\" content=\"https:\/\/marieclaire.be\/fr\/wp-content\/uploads\/2021\/06\/horizontale-2.png\" \/>\n\t<meta property=\"og:image:width\" content=\"1050\" \/>\n\t<meta property=\"og:image:height\" content=\"550\" \/>\n\t<meta property=\"og:image:type\" content=\"image\/png\" \/>\n<meta name=\"author\" content=\"Marie Claire\" \/>\n<meta name=\"twitter:label1\" content=\"\u00c9crit par\" \/>\n\t<meta name=\"twitter:data1\" content=\"Marie Claire\" \/>\n\t<meta name=\"twitter:label2\" content=\"Dur\u00e9e de lecture estim\u00e9e\" \/>\n\t<meta name=\"twitter:data2\" content=\"2 minutes\" \/>\n<script type=\"application\/ld+json\" class=\"yoast-schema-graph\">{\"@context\":\"https:\\\/\\\/schema.org\",\"@graph\":[{\"@type\":\"NewsArticle\",\"@id\":\"https:\\\/\\\/marieclaire.be\\\/fr\\\/deco-4-diy-recup-en-bois-pour-upgrader-interieur\\\/#article\",\"isPartOf\":{\"@id\":\"https:\\\/\\\/marieclaire.be\\\/fr\\\/deco-4-diy-recup-en-bois-pour-upgrader-interieur\\\/\"},\"author\":{\"name\":\"Marie Claire\",\"@id\":\"https:\\\/\\\/marieclaire.be\\\/fr\\\/#\\\/schema\\\/person\\\/6a5bc4eb4707dbc5cb47d17804a85f8c\"},\"headline\":\"D\u00e9co : 4 DIY r\u00e9cup en bois pour upgrader votre int\u00e9rieur\",\"datePublished\":\"2021-06-28T06:46:18+00:00\",\"mainEntityOfPage\":{\"@id\":\"https:\\\/\\\/marieclaire.be\\\/fr\\\/deco-4-diy-recup-en-bois-pour-upgrader-interieur\\\/\"},\"wordCount\":495,\"publisher\":{\"@id\":\"https:\\\/\\\/marieclaire.be\\\/fr\\\/#organization\"},\"image\":{\"@id\":\"https:\\\/\\\/marieclaire.be\\\/fr\\\/deco-4-diy-recup-en-bois-pour-upgrader-interieur\\\/#primaryimage\"},\"thumbnailUrl\":\"https:\\\/\\\/marieclaire.be\\\/fr\\\/wp-content\\\/uploads\\\/2021\\\/06\\\/horizontale-2.png\",\"keywords\":[\"deco\",\"diy\"],\"articleSection\":[\"D\u00e9co\",\"Lifestyle\"],\"inLanguage\":\"fr-FR\"},{\"@type\":\"WebPage\",\"@id\":\"https:\\\/\\\/marieclaire.be\\\/fr\\\/deco-4-diy-recup-en-bois-pour-upgrader-interieur\\\/\",\"url\":\"https:\\\/\\\/marieclaire.be\\\/fr\\\/deco-4-diy-recup-en-bois-pour-upgrader-interieur\\\/\",\"name\":\"D\u00e9co : 4 DIY r\u00e9cup en bois pour upgrader votre int\u00e9rieur - Marie Claire Belgique\",\"isPartOf\":{\"@id\":\"https:\\\/\\\/marieclaire.be\\\/fr\\\/#website\"},\"primaryImageOfPage\":{\"@id\":\"https:\\\/\\\/marieclaire.be\\\/fr\\\/deco-4-diy-recup-en-bois-pour-upgrader-interieur\\\/#primaryimage\"},\"image\":{\"@id\":\"https:\\\/\\\/marieclaire.be\\\/fr\\\/deco-4-diy-recup-en-bois-pour-upgrader-interieur\\\/#primaryimage\"},\"thumbnailUrl\":\"https:\\\/\\\/marieclaire.be\\\/fr\\\/wp-content\\\/uploads\\\/2021\\\/06\\\/horizontale-2.png\",\"datePublished\":\"2021-06-28T06:46:18+00:00\",\"description\":\"Vous avez du bois \u00e0 n\u2019en plus finir et vous ne savez pas quoi en faire\u00a0? On vous a trouv\u00e9 4 DIY r\u00e9cup pour ugrader votre int\u00e9rieur !\",\"inLanguage\":\"fr-FR\",\"potentialAction\":[{\"@type\":\"ReadAction\",\"target\":[\"https:\\\/\\\/marieclaire.be\\\/fr\\\/deco-4-diy-recup-en-bois-pour-upgrader-interieur\\\/\"]}]},{\"@type\":\"ImageObject\",\"inLanguage\":\"fr-FR\",\"@id\":\"https:\\\/\\\/marieclaire.be\\\/fr\\\/deco-4-diy-recup-en-bois-pour-upgrader-interieur\\\/#primaryimage\",\"url\":\"https:\\\/\\\/marieclaire.be\\\/fr\\\/wp-content\\\/uploads\\\/2021\\\/06\\\/horizontale-2.png\",\"contentUrl\":\"https:\\\/\\\/marieclaire.be\\\/fr\\\/wp-content\\\/uploads\\\/2021\\\/06\\\/horizontale-2.png\",\"width\":1050,\"height\":550,\"caption\":\"Decoce\\\/ Agence Charlotte F\u00e9quet\"},{\"@type\":\"WebSite\",\"@id\":\"https:\\\/\\\/marieclaire.be\\\/fr\\\/#website\",\"url\":\"https:\\\/\\\/marieclaire.be\\\/fr\\\/\",\"name\":\"Marie Claire Belgique\",\"description\":\"Marie Claire Belgique, le magazine du style et de l\u2019intelligence qui parle de mode, des tendances, de la beaut\u00e9, de l\u2019actualit\u00e9 et de la culture\",\"publisher\":{\"@id\":\"https:\\\/\\\/marieclaire.be\\\/fr\\\/#organization\"},\"potentialAction\":[{\"@type\":\"SearchAction\",\"target\":{\"@type\":\"EntryPoint\",\"urlTemplate\":\"https:\\\/\\\/marieclaire.be\\\/fr\\\/?s={search_term_string}\"},\"query-input\":{\"@type\":\"PropertyValueSpecification\",\"valueRequired\":true,\"valueName\":\"search_term_string\"}}],\"inLanguage\":\"fr-FR\"},{\"@type\":\"Organization\",\"@id\":\"https:\\\/\\\/marieclaire.be\\\/fr\\\/#organization\",\"name\":\"Marie Claire\",\"url\":\"https:\\\/\\\/marieclaire.be\\\/fr\\\/\",\"logo\":{\"@type\":\"ImageObject\",\"inLanguage\":\"fr-FR\",\"@id\":\"https:\\\/\\\/marieclaire.be\\\/fr\\\/#\\\/schema\\\/logo\\\/image\\\/\",\"url\":\"https:\\\/\\\/marieclaire.be\\\/fr\\\/wp-content\\\/uploads\\\/2018\\\/05\\\/mc-logo2.png\",\"contentUrl\":\"https:\\\/\\\/marieclaire.be\\\/fr\\\/wp-content\\\/uploads\\\/2018\\\/05\\\/mc-logo2.png\",\"width\":1001,\"height\":189,\"caption\":\"Marie Claire\"},\"image\":{\"@id\":\"https:\\\/\\\/marieclaire.be\\\/fr\\\/#\\\/schema\\\/logo\\\/image\\\/\"},\"sameAs\":[\"https:\\\/\\\/www.facebook.com\\\/MarieClaire.Belgique\\\/\",\"https:\\\/\\\/www.instagram.com\\\/marieclaire_belgique\\\/\",\"https:\\\/\\\/fr.pinterest.com\\\/marieclairebe\\\/\",\"https:\\\/\\\/www.youtube.com\\\/user\\\/BelgiumMarieClaire\"]},{\"@type\":\"Person\",\"@id\":\"https:\\\/\\\/marieclaire.be\\\/fr\\\/#\\\/schema\\\/person\\\/6a5bc4eb4707dbc5cb47d17804a85f8c\",\"name\":\"Marie Claire\",\"image\":{\"@type\":\"ImageObject\",\"inLanguage\":\"fr-FR\",\"@id\":\"https:\\\/\\\/marieclaire.be\\\/fr\\\/wp-content\\\/uploads\\\/2016\\\/11\\\/mclogo-96x96.jpg\",\"url\":\"https:\\\/\\\/marieclaire.be\\\/fr\\\/wp-content\\\/uploads\\\/2016\\\/11\\\/mclogo-96x96.jpg\",\"contentUrl\":\"https:\\\/\\\/marieclaire.be\\\/fr\\\/wp-content\\\/uploads\\\/2016\\\/11\\\/mclogo-96x96.jpg\",\"caption\":\"Marie Claire\"},\"url\":\"https:\\\/\\\/marieclaire.be\\\/fr\\\/author\\\/stagiaire\\\/\"}]}<\/script>\n<!-- \/ Yoast SEO plugin. -->","yoast_head_json":{"title":"D\u00e9co : 4 DIY r\u00e9cup en bois pour upgrader votre int\u00e9rieur - Marie Claire Belgique","description":"Vous avez du bois \u00e0 n\u2019en plus finir et vous ne savez pas quoi en faire\u00a0? On vous a trouv\u00e9 4 DIY r\u00e9cup pour ugrader votre int\u00e9rieur !","robots":{"index":"index","follow":"follow","max-snippet":"max-snippet:-1","max-image-preview":"max-image-preview:large","max-video-preview":"max-video-preview:-1"},"canonical":"https:\/\/marieclaire.be\/fr\/deco-4-diy-recup-en-bois-pour-upgrader-interieur\/","next":"https:\/\/marieclaire.be\/fr\/deco-4-diy-recup-en-bois-pour-upgrader-interieur\/2\/","og_locale":"fr_FR","og_type":"article","og_title":"D\u00e9co : 4 DIY r\u00e9cup en bois pour upgrader votre int\u00e9rieur - Marie Claire Belgique","og_description":"Vous avez du bois \u00e0 n\u2019en plus finir et vous ne savez pas quoi en faire\u00a0? On vous a trouv\u00e9 4 DIY r\u00e9cup pour ugrader votre int\u00e9rieur !","og_url":"https:\/\/marieclaire.be\/fr\/deco-4-diy-recup-en-bois-pour-upgrader-interieur\/","og_site_name":"Marie Claire Belgique","article_publisher":"https:\/\/www.facebook.com\/MarieClaire.Belgique\/","article_published_time":"2021-06-28T06:46:18+00:00","og_image":[{"width":1050,"height":550,"url":"https:\/\/marieclaire.be\/fr\/wp-content\/uploads\/2021\/06\/horizontale-2.png","type":"image\/png"}],"author":"Marie Claire","twitter_misc":{"\u00c9crit par":"Marie Claire","Dur\u00e9e de lecture estim\u00e9e":"2 minutes"},"schema":{"@context":"https:\/\/schema.org","@graph":[{"@type":"NewsArticle","@id":"https:\/\/marieclaire.be\/fr\/deco-4-diy-recup-en-bois-pour-upgrader-interieur\/#article","isPartOf":{"@id":"https:\/\/marieclaire.be\/fr\/deco-4-diy-recup-en-bois-pour-upgrader-interieur\/"},"author":{"name":"Marie Claire","@id":"https:\/\/marieclaire.be\/fr\/#\/schema\/person\/6a5bc4eb4707dbc5cb47d17804a85f8c"},"headline":"D\u00e9co : 4 DIY r\u00e9cup en bois pour upgrader votre int\u00e9rieur","datePublished":"2021-06-28T06:46:18+00:00","mainEntityOfPage":{"@id":"https:\/\/marieclaire.be\/fr\/deco-4-diy-recup-en-bois-pour-upgrader-interieur\/"},"wordCount":495,"publisher":{"@id":"https:\/\/marieclaire.be\/fr\/#organization"},"image":{"@id":"https:\/\/marieclaire.be\/fr\/deco-4-diy-recup-en-bois-pour-upgrader-interieur\/#primaryimage"},"thumbnailUrl":"https:\/\/marieclaire.be\/fr\/wp-content\/uploads\/2021\/06\/horizontale-2.png","keywords":["deco","diy"],"articleSection":["D\u00e9co","Lifestyle"],"inLanguage":"fr-FR"},{"@type":"WebPage","@id":"https:\/\/marieclaire.be\/fr\/deco-4-diy-recup-en-bois-pour-upgrader-interieur\/","url":"https:\/\/marieclaire.be\/fr\/deco-4-diy-recup-en-bois-pour-upgrader-interieur\/","name":"D\u00e9co : 4 DIY r\u00e9cup en bois pour upgrader votre int\u00e9rieur - Marie Claire Belgique","isPartOf":{"@id":"https:\/\/marieclaire.be\/fr\/#website"},"primaryImageOfPage":{"@id":"https:\/\/marieclaire.be\/fr\/deco-4-diy-recup-en-bois-pour-upgrader-interieur\/#primaryimage"},"image":{"@id":"https:\/\/marieclaire.be\/fr\/deco-4-diy-recup-en-bois-pour-upgrader-interieur\/#primaryimage"},"thumbnailUrl":"https:\/\/marieclaire.be\/fr\/wp-content\/uploads\/2021\/06\/horizontale-2.png","datePublished":"2021-06-28T06:46:18+00:00","description":"Vous avez du bois \u00e0 n\u2019en plus finir et vous ne savez pas quoi en faire\u00a0? On vous a trouv\u00e9 4 DIY r\u00e9cup pour ugrader votre int\u00e9rieur !","inLanguage":"fr-FR","potentialAction":[{"@type":"ReadAction","target":["https:\/\/marieclaire.be\/fr\/deco-4-diy-recup-en-bois-pour-upgrader-interieur\/"]}]},{"@type":"ImageObject","inLanguage":"fr-FR","@id":"https:\/\/marieclaire.be\/fr\/deco-4-diy-recup-en-bois-pour-upgrader-interieur\/#primaryimage","url":"https:\/\/marieclaire.be\/fr\/wp-content\/uploads\/2021\/06\/horizontale-2.png","contentUrl":"https:\/\/marieclaire.be\/fr\/wp-content\/uploads\/2021\/06\/horizontale-2.png","width":1050,"height":550,"caption":"Decoce\/ Agence Charlotte F\u00e9quet"},{"@type":"WebSite","@id":"https:\/\/marieclaire.be\/fr\/#website","url":"https:\/\/marieclaire.be\/fr\/","name":"Marie Claire Belgique","description":"Marie Claire Belgique, le magazine du style et de l\u2019intelligence qui parle de mode, des tendances, de la beaut\u00e9, de l\u2019actualit\u00e9 et de la culture","publisher":{"@id":"https:\/\/marieclaire.be\/fr\/#organization"},"potentialAction":[{"@type":"SearchAction","target":{"@type":"EntryPoint","urlTemplate":"https:\/\/marieclaire.be\/fr\/?s={search_term_string}"},"query-input":{"@type":"PropertyValueSpecification","valueRequired":true,"valueName":"search_term_string"}}],"inLanguage":"fr-FR"},{"@type":"Organization","@id":"https:\/\/marieclaire.be\/fr\/#organization","name":"Marie Claire","url":"https:\/\/marieclaire.be\/fr\/","logo":{"@type":"ImageObject","inLanguage":"fr-FR","@id":"https:\/\/marieclaire.be\/fr\/#\/schema\/logo\/image\/","url":"https:\/\/marieclaire.be\/fr\/wp-content\/uploads\/2018\/05\/mc-logo2.png","contentUrl":"https:\/\/marieclaire.be\/fr\/wp-content\/uploads\/2018\/05\/mc-logo2.png","width":1001,"height":189,"caption":"Marie Claire"},"image":{"@id":"https:\/\/marieclaire.be\/fr\/#\/schema\/logo\/image\/"},"sameAs":["https:\/\/www.facebook.com\/MarieClaire.Belgique\/","https:\/\/www.instagram.com\/marieclaire_belgique\/","https:\/\/fr.pinterest.com\/marieclairebe\/","https:\/\/www.youtube.com\/user\/BelgiumMarieClaire"]},{"@type":"Person","@id":"https:\/\/marieclaire.be\/fr\/#\/schema\/person\/6a5bc4eb4707dbc5cb47d17804a85f8c","name":"Marie Claire","image":{"@type":"ImageObject","inLanguage":"fr-FR","@id":"https:\/\/marieclaire.be\/fr\/wp-content\/uploads\/2016\/11\/mclogo-96x96.jpg","url":"https:\/\/marieclaire.be\/fr\/wp-content\/uploads\/2016\/11\/mclogo-96x96.jpg","contentUrl":"https:\/\/marieclaire.be\/fr\/wp-content\/uploads\/2016\/11\/mclogo-96x96.jpg","caption":"Marie Claire"},"url":"https:\/\/marieclaire.be\/fr\/author\/stagiaire\/"}]}},"_links":{"self":[{"href":"https:\/\/marieclaire.be\/fr\/wp-json\/wp\/v2\/posts\/106192","targetHints":{"allow":["GET"]}}],"collection":[{"href":"https:\/\/marieclaire.be\/fr\/wp-json\/wp\/v2\/posts"}],"about":[{"href":"https:\/\/marieclaire.be\/fr\/wp-json\/wp\/v2\/types\/post"}],"author":[{"embeddable":true,"href":"https:\/\/marieclaire.be\/fr\/wp-json\/wp\/v2\/users\/8"}],"replies":[{"embeddable":true,"href":"https:\/\/marieclaire.be\/fr\/wp-json\/wp\/v2\/comments?post=106192"}],"version-history":[{"count":8,"href":"https:\/\/marieclaire.be\/fr\/wp-json\/wp\/v2\/posts\/106192\/revisions"}],"predecessor-version":[{"id":106228,"href":"https:\/\/marieclaire.be\/fr\/wp-json\/wp\/v2\/posts\/106192\/revisions\/106228"}],"wp:featuredmedia":[{"embeddable":true,"href":"https:\/\/marieclaire.be\/fr\/wp-json\/wp\/v2\/media\/106201"}],"wp:attachment":[{"href":"https:\/\/marieclaire.be\/fr\/wp-json\/wp\/v2\/media?parent=106192"}],"wp:term":[{"taxonomy":"category","embeddable":true,"href":"https:\/\/marieclaire.be\/fr\/wp-json\/wp\/v2\/categories?post=106192"},{"taxonomy":"post_tag","embeddable":true,"href":"https:\/\/marieclaire.be\/fr\/wp-json\/wp\/v2\/tags?post=106192"}],"curies":[{"name":"wp","href":"https:\/\/api.w.org\/{rel}","templated":true}]}}