{"id":106137,"date":"2021-06-23T18:24:20","date_gmt":"2021-06-23T16:24:20","guid":{"rendered":"https:\/\/marieclaire.be\/fr\/?p=106137"},"modified":"2021-06-23T18:24:20","modified_gmt":"2021-06-23T16:24:20","slug":"dior-decline-ses-it-bags-iconiques-en-version-mini","status":"publish","type":"post","link":"https:\/\/marieclaire.be\/fr\/dior-decline-ses-it-bags-iconiques-en-version-mini\/","title":{"rendered":"Dior d\u00e9cline ses it-bags iconiques en version mini"},"content":{"rendered":"","protected":false},"excerpt":{"rendered":"Pour le plus grand bonheur des aficionados de la tendance &#8220;micro bag&#8221;, la maison Dior r\u00e9invente les courbes de ses sacs iconiques en version miniature.","protected":false},"author":30,"featured_media":106166,"comment_status":"closed","ping_status":"closed","sticky":false,"template":"","format":"standard","meta":{"_acf_changed":false,"footnotes":""},"categories":[1592,6],"tags":[551,406],"class_list":["post-106137","post","type-post","status-publish","format-standard","has-post-thumbnail","hentry","category-accessoires","category-mode","tag-dior","tag-sac"],"acf":[],"_yoast_wpseo_title":null,"_yoast_wpseo_metadesc":"Avis aux aficionados de la tendance \"micro sac\" : Dior vient de revisiter les plus incontournables de ses mod\u00e8les en mini format !","image_verticale":"106139","yoast_head":"<!-- This site is optimized with the Yoast SEO plugin v27.3 - https:\/\/yoast.com\/product\/yoast-seo-wordpress\/ -->\n<title>Dior d\u00e9cline ses it-bags iconiques en version mini - Marie Claire Belgique<\/title>\n<meta name=\"description\" content=\"Avis aux aficionados de la tendance &quot;micro sac&quot; : Dior vient de revisiter les plus incontournables de ses mod\u00e8les en mini format !\" \/>\n<meta name=\"robots\" content=\"index, follow, max-snippet:-1, max-image-preview:large, max-video-preview:-1\" \/>\n<link rel=\"canonical\" href=\"https:\/\/marieclaire.be\/fr\/dior-decline-ses-it-bags-iconiques-en-version-mini\/\" \/>\n<meta property=\"og:locale\" content=\"fr_FR\" \/>\n<meta property=\"og:type\" content=\"article\" \/>\n<meta property=\"og:title\" content=\"Dior d\u00e9cline ses it-bags iconiques en version mini - Marie Claire Belgique\" \/>\n<meta property=\"og:description\" content=\"Avis aux aficionados de la tendance &quot;micro sac&quot; : Dior vient de revisiter les plus incontournables de ses mod\u00e8les en mini format !\" \/>\n<meta property=\"og:url\" content=\"https:\/\/marieclaire.be\/fr\/dior-decline-ses-it-bags-iconiques-en-version-mini\/\" \/>\n<meta property=\"og:site_name\" content=\"Marie Claire Belgique\" \/>\n<meta property=\"article:publisher\" content=\"https:\/\/www.facebook.com\/MarieClaire.Belgique\/\" \/>\n<meta property=\"article:published_time\" content=\"2021-06-23T16:24:20+00:00\" \/>\n<meta property=\"og:image\" content=\"https:\/\/marieclaire.be\/fr\/wp-content\/uploads\/2021\/06\/dior-micro-2.jpg\" \/>\n\t<meta property=\"og:image:width\" content=\"1200\" \/>\n\t<meta property=\"og:image:height\" content=\"628\" \/>\n\t<meta property=\"og:image:type\" content=\"image\/jpeg\" \/>\n<meta name=\"author\" content=\"Malvine Sevrin\" \/>\n<meta name=\"twitter:label1\" content=\"\u00c9crit par\" \/>\n\t<meta name=\"twitter:data1\" content=\"Malvine Sevrin\" \/>\n\t<meta name=\"twitter:label2\" content=\"Dur\u00e9e de lecture estim\u00e9e\" \/>\n\t<meta name=\"twitter:data2\" content=\"2 minutes\" \/>\n<script type=\"application\/ld+json\" class=\"yoast-schema-graph\">{\"@context\":\"https:\\\/\\\/schema.org\",\"@graph\":[{\"@type\":\"NewsArticle\",\"@id\":\"https:\\\/\\\/marieclaire.be\\\/fr\\\/dior-decline-ses-it-bags-iconiques-en-version-mini\\\/#article\",\"isPartOf\":{\"@id\":\"https:\\\/\\\/marieclaire.be\\\/fr\\\/dior-decline-ses-it-bags-iconiques-en-version-mini\\\/\"},\"author\":{\"name\":\"Malvine Sevrin\",\"@id\":\"https:\\\/\\\/marieclaire.be\\\/fr\\\/#\\\/schema\\\/person\\\/c71bd7a8c3e622513c7531a39292a34e\"},\"headline\":\"Dior d\u00e9cline ses it-bags iconiques en version mini\",\"datePublished\":\"2021-06-23T16:24:20+00:00\",\"mainEntityOfPage\":{\"@id\":\"https:\\\/\\\/marieclaire.be\\\/fr\\\/dior-decline-ses-it-bags-iconiques-en-version-mini\\\/\"},\"wordCount\":425,\"publisher\":{\"@id\":\"https:\\\/\\\/marieclaire.be\\\/fr\\\/#organization\"},\"image\":{\"@id\":\"https:\\\/\\\/marieclaire.be\\\/fr\\\/dior-decline-ses-it-bags-iconiques-en-version-mini\\\/#primaryimage\"},\"thumbnailUrl\":\"https:\\\/\\\/marieclaire.be\\\/fr\\\/wp-content\\\/uploads\\\/2021\\\/06\\\/dior-micro-2.jpg\",\"keywords\":[\"Dior\",\"sac\"],\"articleSection\":[\"Accessoires\",\"Mode\"],\"inLanguage\":\"fr-FR\"},{\"@type\":\"WebPage\",\"@id\":\"https:\\\/\\\/marieclaire.be\\\/fr\\\/dior-decline-ses-it-bags-iconiques-en-version-mini\\\/\",\"url\":\"https:\\\/\\\/marieclaire.be\\\/fr\\\/dior-decline-ses-it-bags-iconiques-en-version-mini\\\/\",\"name\":\"Dior d\u00e9cline ses it-bags iconiques en version mini - Marie Claire Belgique\",\"isPartOf\":{\"@id\":\"https:\\\/\\\/marieclaire.be\\\/fr\\\/#website\"},\"primaryImageOfPage\":{\"@id\":\"https:\\\/\\\/marieclaire.be\\\/fr\\\/dior-decline-ses-it-bags-iconiques-en-version-mini\\\/#primaryimage\"},\"image\":{\"@id\":\"https:\\\/\\\/marieclaire.be\\\/fr\\\/dior-decline-ses-it-bags-iconiques-en-version-mini\\\/#primaryimage\"},\"thumbnailUrl\":\"https:\\\/\\\/marieclaire.be\\\/fr\\\/wp-content\\\/uploads\\\/2021\\\/06\\\/dior-micro-2.jpg\",\"datePublished\":\"2021-06-23T16:24:20+00:00\",\"description\":\"Avis aux aficionados de la tendance \\\"micro sac\\\" : Dior vient de revisiter les plus incontournables de ses mod\u00e8les en mini format !\",\"breadcrumb\":{\"@id\":\"https:\\\/\\\/marieclaire.be\\\/fr\\\/dior-decline-ses-it-bags-iconiques-en-version-mini\\\/#breadcrumb\"},\"inLanguage\":\"fr-FR\",\"potentialAction\":[{\"@type\":\"ReadAction\",\"target\":[\"https:\\\/\\\/marieclaire.be\\\/fr\\\/dior-decline-ses-it-bags-iconiques-en-version-mini\\\/\"]}]},{\"@type\":\"ImageObject\",\"inLanguage\":\"fr-FR\",\"@id\":\"https:\\\/\\\/marieclaire.be\\\/fr\\\/dior-decline-ses-it-bags-iconiques-en-version-mini\\\/#primaryimage\",\"url\":\"https:\\\/\\\/marieclaire.be\\\/fr\\\/wp-content\\\/uploads\\\/2021\\\/06\\\/dior-micro-2.jpg\",\"contentUrl\":\"https:\\\/\\\/marieclaire.be\\\/fr\\\/wp-content\\\/uploads\\\/2021\\\/06\\\/dior-micro-2.jpg\",\"width\":1200,\"height\":628,\"caption\":\"Instagram @teresaandresgonsalvo @aimeeyunyunsun\"},{\"@type\":\"BreadcrumbList\",\"@id\":\"https:\\\/\\\/marieclaire.be\\\/fr\\\/dior-decline-ses-it-bags-iconiques-en-version-mini\\\/#breadcrumb\",\"itemListElement\":[{\"@type\":\"ListItem\",\"position\":1,\"name\":\"Accueil\",\"item\":\"https:\\\/\\\/marieclaire.be\\\/fr\\\/\"},{\"@type\":\"ListItem\",\"position\":2,\"name\":\"Dior d\u00e9cline ses it-bags iconiques en version mini\"}]},{\"@type\":\"WebSite\",\"@id\":\"https:\\\/\\\/marieclaire.be\\\/fr\\\/#website\",\"url\":\"https:\\\/\\\/marieclaire.be\\\/fr\\\/\",\"name\":\"Marie Claire Belgique\",\"description\":\"Marie Claire Belgique, le magazine du style et de l\u2019intelligence qui parle de mode, des tendances, de la beaut\u00e9, de l\u2019actualit\u00e9 et de la culture\",\"publisher\":{\"@id\":\"https:\\\/\\\/marieclaire.be\\\/fr\\\/#organization\"},\"potentialAction\":[{\"@type\":\"SearchAction\",\"target\":{\"@type\":\"EntryPoint\",\"urlTemplate\":\"https:\\\/\\\/marieclaire.be\\\/fr\\\/?s={search_term_string}\"},\"query-input\":{\"@type\":\"PropertyValueSpecification\",\"valueRequired\":true,\"valueName\":\"search_term_string\"}}],\"inLanguage\":\"fr-FR\"},{\"@type\":\"Organization\",\"@id\":\"https:\\\/\\\/marieclaire.be\\\/fr\\\/#organization\",\"name\":\"Marie Claire\",\"url\":\"https:\\\/\\\/marieclaire.be\\\/fr\\\/\",\"logo\":{\"@type\":\"ImageObject\",\"inLanguage\":\"fr-FR\",\"@id\":\"https:\\\/\\\/marieclaire.be\\\/fr\\\/#\\\/schema\\\/logo\\\/image\\\/\",\"url\":\"https:\\\/\\\/marieclaire.be\\\/fr\\\/wp-content\\\/uploads\\\/2018\\\/05\\\/mc-logo2.png\",\"contentUrl\":\"https:\\\/\\\/marieclaire.be\\\/fr\\\/wp-content\\\/uploads\\\/2018\\\/05\\\/mc-logo2.png\",\"width\":1001,\"height\":189,\"caption\":\"Marie Claire\"},\"image\":{\"@id\":\"https:\\\/\\\/marieclaire.be\\\/fr\\\/#\\\/schema\\\/logo\\\/image\\\/\"},\"sameAs\":[\"https:\\\/\\\/www.facebook.com\\\/MarieClaire.Belgique\\\/\",\"https:\\\/\\\/www.instagram.com\\\/marieclaire_belgique\\\/\",\"https:\\\/\\\/fr.pinterest.com\\\/marieclairebe\\\/\",\"https:\\\/\\\/www.youtube.com\\\/user\\\/BelgiumMarieClaire\"]},{\"@type\":\"Person\",\"@id\":\"https:\\\/\\\/marieclaire.be\\\/fr\\\/#\\\/schema\\\/person\\\/c71bd7a8c3e622513c7531a39292a34e\",\"name\":\"Malvine Sevrin\",\"image\":{\"@type\":\"ImageObject\",\"inLanguage\":\"fr-FR\",\"@id\":\"https:\\\/\\\/marieclaire.be\\\/fr\\\/wp-content\\\/uploads\\\/2017\\\/05\\\/capture-decran-2024-02-13-a-145920-96x96.png\",\"url\":\"https:\\\/\\\/marieclaire.be\\\/fr\\\/wp-content\\\/uploads\\\/2017\\\/05\\\/capture-decran-2024-02-13-a-145920-96x96.png\",\"contentUrl\":\"https:\\\/\\\/marieclaire.be\\\/fr\\\/wp-content\\\/uploads\\\/2017\\\/05\\\/capture-decran-2024-02-13-a-145920-96x96.png\",\"caption\":\"Malvine Sevrin\"},\"description\":\"Des podiums parisiens aux derni\u00e8res nouveaut\u00e9s skincare qui enflamment TikTok, je d\u00e9crypte les tendances pour Marie Claire Belgique. Passionn\u00e9e de voyage, de mode et de beaut\u00e9, je partage mes coups de coeur d\u00e9nich\u00e9s aux quatre coins du globe. En tant que r\u00e9dactrice en chef digital, j'ai \u00e9galement \u00e0 coeur de mettre en lumi\u00e8re les histoires inspirantes de femmes \u00e0 travers notre site et sur nos r\u00e9seaux sociaux.\",\"sameAs\":[\"https:\\\/\\\/www.instagram.com\\\/malvinesev\\\/\"],\"url\":\"https:\\\/\\\/marieclaire.be\\\/fr\\\/author\\\/malvine\\\/\"}]}<\/script>\n<!-- \/ Yoast SEO plugin. -->","yoast_head_json":{"title":"Dior d\u00e9cline ses it-bags iconiques en version mini - Marie Claire Belgique","description":"Avis aux aficionados de la tendance \"micro sac\" : Dior vient de revisiter les plus incontournables de ses mod\u00e8les en mini format !","robots":{"index":"index","follow":"follow","max-snippet":"max-snippet:-1","max-image-preview":"max-image-preview:large","max-video-preview":"max-video-preview:-1"},"canonical":"https:\/\/marieclaire.be\/fr\/dior-decline-ses-it-bags-iconiques-en-version-mini\/","og_locale":"fr_FR","og_type":"article","og_title":"Dior d\u00e9cline ses it-bags iconiques en version mini - Marie Claire Belgique","og_description":"Avis aux aficionados de la tendance \"micro sac\" : Dior vient de revisiter les plus incontournables de ses mod\u00e8les en mini format !","og_url":"https:\/\/marieclaire.be\/fr\/dior-decline-ses-it-bags-iconiques-en-version-mini\/","og_site_name":"Marie Claire Belgique","article_publisher":"https:\/\/www.facebook.com\/MarieClaire.Belgique\/","article_published_time":"2021-06-23T16:24:20+00:00","og_image":[{"width":1200,"height":628,"url":"https:\/\/marieclaire.be\/fr\/wp-content\/uploads\/2021\/06\/dior-micro-2.jpg","type":"image\/jpeg"}],"author":"Malvine Sevrin","twitter_misc":{"\u00c9crit par":"Malvine Sevrin","Dur\u00e9e de lecture estim\u00e9e":"2 minutes"},"schema":{"@context":"https:\/\/schema.org","@graph":[{"@type":"NewsArticle","@id":"https:\/\/marieclaire.be\/fr\/dior-decline-ses-it-bags-iconiques-en-version-mini\/#article","isPartOf":{"@id":"https:\/\/marieclaire.be\/fr\/dior-decline-ses-it-bags-iconiques-en-version-mini\/"},"author":{"name":"Malvine Sevrin","@id":"https:\/\/marieclaire.be\/fr\/#\/schema\/person\/c71bd7a8c3e622513c7531a39292a34e"},"headline":"Dior d\u00e9cline ses it-bags iconiques en version mini","datePublished":"2021-06-23T16:24:20+00:00","mainEntityOfPage":{"@id":"https:\/\/marieclaire.be\/fr\/dior-decline-ses-it-bags-iconiques-en-version-mini\/"},"wordCount":425,"publisher":{"@id":"https:\/\/marieclaire.be\/fr\/#organization"},"image":{"@id":"https:\/\/marieclaire.be\/fr\/dior-decline-ses-it-bags-iconiques-en-version-mini\/#primaryimage"},"thumbnailUrl":"https:\/\/marieclaire.be\/fr\/wp-content\/uploads\/2021\/06\/dior-micro-2.jpg","keywords":["Dior","sac"],"articleSection":["Accessoires","Mode"],"inLanguage":"fr-FR"},{"@type":"WebPage","@id":"https:\/\/marieclaire.be\/fr\/dior-decline-ses-it-bags-iconiques-en-version-mini\/","url":"https:\/\/marieclaire.be\/fr\/dior-decline-ses-it-bags-iconiques-en-version-mini\/","name":"Dior d\u00e9cline ses it-bags iconiques en version mini - Marie Claire Belgique","isPartOf":{"@id":"https:\/\/marieclaire.be\/fr\/#website"},"primaryImageOfPage":{"@id":"https:\/\/marieclaire.be\/fr\/dior-decline-ses-it-bags-iconiques-en-version-mini\/#primaryimage"},"image":{"@id":"https:\/\/marieclaire.be\/fr\/dior-decline-ses-it-bags-iconiques-en-version-mini\/#primaryimage"},"thumbnailUrl":"https:\/\/marieclaire.be\/fr\/wp-content\/uploads\/2021\/06\/dior-micro-2.jpg","datePublished":"2021-06-23T16:24:20+00:00","description":"Avis aux aficionados de la tendance \"micro sac\" : Dior vient de revisiter les plus incontournables de ses mod\u00e8les en mini format !","breadcrumb":{"@id":"https:\/\/marieclaire.be\/fr\/dior-decline-ses-it-bags-iconiques-en-version-mini\/#breadcrumb"},"inLanguage":"fr-FR","potentialAction":[{"@type":"ReadAction","target":["https:\/\/marieclaire.be\/fr\/dior-decline-ses-it-bags-iconiques-en-version-mini\/"]}]},{"@type":"ImageObject","inLanguage":"fr-FR","@id":"https:\/\/marieclaire.be\/fr\/dior-decline-ses-it-bags-iconiques-en-version-mini\/#primaryimage","url":"https:\/\/marieclaire.be\/fr\/wp-content\/uploads\/2021\/06\/dior-micro-2.jpg","contentUrl":"https:\/\/marieclaire.be\/fr\/wp-content\/uploads\/2021\/06\/dior-micro-2.jpg","width":1200,"height":628,"caption":"Instagram @teresaandresgonsalvo @aimeeyunyunsun"},{"@type":"BreadcrumbList","@id":"https:\/\/marieclaire.be\/fr\/dior-decline-ses-it-bags-iconiques-en-version-mini\/#breadcrumb","itemListElement":[{"@type":"ListItem","position":1,"name":"Accueil","item":"https:\/\/marieclaire.be\/fr\/"},{"@type":"ListItem","position":2,"name":"Dior d\u00e9cline ses it-bags iconiques en version mini"}]},{"@type":"WebSite","@id":"https:\/\/marieclaire.be\/fr\/#website","url":"https:\/\/marieclaire.be\/fr\/","name":"Marie Claire Belgique","description":"Marie Claire Belgique, le magazine du style et de l\u2019intelligence qui parle de mode, des tendances, de la beaut\u00e9, de l\u2019actualit\u00e9 et de la culture","publisher":{"@id":"https:\/\/marieclaire.be\/fr\/#organization"},"potentialAction":[{"@type":"SearchAction","target":{"@type":"EntryPoint","urlTemplate":"https:\/\/marieclaire.be\/fr\/?s={search_term_string}"},"query-input":{"@type":"PropertyValueSpecification","valueRequired":true,"valueName":"search_term_string"}}],"inLanguage":"fr-FR"},{"@type":"Organization","@id":"https:\/\/marieclaire.be\/fr\/#organization","name":"Marie Claire","url":"https:\/\/marieclaire.be\/fr\/","logo":{"@type":"ImageObject","inLanguage":"fr-FR","@id":"https:\/\/marieclaire.be\/fr\/#\/schema\/logo\/image\/","url":"https:\/\/marieclaire.be\/fr\/wp-content\/uploads\/2018\/05\/mc-logo2.png","contentUrl":"https:\/\/marieclaire.be\/fr\/wp-content\/uploads\/2018\/05\/mc-logo2.png","width":1001,"height":189,"caption":"Marie Claire"},"image":{"@id":"https:\/\/marieclaire.be\/fr\/#\/schema\/logo\/image\/"},"sameAs":["https:\/\/www.facebook.com\/MarieClaire.Belgique\/","https:\/\/www.instagram.com\/marieclaire_belgique\/","https:\/\/fr.pinterest.com\/marieclairebe\/","https:\/\/www.youtube.com\/user\/BelgiumMarieClaire"]},{"@type":"Person","@id":"https:\/\/marieclaire.be\/fr\/#\/schema\/person\/c71bd7a8c3e622513c7531a39292a34e","name":"Malvine Sevrin","image":{"@type":"ImageObject","inLanguage":"fr-FR","@id":"https:\/\/marieclaire.be\/fr\/wp-content\/uploads\/2017\/05\/capture-decran-2024-02-13-a-145920-96x96.png","url":"https:\/\/marieclaire.be\/fr\/wp-content\/uploads\/2017\/05\/capture-decran-2024-02-13-a-145920-96x96.png","contentUrl":"https:\/\/marieclaire.be\/fr\/wp-content\/uploads\/2017\/05\/capture-decran-2024-02-13-a-145920-96x96.png","caption":"Malvine Sevrin"},"description":"Des podiums parisiens aux derni\u00e8res nouveaut\u00e9s skincare qui enflamment TikTok, je d\u00e9crypte les tendances pour Marie Claire Belgique. Passionn\u00e9e de voyage, de mode et de beaut\u00e9, je partage mes coups de coeur d\u00e9nich\u00e9s aux quatre coins du globe. En tant que r\u00e9dactrice en chef digital, j'ai \u00e9galement \u00e0 coeur de mettre en lumi\u00e8re les histoires inspirantes de femmes \u00e0 travers notre site et sur nos r\u00e9seaux sociaux.","sameAs":["https:\/\/www.instagram.com\/malvinesev\/"],"url":"https:\/\/marieclaire.be\/fr\/author\/malvine\/"}]}},"_links":{"self":[{"href":"https:\/\/marieclaire.be\/fr\/wp-json\/wp\/v2\/posts\/106137","targetHints":{"allow":["GET"]}}],"collection":[{"href":"https:\/\/marieclaire.be\/fr\/wp-json\/wp\/v2\/posts"}],"about":[{"href":"https:\/\/marieclaire.be\/fr\/wp-json\/wp\/v2\/types\/post"}],"author":[{"embeddable":true,"href":"https:\/\/marieclaire.be\/fr\/wp-json\/wp\/v2\/users\/30"}],"replies":[{"embeddable":true,"href":"https:\/\/marieclaire.be\/fr\/wp-json\/wp\/v2\/comments?post=106137"}],"version-history":[{"count":10,"href":"https:\/\/marieclaire.be\/fr\/wp-json\/wp\/v2\/posts\/106137\/revisions"}],"predecessor-version":[{"id":106167,"href":"https:\/\/marieclaire.be\/fr\/wp-json\/wp\/v2\/posts\/106137\/revisions\/106167"}],"wp:featuredmedia":[{"embeddable":true,"href":"https:\/\/marieclaire.be\/fr\/wp-json\/wp\/v2\/media\/106166"}],"wp:attachment":[{"href":"https:\/\/marieclaire.be\/fr\/wp-json\/wp\/v2\/media?parent=106137"}],"wp:term":[{"taxonomy":"category","embeddable":true,"href":"https:\/\/marieclaire.be\/fr\/wp-json\/wp\/v2\/categories?post=106137"},{"taxonomy":"post_tag","embeddable":true,"href":"https:\/\/marieclaire.be\/fr\/wp-json\/wp\/v2\/tags?post=106137"}],"curies":[{"name":"wp","href":"https:\/\/api.w.org\/{rel}","templated":true}]}}